{"id":12158,"date":"2021-05-01T16:41:57","date_gmt":"2021-05-01T13:41:57","guid":{"rendered":"http:\/\/akdenizolaygazetesi.com\/?p=12158"},"modified":"2021-05-01T16:43:48","modified_gmt":"2021-05-01T13:43:48","slug":"yilmaz-guney-parki-modern-bir-kompleks-tesise-donusuyor","status":"publish","type":"post","link":"https:\/\/akdenizolaygazetesi.com\/?p=12158","title":{"rendered":"Y\u0131lmaz G\u00fcney Park\u0131, modern bir kompleks tesise d\u00f6n\u00fc\u015f\u00fcyor"},"content":{"rendered":"<p>Ba\u015fkan G\u00fcltak; Y\u0131lmaz G\u00fcney Park\u0131 ile \u00c7ay ve Karacailyas mahallelerinde bulunan spor tesislerini ziyaret etti. Bu tesislerde devam eden yenileme \u00e7al\u0131\u015fmalar\u0131n\u0131 yerinde inceleyerek yetkililerden bilgi alan Ba\u015fkan G\u00fcltak; \u201cAkdeniz\u2019i sporun merkezi haline d\u00f6n\u00fc\u015ft\u00fcrmek i\u00e7in bir yandan mevcut tesislerimizi yeniliyor, di\u011fer yandan da il\u00e7emize yeni tesisler kazand\u0131rmak i\u00e7in aral\u0131ks\u0131z \u00e7al\u0131\u015f\u0131yoruz\u201d dedi.<br \/>\nY\u0131lmaz G\u00fcney Park\u0131, modern bir kompleks tesise d\u00f6n\u00fc\u015f\u00fcyor<br \/>\nKapsaml\u0131 yenileme ve tadilat \u00e7al\u0131\u015fmalar\u0131 ba\u015flayan Y\u0131lmaz G\u00fcney Gen\u00e7lik ve E\u011fitim Merkezi\u2019ni ziyaret eden Akdeniz Belediye Ba\u015fkan\u0131 M. Mustafa G\u00fcltak, burada yapt\u0131\u011f\u0131 a\u00e7\u0131klamada; \u201cHer y\u00f6n\u00fcyle \u015f\u0131k bir tesis ortaya \u00e7\u0131karmak amac\u0131yla yenileme \u00e7al\u0131\u015fmalar\u0131na ba\u015flad\u0131\u011f\u0131m\u0131z Y\u0131lmaz G\u00fcney Park\u0131\u2019nda incelemelerde bulunduk. Ge\u00e7mi\u015fte at\u0131l b\u0131rak\u0131lan park\u0131m\u0131z\u0131; modern bir spor merkezinin yan\u0131 s\u0131ra, \u00e7ocuklar\u0131m\u0131z i\u00e7in bir e\u011fitim merkezine de d\u00f6n\u00fc\u015ft\u00fcr\u00fcyoruz. Tesisimizdeki yenileme bittikten sonra \u00e7ocuklar\u0131m\u0131z\u0131n y\u00fczme \u00f6\u011frenebilece\u011fi yar\u0131 olimpik bir havuz, keyifli zamanlar ge\u00e7irebilecekleri kafe, spor alanlar\u0131 ve et\u00fct merkezi yer alacak. Projede eme\u011fi ge\u00e7en herkese te\u015fekk\u00fcr ediyorum\u201d dedi.<br \/>\n\u00c7ay ve Karacailyas spor tesislerini ziyaret<br \/>\nBa\u015fkan G\u00fcltak, ayr\u0131ca \u00c7ay ve Karacailyas mahallelerinde bulunan ve belediye ekipleri taraf\u0131ndan yenileme \u00e7al\u0131\u015fmalar\u0131 devam eden spor tesislerinde de incelemelerde bulundu. Ba\u015fkan G\u00fcltak, yapt\u0131\u011f\u0131 a\u00e7\u0131klamada; \u201c\u00c7ay ve Karacailyas mahallelerimizde bulunan spor tesislerinde de kapsaml\u0131 yenileme ve tadilat \u00e7al\u0131\u015fmas\u0131 ba\u015flatt\u0131k. Akdeniz\u2019i sporun merkezi yapmak, spor tesislerimizin say\u0131s\u0131n\u0131 artt\u0131rarak, her kesimden daha fazla insan\u0131m\u0131z\u0131 sporla bulu\u015fturmak i\u00e7in t\u00fcm imk\u00e2nlar\u0131m\u0131z\u0131 kullan\u0131yoruz\u201d diye konu\u015ftu.<br \/>\nBa\u015fkan Mustafa G\u00fcltak\u2019\u0131n; Y\u0131lmaz G\u00fcney Park\u0131, \u00c7ay ve Karacialyas spor tesislerini ziyaretine, AK Parti Akdeniz \u0130l\u00e7e Ba\u015fkan\u0131 Emin Gen\u00e7, Ba\u015fkan Yard\u0131mc\u0131s\u0131 Mustafa Arslan, Akdeniz Belediye Meclis \u00fcyesi Ayd\u0131n E\u011fin, birim m\u00fcd\u00fcrleri, \u00c7ilek Mahallesi Muhtar\u0131 Selim Tomak ve \u00c7ay Mahallesi Muhtar\u0131 Ahmet Akyol da kat\u0131ld\u0131.<\/p>\n","protected":false},"excerpt":{"rendered":"<p>Ba\u015fkan G\u00fcltak; Y\u0131lmaz G\u00fcney Park\u0131 ile \u00c7ay ve Karacailyas mahallelerinde bulunan spor tesislerini ziyaret etti. Bu tesislerde devam eden yenileme \u00e7al\u0131\u015fmalar\u0131n\u0131 yerinde inceleyerek yetkililerden bilgi alan Ba\u015fkan G\u00fcltak; \u201cAkdeniz\u2019i sporun &hellip; <a href=\"https:\/\/akdenizolaygazetesi.com\/?p=12158\" class=\"more-link\">Devam\u0131n\u0131 Oku&#8230;<\/a><\/p>\n","protected":false},"author":2,"featured_media":12162,"comment_status":"open","ping_status":"open","sticky":false,"template":"","format":"standard","meta":[],"categories":[1,3,10],"tags":[],"_links":{"self":[{"href":"https:\/\/akdenizolaygazetesi.com\/index.php?rest_route=\/wp\/v2\/posts\/12158"}],"collection":[{"href":"https:\/\/akdenizolaygazetesi.com\/index.php?rest_route=\/wp\/v2\/posts"}],"about":[{"href":"https:\/\/akdenizolaygazetesi.com\/index.php?rest_route=\/wp\/v2\/types\/post"}],"author":[{"embeddable":true,"href":"https:\/\/akdenizolaygazetesi.com\/index.php?rest_route=\/wp\/v2\/users\/2"}],"replies":[{"embeddable":true,"href":"https:\/\/akdenizolaygazetesi.com\/index.php?rest_route=%2Fwp%2Fv2%2Fcomments&post=12158"}],"version-history":[{"count":2,"href":"https:\/\/akdenizolaygazetesi.com\/index.php?rest_route=\/wp\/v2\/posts\/12158\/revisions"}],"predecessor-version":[{"id":12163,"href":"https:\/\/akdenizolaygazetesi.com\/index.php?rest_route=\/wp\/v2\/posts\/12158\/revisions\/12163"}],"wp:featuredmedia":[{"embeddable":true,"href":"https:\/\/akdenizolaygazetesi.com\/index.php?rest_route=\/wp\/v2\/media\/12162"}],"wp:attachment":[{"href":"https:\/\/akdenizolaygazetesi.com\/index.php?rest_route=%2Fwp%2Fv2%2Fmedia&parent=12158"}],"wp:term":[{"taxonomy":"category","embeddable":true,"href":"https:\/\/akdenizolaygazetesi.com\/index.php?rest_route=%2Fwp%2Fv2%2Fcategories&post=12158"},{"taxonomy":"post_tag","embeddable":true,"href":"https:\/\/akdenizolaygazetesi.com\/index.php?rest_route=%2Fwp%2Fv2%2Ftags&post=12158"}],"curies":[{"name":"wp","href":"https:\/\/api.w.org\/{rel}","templated":true}]}}