{"id":12168,"date":"2021-05-02T10:43:52","date_gmt":"2021-05-02T07:43:52","guid":{"rendered":"http:\/\/akdenizolaygazetesi.com\/?p=12168"},"modified":"2021-05-02T10:44:36","modified_gmt":"2021-05-02T07:44:36","slug":"mersin-buyuksehir-sari-limonlari-sefere-baslatti-vatandas-memnun-kaldi","status":"publish","type":"post","link":"https:\/\/akdenizolaygazetesi.com\/?p=12168","title":{"rendered":"MERS\u0130N B\u00dcY\u00dcK\u015eEH\u0130R \u201cSARI L\u0130MONLARI\u201d SEFERE BA\u015eLATTI, VATANDA\u015e MEMNUN KALDI"},"content":{"rendered":"<p>Mersin B\u00fcy\u00fck\u015fehir Belediyesi Ula\u015f\u0131m Dairesi b\u00fcnyesine kazand\u0131r\u0131lan CNG yak\u0131tl\u0131 87 yeni otob\u00fcs\u00fcn 30 ara\u00e7l\u0131k ilk partisi kente ula\u015ft\u0131. B\u00fcy\u00fck\u015fehir Belediye Ba\u015fkan\u0131 Vahap Se\u00e7er\u2019in kat\u0131l\u0131m\u0131yla anahtar teslim t\u00f6reni yap\u0131lan \u2018Sar\u0131 Limonlar\u2019, Adanal\u0131o\u011flu\u2019ndan Tece\u2019ye kadar \u00e7ok say\u0131da noktada sefere ba\u015flad\u0131. Vatanda\u015flar\u0131n yo\u011fun ilgisiyle kar\u015f\u0131lanan \u2018Sar\u0131 Limonlar\u2019 tam kapanma s\u00fcrecinde de soka\u011fa \u00e7\u0131kma muafiyeti bulunan vatanda\u015flar i\u00e7in seferlerini s\u00fcrd\u00fcrecek.<\/p>\n<p>\u201cBen toplu ta\u015f\u0131may\u0131 sosyal belediyecilik kapsam\u0131nda g\u00f6r\u00fcyorum\u201d<\/p>\n<p>B\u00fcy\u00fck\u015fehir Belediye Ba\u015fkan\u0131 Vahap Se\u00e7er, 30 arac\u0131n anahtar teslim t\u00f6reninde yapt\u0131\u011f\u0131 konu\u015fmada, \u201cBen toplu ta\u015f\u0131may\u0131 sosyal belediyecilik kapsam\u0131nda g\u00f6r\u00fcyorum. Toplu ta\u015f\u0131ma ticari bir faaliyet olarak g\u00f6r\u00fclmemeli. Bir Belediye Ba\u015fkan\u0131 olarak biz bunu bir hizmet olarak g\u00f6r\u00fcyoruz\u201d demi\u015fti. Ba\u015fkan Se\u00e7er, geri kalan 57 otob\u00fcsle ilgili yapt\u0131\u011f\u0131 a\u00e7\u0131klamada ise \u015funlar\u0131 s\u00f6ylemi\u015fti:<\/p>\n<p>\u201c\u015eimdi 30\u2019u geldi. 19 May\u0131s\u2019a kadar ilk etaptan kalan 43 adetlik k\u0131s\u0131m gelecek. Daha sonra i\u015f art\u0131\u015f\u0131 yapm\u0131\u015ft\u0131k biliyorsunuz; kalan k\u0131s\u0131m da Eyl\u00fcl ay\u0131 sonuna kadar. Yani 87 arac\u0131m\u0131z parti parti olmak \u00fczere Nisan\u2019da 30, 43\u2019\u00fc May\u0131s ay\u0131 i\u00e7erisinde ve i\u015f art\u0131\u015f\u0131ndan yeni edindi\u011fimiz ara\u00e7lar\u0131m\u0131z yani toplamda 14 ara\u00e7 daha Eyl\u00fcl ay\u0131yla beraber filomuza kat\u0131lacak.\u201d<\/p>\n<p>\u201c30 arac\u0131m\u0131zla hizmete ba\u015flam\u0131\u015f bulunmaktay\u0131z\u201d<\/p>\n<p>Yap\u0131lan anket sonucu halk\u0131n oylar\u0131yla sar\u0131 rengi alan ve \u2018Limon\u2019 ad\u0131 verilen otob\u00fcsler seferlere ba\u015flad\u0131. Ula\u015f\u0131m Dairesi Ba\u015fkanl\u0131\u011f\u0131 Toplu Ta\u015f\u0131ma \u015eube M\u00fcd\u00fcr\u00fc Bayram Demir, \u201cToplamda 87 tane ileri teknoloji, rahat s\u00fcr\u00fc\u015fl\u00fc, konforlu ara\u00e7lar\u0131m\u0131z envanterimize kat\u0131lm\u0131\u015f olacak. 30 arac\u0131m\u0131zla hizmete ba\u015flam\u0131\u015f bulunmaktay\u0131z. \u015eehrimizin b\u00fct\u00fcn noktalar\u0131na \u015fu anda 2\u2019\u015fer, 3\u2019er tane g\u00f6nderdik. Halk\u0131m\u0131z yeni otob\u00fcslerimizle tan\u0131\u015fm\u0131\u015f durumda\u201d dedi.<\/p>\n<p>\u201cTam kapanmada ara\u00e7lar\u0131m\u0131z \u00e7al\u0131\u015fmaya devam edecek\u201d<\/p>\n<p>Demir, tam kapanma s\u00fcrecinde de hizmete devam edeceklerini belirterek, \u201cTam kapanmada ara\u00e7lar\u0131m\u0131z azalt\u0131lm\u0131\u015f seferlerle \u00e7al\u0131\u015fmaya devam edecek. \u00d6zellikle soka\u011fa \u00e7\u0131kma muafiyeti olan vatanda\u015flar\u0131m\u0131z\u0131 i\u015f yerine g\u00f6t\u00fcrmek ve eve g\u00f6t\u00fcrmek maksad\u0131yla onlara da toplu ta\u015f\u0131ma hizmeti vermeye devam edece\u011fiz. Bu hizmeti de yine bu ara\u00e7larla verece\u011fiz\u201d dedi.<\/p>\n<p>\u201cS\u00fcrmesi \u00e7ok zevkli\u201d<\/p>\n<p>Otob\u00fcs \u015fof\u00f6r\u00fc kad\u0131nlardan Fatma Okkan, limon otob\u00fcslerde \u015fof\u00f6r ve yolcu g\u00fcvenli\u011fi i\u00e7in t\u00fcm \u00f6nlemlerin al\u0131nd\u0131\u011f\u0131n\u0131, daha konforlu ve teknolojik donan\u0131ma sahip yeni ara\u00e7larla keyifli bir s\u00fcr\u00fc\u015f deneyimi ya\u015fad\u0131klar\u0131n\u0131 vurgulayarak, \u201c\u00d6nce Ba\u015fkan\u0131m\u0131za te\u015fekk\u00fcr ediyoruz. Eski arabalar\u0131m\u0131z \u00e7ok ar\u0131za yap\u0131yordu, yolda kald\u0131\u011f\u0131m\u0131z oluyordu. \u015eimdi Allah\u2019\u0131n izniyle yolcular\u0131m\u0131z\u0131 daha iyi ta\u015f\u0131yaca\u011f\u0131z, daha memnun kalacaklar. S\u00fcrmesi \u00e7ok zevkli. Ben zevkle s\u00fcr\u00fcyorum yani. Biz de memnun kald\u0131k zaten. Herkese hay\u0131rl\u0131 olsun\u201d diye konu\u015ftu.<\/p>\n<p>\u201cYeni ara\u00e7lar\u0131m\u0131z konforlu\u201d<\/p>\n<p>Otob\u00fcs \u015fof\u00f6r\u00fc kad\u0131nlardan \u015eeng\u00fcl Ata ise i\u015fini \u00e7ok sevdi\u011fini belirterek, \u201cBeni okutmad\u0131klar\u0131 i\u00e7in bu i\u015fe daha \u00e7ok ba\u011fland\u0131m, daha \u00e7ok sevdim. Bu \u015fans bana verildi. Ba\u015fkan\u0131m\u0131za binlerce \u015f\u00fck\u00fcrler olsun. \u00c7ocu\u011fum ni\u015fan yapt\u0131. Ben buradan onu evlendirece\u011fim. Onlar i\u00e7in \u00e7al\u0131\u015f\u0131yorum, onlar i\u00e7in var\u0131m. Vatanda\u015flar\u0131n da mutlu olduklar\u0131n\u0131 g\u00f6r\u00fcyoruz. Bunu dile getiriyorlar. Direksiyonda kad\u0131n olmas\u0131, arabalar\u0131m\u0131z\u0131n yeni olmas\u0131, konforlu olmas\u0131 onlar\u0131 mutlu ediyor. Biz de daha mutlu oluyoruz. Eski arabalar\u0131m\u0131zda \u00e7ok g\u00fcr\u00fclt\u00fcl\u00fcyd\u00fc ve kullan\u0131\u015f \u015fekli zordu. Yeni ara\u00e7lar\u0131m\u0131z konforlu, g\u00fczel g\u00f6r\u00fcn\u00fcml\u00fc. Vatanda\u015f\u0131m\u0131za hizmetimiz daha g\u00fczel\u201d ifadelerini kulland\u0131.<\/p>\n<p>\u201cSabah ilk sefere bu ara\u00e7la ben \u00e7\u0131kt\u0131m\u201d<\/p>\n<p>\u2018Sar\u0131 Limonlar\u2019\u0131n ilk seferine \u00e7\u0131kan \u015fof\u00f6r Ferhat Bolat oldu. Bolat, idaresinde bulunan \u2018Sar\u0131 Limon\u2019un ilk yolcular\u0131ndan olumlu geri d\u00f6n\u00fc\u015fler ald\u0131\u011f\u0131n\u0131 vurgulayarak, \u201cVatanda\u015flardan da \u00e7ok g\u00fczel tepki ald\u0131k. \u00c7ok memnunlar. \u00d6zellikle ben \u015fof\u00f6r olarak \u00e7ok memnunum. Sessiz, konforlu, yeni nesil ara\u00e7. Aradaki fark \u015fu, birincisi arac\u0131n \u00f6zellikle hem yolcu hem \u015fof\u00f6r olarak sessiz \u00e7al\u0131\u015fmas\u0131, do\u011falgazl\u0131 olu\u015fu, CNG sisteminin olu\u015fu. \u0130kincisi yeni nesil ara\u00e7 oldu\u011fu i\u00e7in daha detayl\u0131, daha konforlu \u00f6zellikler eklenmi\u015f araca. Yani seyir halindeyken bile sanki gitmiyormu\u015fsunuz gibi bir durum oluyor. Kentimize hay\u0131rl\u0131 olsun\u201d dedi.<\/p>\n<p>\u201cArac\u0131n donan\u0131mlar\u0131 \u00e7ok iyi\u201d<\/p>\n<p>\u015eof\u00f6rlerden Ertan Ersan da konforlu, sessiz ve teknolojik donan\u0131ma sahip otob\u00fcslerle seferlere ba\u015flad\u0131klar\u0131n\u0131 kaydetti. Ersan, \u201cWi-Fi ba\u011flant\u0131s\u0131 var, yolcular\u0131m\u0131z internete ba\u011flanabiliyor. Kamera sistemleri iyi. Yan kamera, arka kamera, \u00f6n kamera. Kaza an\u0131nda, \u015ferit de\u011fi\u015ftirme anlam\u0131nda bize uyar\u0131 veriyor. Klimas\u0131 gayet g\u00fczel. Mersin s\u0131caklar\u0131nda klimalar bazen sorun \u00e7\u0131kart\u0131yordu. Bu arac\u0131n klimas\u0131 gayet so\u011fuk ve iyi veriyor. \u015eof\u00f6r kabininde de ayr\u0131 bir klima \u00f6zelli\u011fi var. Arac\u0131n donan\u0131mlar\u0131 \u00e7ok iyi\u201d dedi.<\/p>\n<p>\u201cVahap Se\u00e7er hizmete hizmet kat\u0131yor\u201d<\/p>\n<p>\u2018Sar\u0131 Limonlar\u2019\u0131n yolcular\u0131ndan \u00d6zcan Da\u015f\u0131y\u0131c\u0131, kendisinin de yap\u0131lan ankette sar\u0131 rengi oylad\u0131\u011f\u0131n\u0131 belirterek, \u201cBen bu otob\u00fcslerin rengi i\u00e7in siteye girip sar\u0131 olmas\u0131n\u0131 istemi\u015ftim. Sar\u0131 olmu\u015f. Vahap Se\u00e7er\u2019e te\u015fekk\u00fcr ederim. Hizmete hizmet kat\u0131yor. Allah yolunu a\u00e7\u0131k etsin. Mersin i\u00e7in yap\u0131lacak her \u015feyi yap\u0131yor, te\u015fekk\u00fcr ediyoruz kendisine. Vahap Se\u00e7er her \u015feyi d\u00fc\u015f\u00fcn\u00fcyor, kendisini alk\u0131\u015fl\u0131yorum\u201d dedi. Ara\u00e7lardan memnuniyetini dile getiren Da\u015f\u0131y\u0131c\u0131, \u201c\u00c7ok konforlu. Hem oturacak yeri daha \u00e7ok. Mesela bir \u00f6nceki otob\u00fcste bizi almam\u0131\u015ft\u0131 kaptan hakl\u0131 olarak, yer yoktu. Ama bunun oturacak yeri de \u00e7ok. \u0130\u00e7i de \u00e7ok g\u00fczel, \u00e7ok l\u00fcks\u201d dedi. Da\u015f\u0131y\u0131c\u0131, arac\u0131n USB \u015farj \u00f6zelli\u011fini de incelerek, \u201cTelefon \u015farj\u0131. Buradan \u015farja tak\u0131yoruz telefonumuzu. Hizmette s\u0131n\u0131r yok\u201d diye konu\u015ftu.<\/p>\n<p>\u201c\u00c7ok be\u011fendim, Allah kaza bela vermesin\u201d<\/p>\n<p>Yolculardan Kamile Kunta\u015f da yeni otob\u00fcsleri \u00e7ok be\u011fendi\u011fini anlatarak, \u201cBen \u00e7ok be\u011fendim. Allah kaza bela vermesin. Halk\u0131m\u0131za hay\u0131rl\u0131 u\u011furlu olsun. Ba\u015fkan\u0131m\u0131za \u00e7ok te\u015fekk\u00fcr ederiz. Allah raz\u0131 olsun. \u00c7ok g\u00fczel, ben ilk defa bindim ve \u00e7ok be\u011fendim\u201d diye konu\u015ftu.<\/p>\n","protected":false},"excerpt":{"rendered":"<p>Mersin B\u00fcy\u00fck\u015fehir Belediyesi Ula\u015f\u0131m Dairesi b\u00fcnyesine kazand\u0131r\u0131lan CNG yak\u0131tl\u0131 87 yeni otob\u00fcs\u00fcn 30 ara\u00e7l\u0131k ilk partisi kente ula\u015ft\u0131. B\u00fcy\u00fck\u015fehir Belediye Ba\u015fkan\u0131 Vahap Se\u00e7er\u2019in kat\u0131l\u0131m\u0131yla anahtar teslim t\u00f6reni yap\u0131lan \u2018Sar\u0131 Limonlar\u2019, &hellip; <a href=\"https:\/\/akdenizolaygazetesi.com\/?p=12168\" class=\"more-link\">Devam\u0131n\u0131 Oku&#8230;<\/a><\/p>\n","protected":false},"author":2,"featured_media":12170,"comment_status":"open","ping_status":"open","sticky":false,"template":"","format":"standard","meta":[],"categories":[34,1,3,5],"tags":[],"_links":{"self":[{"href":"https:\/\/akdenizolaygazetesi.com\/index.php?rest_route=\/wp\/v2\/posts\/12168"}],"collection":[{"href":"https:\/\/akdenizolaygazetesi.com\/index.php?rest_route=\/wp\/v2\/posts"}],"about":[{"href":"https:\/\/akdenizolaygazetesi.com\/index.php?rest_route=\/wp\/v2\/types\/post"}],"author":[{"embeddable":true,"href":"https:\/\/akdenizolaygazetesi.com\/index.php?rest_route=\/wp\/v2\/users\/2"}],"replies":[{"embeddable":true,"href":"https:\/\/akdenizolaygazetesi.com\/index.php?rest_route=%2Fwp%2Fv2%2Fcomments&post=12168"}],"version-history":[{"count":1,"href":"https:\/\/akdenizolaygazetesi.com\/index.php?rest_route=\/wp\/v2\/posts\/12168\/revisions"}],"predecessor-version":[{"id":12169,"href":"https:\/\/akdenizolaygazetesi.com\/index.php?rest_route=\/wp\/v2\/posts\/12168\/revisions\/12169"}],"wp:featuredmedia":[{"embeddable":true,"href":"https:\/\/akdenizolaygazetesi.com\/index.php?rest_route=\/wp\/v2\/media\/12170"}],"wp:attachment":[{"href":"https:\/\/akdenizolaygazetesi.com\/index.php?rest_route=%2Fwp%2Fv2%2Fmedia&parent=12168"}],"wp:term":[{"taxonomy":"category","embeddable":true,"href":"https:\/\/akdenizolaygazetesi.com\/index.php?rest_route=%2Fwp%2Fv2%2Fcategories&post=12168"},{"taxonomy":"post_tag","embeddable":true,"href":"https:\/\/akdenizolaygazetesi.com\/index.php?rest_route=%2Fwp%2Fv2%2Ftags&post=12168"}],"curies":[{"name":"wp","href":"https:\/\/api.w.org\/{rel}","templated":true}]}}