{"id":1218,"date":"2020-11-04T18:21:48","date_gmt":"2020-11-04T15:21:48","guid":{"rendered":"http:\/\/mersinekonomipolitikagazetesi.com\/?p=1218"},"modified":"2020-11-04T18:21:48","modified_gmt":"2020-11-04T15:21:48","slug":"mersinde-19-mayis-coskusu","status":"publish","type":"post","link":"https:\/\/akdenizolaygazetesi.com\/?p=1218","title":{"rendered":"Mersin\u2019de 19 May\u0131s co\u015fkusu"},"content":{"rendered":"<p>Mersin\u2019de 19 May\u0131s co\u015fkusu ya\u015fand\u0131. 19 May\u0131s Atat\u00fcrk\u2019\u00fc Anma, Gen\u00e7lik ve Spor Bayram\u0131 kutlamalar\u0131, Gen\u00e7lik Y\u00fcr\u00fcy\u00fc\u015f\u00fc ve Cumhuriyet Meydan\u0131\u2019ndaki g\u00f6sterilerle \u015f\u00f6lene d\u00f6n\u00fc\u015ft\u00fc.<\/p>\n<p>\u00d6zellikle engelli \u00f6zel sporcular\u0131n halk oyunlar\u0131 g\u00f6sterileri b\u00fcy\u00fclerken, trambolin g\u00f6sterisinde yeteneklerini sergileyen gen\u00e7ler heyecanla izlendi.<br \/>\nMersin\u2019de 19 May\u0131s Atat\u00fcrk\u2019\u00fc Anma, Gen\u00e7lik ve Spor Bayram\u0131 kutlamalar\u0131, sabah saat 8.30\u2019da Gen\u00e7lik Hizmetleri ve Spor \u0130l M\u00fcd\u00fcr\u00fc \u015eaban G\u00fcne\u015f\u2019in Cumhuriyet Meydan\u0131\u2019nda Atat\u00fcrk An\u0131t\u0131\u2019na \u00e7elenk sunmas\u0131yla ba\u015flad\u0131. Kutlamalar daha sonra Tevfik S\u0131rr\u0131 G\u00fcr Stadyumu \u00f6n\u00fcnden ba\u015flayan Gen\u00e7lik Y\u00fcr\u00fcy\u00fc\u015f\u00fc ile devam etti. Y\u00fcr\u00fcy\u00fc\u015fe, Mersin Valisi \u00d6zdemir \u00c7akacak, Mersin B\u00fcy\u00fck\u015fehir Belediye Ba\u015fkan\u0131 Burhanettin Kocamaz, Akdeniz B\u00f6lge ve Garnizon Komutan\u0131 Tu\u011famiral Kadir Y\u0131ld\u0131z, Mersin milletvekilleri, engelli ve sporcu gen\u00e7ler, \u00f6\u011frenciler ile vatanda\u015flar kat\u0131ld\u0131. Stadyum \u00f6n\u00fcnden dev T\u00fcrk Bayraklar\u0131 ve Atat\u00fcrk posterleriyle hareket eden kortej, Silifke Caddesi\u2019ni takiben Cumhuriyet Meydan\u0131\u2019na ula\u015ft\u0131. Bando e\u015fli\u011finde y\u00fcr\u00fcyen korteje, yol boyunca vatanda\u015flar da alk\u0131\u015flarla destek verdi.<\/p>\n<p>\u201cB\u00fcy\u00fck \u00d6nder\u2019in Samsun\u2019a \u00e7\u0131karak milli m\u00fccadeleyi ba\u015flatt\u0131\u011f\u0131 tarih olan 19 May\u0131s, tarihimizin \u00f6nemli bir d\u00f6n\u00fcm noktas\u0131d\u0131r\u201d<br \/>\nCumhuriyet Meydan\u0131\u2019ndaki t\u00f6ren ise sayg\u0131 duru\u015fu ve \u0130stiklal Mar\u015f\u0131\u2019n\u0131n okunmas\u0131yla ba\u015flad\u0131. Vali \u00c7akacak, t\u00f6rende yapt\u0131\u011f\u0131 konu\u015fmada, ba\u015fta gen\u00e7ler olmak \u00fczere t\u00fcm milletin, T\u00fcrk tarihi a\u00e7\u0131s\u0131ndan olduk\u00e7a \u00f6nem ta\u015f\u0131yan ve gen\u00e7li\u011fe arma\u011fan edilen 19 May\u0131s Atat\u00fcrk\u2019\u00fc Anma, Gen\u00e7lik ve Spor Bayram\u0131\u2019n\u0131 kutlad\u0131. \u00c7akacak, \u201cY\u00fcce milletimiz, tarih boyunca kurdu\u011fu ihti\u015faml\u0131 ve g\u00fc\u00e7l\u00fc devletlerle daima tarihe y\u00f6n vermi\u015f, tarihin ak\u0131\u015f\u0131n\u0131 de\u011fi\u015ftirmi\u015ftir. Milletimize tarih boyunca hi\u00e7bir zaman esaret zinciri vurulamam\u0131\u015f, milletimiz asla boyunduruk alt\u0131nda ya\u015famam\u0131\u015ft\u0131r. Ge\u00e7mi\u015fi \u015fan ve \u015f\u00f6hretle dolu milletimizi tarihe g\u00f6mmek isteyen d\u00fc\u015fmanlar\u0131m\u0131za kar\u015f\u0131 y\u00fcce milletimiz, i\u00e7erisinde bulundu\u011fu yoksunluklar ve imkans\u0131zl\u0131klara ald\u0131rmadan, istiklali ve istikbali i\u00e7in can\u0131 pahas\u0131na m\u00fccadele vermi\u015ftir. \u0130\u015fte, B\u00fcy\u00fck \u00d6nder\u2019in Samsun\u2019a \u00e7\u0131karak milli m\u00fccadeleyi ba\u015flatt\u0131\u011f\u0131 tarih olan 19 May\u0131s, bu nedenle tarihimizin \u00f6nemli bir d\u00f6n\u00fcm noktas\u0131d\u0131r. Milletimiz adeta k\u00fcllerinden yeniden do\u011farak 19 May\u0131s\u2019ta ba\u015flatt\u0131\u011f\u0131 milli m\u00fccadele, d\u00fc\u015fman\u0131n kutsal vatan topraklar\u0131m\u0131zdan temizlenmesini sa\u011flayan destans\u0131 bir zaferle sonu\u00e7lanm\u0131\u015ft\u0131r. Tarihimize alt\u0131n harflerle yaz\u0131lan b\u00fcy\u00fck zaferlerden biri olan bu zaferle bu topraklar\u0131n ilelebet vatan\u0131m\u0131z kalmas\u0131 sa\u011flanm\u0131\u015f, cumhuriyetimizin de temelleri at\u0131lm\u0131\u015ft\u0131r. Al y\u0131ld\u0131zl\u0131 bayra\u011f\u0131m\u0131z\u0131n \u00fczerinde gururla dalgaland\u0131\u011f\u0131 cennet vatan\u0131m\u0131zda h\u00fcr ve ba\u011f\u0131ms\u0131z olarak ya\u015famam\u0131z\u0131 sa\u011flayan ba\u015fta cumhuriyetimizin kurucusu b\u00fcy\u00fck \u00f6nder Gazi Mustafa Kemal Atat\u00fcrk olmak \u00fczere aziz \u015fehitlerimizi ve kahraman gazilerimizi sonsuz minnet, \u015f\u00fckran ve rahmetle an\u0131yorum\u201d dedi.<br \/>\nKonu\u015fmas\u0131nda 15 Temmuz darbe giri\u015fimine de de\u011finen \u00c7akacak, \u201cMilletimizin t\u00fcm fertleri, u\u011fruna b\u00fcy\u00fck bedeller \u00f6denerek kurulan cumhuriyetimize y\u00f6nelen tehditlere bug\u00fcn de can\u0131 pahas\u0131na kar\u015f\u0131 koyarak emanetin emin ellerde oldu\u011funu g\u00f6stermektedir. Milletimiz, i\u00e7 ve d\u0131\u015f d\u00fc\u015fmanlar\u0131m\u0131z\u0131n i\u00e7imize s\u0131zd\u0131rd\u0131klar\u0131 hainler eliyle tarihimizde e\u015fi benzeri g\u00f6r\u00fclmemi\u015f bir ihanete maruz kald\u0131\u011f\u0131m\u0131z 15 Temmuz darbe giri\u015fimine kar\u015f\u0131 durarak, bu inan\u00e7 ve kararl\u0131l\u0131kta oldu\u011funu t\u00fcm d\u00fcnyaya bir kez daha g\u00f6stermi\u015ftir\u201d diye konu\u015ftu.<br \/>\nGen\u00e7lere de seslenen \u00c7akacak, \u201cGelece\u011fimizin teminat\u0131 sizlersiniz. Sizlere inan\u0131yor ve sizlere g\u00fcveniyoruz. B\u00fcy\u00fck \u00d6nder Mustafa Kemal Atat\u00fcrk taraf\u0131ndan sizlere verilen istiklalimizi ve istikbalimizi muhafaza ve m\u00fcdafaa etme g\u00f6revini lay\u0131k\u0131yla yerine getirece\u011finize y\u00fcrekten inan\u0131yorum\u201d ifadelerini kulland\u0131.<br \/>\n\u00c7akacak\u2019\u0131n konu\u015fmas\u0131n\u0131n ard\u0131ndan, Gen\u00e7lik Hizmetleri ve Spor \u0130l M\u00fcd\u00fcrl\u00fc\u011f\u00fc Engelliler Gen\u00e7lik Merkezi \u00f6zel sporcular\u0131n\u0131n sergiledi\u011fi halk oyunlar\u0131 g\u00f6sterisi b\u00fcy\u00fck be\u011feniyle izlendi. \u00d6\u011frenciler taraf\u0131ndan \u015fiirlerin okundu\u011fu kutlamalar, B\u00fcy\u00fck\u015fehir Belediyesi Halk Oyunlar\u0131 Ekibi\u2019nin g\u00f6sterisinin ard\u0131ndan gen\u00e7lerin m\u00fczik, dans, savunma ve akrobasiden olu\u015fan capoeira g\u00f6sterisiyle devam etti. Kutlamalarda minik jimnastik\u00e7ilerin g\u00f6sterileri b\u00fcy\u00fck alk\u0131\u015f al\u0131rken, gen\u00e7lerin ve miniklerin trambolin g\u00f6sterileri de nefes kesti.<br \/>\nKutlamalar, Vali \u00c7akacak, Tu\u011famiral Y\u0131ld\u0131z ve Ba\u015fkan Kocamaz\u2019\u0131n, oryantiring bran\u015f\u0131nda dereceye giren sporculara \u00f6d\u00fcllerini vermeleri ile sona erdi.<\/p>\n","protected":false},"excerpt":{"rendered":"<p>Mersin\u2019de 19 May\u0131s co\u015fkusu ya\u015fand\u0131. 19 May\u0131s Atat\u00fcrk\u2019\u00fc Anma, Gen\u00e7lik ve Spor Bayram\u0131 kutlamalar\u0131, Gen\u00e7lik Y\u00fcr\u00fcy\u00fc\u015f\u00fc ve Cumhuriyet Meydan\u0131\u2019ndaki g\u00f6sterilerle \u015f\u00f6lene d\u00f6n\u00fc\u015ft\u00fc. \u00d6zellikle engelli \u00f6zel sporcular\u0131n halk oyunlar\u0131 g\u00f6sterileri b\u00fcy\u00fclerken, &hellip; <a href=\"https:\/\/akdenizolaygazetesi.com\/?p=1218\" class=\"more-link\">Devam\u0131n\u0131 Oku&#8230;<\/a><\/p>\n","protected":false},"author":1,"featured_media":0,"comment_status":"open","ping_status":"open","sticky":false,"template":"","format":"standard","meta":[],"categories":[],"tags":[],"_links":{"self":[{"href":"https:\/\/akdenizolaygazetesi.com\/index.php?rest_route=\/wp\/v2\/posts\/1218"}],"collection":[{"href":"https:\/\/akdenizolaygazetesi.com\/index.php?rest_route=\/wp\/v2\/posts"}],"about":[{"href":"https:\/\/akdenizolaygazetesi.com\/index.php?rest_route=\/wp\/v2\/types\/post"}],"author":[{"embeddable":true,"href":"https:\/\/akdenizolaygazetesi.com\/index.php?rest_route=\/wp\/v2\/users\/1"}],"replies":[{"embeddable":true,"href":"https:\/\/akdenizolaygazetesi.com\/index.php?rest_route=%2Fwp%2Fv2%2Fcomments&post=1218"}],"version-history":[{"count":0,"href":"https:\/\/akdenizolaygazetesi.com\/index.php?rest_route=\/wp\/v2\/posts\/1218\/revisions"}],"wp:attachment":[{"href":"https:\/\/akdenizolaygazetesi.com\/index.php?rest_route=%2Fwp%2Fv2%2Fmedia&parent=1218"}],"wp:term":[{"taxonomy":"category","embeddable":true,"href":"https:\/\/akdenizolaygazetesi.com\/index.php?rest_route=%2Fwp%2Fv2%2Fcategories&post=1218"},{"taxonomy":"post_tag","embeddable":true,"href":"https:\/\/akdenizolaygazetesi.com\/index.php?rest_route=%2Fwp%2Fv2%2Ftags&post=1218"}],"curies":[{"name":"wp","href":"https:\/\/api.w.org\/{rel}","templated":true}]}}