{"id":1219,"date":"2020-11-04T18:21:48","date_gmt":"2020-11-04T15:21:48","guid":{"rendered":"http:\/\/mersinekonomipolitikagazetesi.com\/?p=1219"},"modified":"2020-11-04T18:21:48","modified_gmt":"2020-11-04T15:21:48","slug":"sokak-muzisyenleri-mersine-renk-katmaya-devam-ediyor","status":"publish","type":"post","link":"https:\/\/akdenizolaygazetesi.com\/?p=1219","title":{"rendered":"SOKAK M\u00dcZ\u0130SYENLER\u0130 MERS\u0130N&#8217;E RENK KATMAYA DEVAM ED\u0130YOR"},"content":{"rendered":"<p>Sokak m\u00fczisyenleri Mersin sokaklar\u0131na renk katmaya devam ediyor. Genel olarak etnik, halk, jazz m\u00fczik dallar\u0131nda sanatlar\u0131n\u0131 soka\u011fa d\u00f6ken m\u00fczisyenler, farkl\u0131 bir yakla\u015f\u0131mla m\u00fczikseverlere kap\u0131lar\u0131n\u0131 a\u00e7\u0131yor.<\/p>\n<p>Mersin sokaklar\u0131nda neredeyse i\u015flek olan heryerde kar\u015f\u0131 kar\u015f\u0131ya geldi\u011fimiz m\u00fczisyenler sanatlar\u0131n\u0131 her t\u00fcrl\u00fc zorlu\u011fa ra\u011fmen s\u00fcrd\u00fcrmeye devam ediyor. Mersin Forum al\u0131\u015fveri\u015f merkezi sanat\u00e7\u0131lar meydan\u0131nda uzun s\u00fcredir sanatlar\u0131n\u0131 sergileyen G\u00fcne\u015f Korosu Grubu&#8217;da sokak m\u00fczisyenleri gruplar\u0131ndan bir tanesi. Grup elemanlar\u0131 m\u00fczi\u011fe olan farkl\u0131 yakla\u015f\u0131mlar\u0131 ile m\u00fczikseverlerin dikkatini \u00e7ekerken, al\u0131\u015fveri\u015fe gelen vatanda\u015flar\u0131nda ilgisini \u00e7ekmeyi ba\u015far\u0131yor. Genellikle Mersin \u00e7ar\u015f\u0131 ve pozcu b\u00f6lgelerinde sanatlar\u0131n\u0131 icra eden bu tarz sokak m\u00fczisyenleri, belediye zab\u0131ta ekipleri taraf\u0131ndan \u00e7o\u011fu kez bask\u0131 alt\u0131nda kalsalar da vatanda\u015flar\u0131n yo\u011fun talep ve ilgisi ile ayakta kalmaya ve sanat\u0131n engel tan\u0131mayaca\u011f\u0131n\u0131 kan\u0131tlamaya devam ediyorlar.<\/p>\n","protected":false},"excerpt":{"rendered":"<p>Sokak m\u00fczisyenleri Mersin sokaklar\u0131na renk katmaya devam ediyor. Genel olarak etnik, halk, jazz m\u00fczik dallar\u0131nda sanatlar\u0131n\u0131 soka\u011fa d\u00f6ken m\u00fczisyenler, farkl\u0131 bir yakla\u015f\u0131mla m\u00fczikseverlere kap\u0131lar\u0131n\u0131 a\u00e7\u0131yor. Mersin sokaklar\u0131nda neredeyse i\u015flek olan &hellip; <a href=\"https:\/\/akdenizolaygazetesi.com\/?p=1219\" class=\"more-link\">Devam\u0131n\u0131 Oku&#8230;<\/a><\/p>\n","protected":false},"author":1,"featured_media":0,"comment_status":"open","ping_status":"open","sticky":false,"template":"","format":"standard","meta":[],"categories":[],"tags":[],"_links":{"self":[{"href":"https:\/\/akdenizolaygazetesi.com\/index.php?rest_route=\/wp\/v2\/posts\/1219"}],"collection":[{"href":"https:\/\/akdenizolaygazetesi.com\/index.php?rest_route=\/wp\/v2\/posts"}],"about":[{"href":"https:\/\/akdenizolaygazetesi.com\/index.php?rest_route=\/wp\/v2\/types\/post"}],"author":[{"embeddable":true,"href":"https:\/\/akdenizolaygazetesi.com\/index.php?rest_route=\/wp\/v2\/users\/1"}],"replies":[{"embeddable":true,"href":"https:\/\/akdenizolaygazetesi.com\/index.php?rest_route=%2Fwp%2Fv2%2Fcomments&post=1219"}],"version-history":[{"count":0,"href":"https:\/\/akdenizolaygazetesi.com\/index.php?rest_route=\/wp\/v2\/posts\/1219\/revisions"}],"wp:attachment":[{"href":"https:\/\/akdenizolaygazetesi.com\/index.php?rest_route=%2Fwp%2Fv2%2Fmedia&parent=1219"}],"wp:term":[{"taxonomy":"category","embeddable":true,"href":"https:\/\/akdenizolaygazetesi.com\/index.php?rest_route=%2Fwp%2Fv2%2Fcategories&post=1219"},{"taxonomy":"post_tag","embeddable":true,"href":"https:\/\/akdenizolaygazetesi.com\/index.php?rest_route=%2Fwp%2Fv2%2Ftags&post=1219"}],"curies":[{"name":"wp","href":"https:\/\/api.w.org\/{rel}","templated":true}]}}