{"id":1220,"date":"2020-11-04T18:21:48","date_gmt":"2020-11-04T15:21:48","guid":{"rendered":"http:\/\/mersinekonomipolitikagazetesi.com\/?p=1220"},"modified":"2020-11-04T18:21:48","modified_gmt":"2020-11-04T15:21:48","slug":"forum-duragindaki-trafik-sorunu-cozulemiyor","status":"publish","type":"post","link":"https:\/\/akdenizolaygazetesi.com\/?p=1220","title":{"rendered":"FORUM DURA\u011eINDAK\u0130 TRAF\u0130K SORUNU \u00c7\u00d6Z\u00dcLEM\u0130YOR"},"content":{"rendered":"<p>Mersin Forum dura\u011f\u0131ndaki toplu ta\u015f\u0131ma ara\u00e7lar\u0131n\u0131n olu\u015fturdu\u011fu trafik sorunu \u00e7\u00f6z\u00fclemiyor.<\/p>\n<p>Mersin&#8217;in en i\u015flek b\u00f6lgelerinden biri olan Forum al\u0131\u015fveri\u015f merkezi ve \u00e7evresinde \u00f6zellikle Gmk bulvar\u0131 \u00fczerinde bulunan forum dura\u011f\u0131nda toplu ta\u015f\u0131ma ara\u00e7lar\u0131n\u0131n olu\u015fturdu\u011fu trafik sorunu bir t\u00fcrl\u00fc bitmek bilmiyor. Vatanda\u015flar\u0131n da tepkisini \u00e7eken konu \u00fczerine yetkililerin de suskun kalmas\u0131 durumun ciddiyetini artt\u0131r\u0131yor. Ge\u00e7ti\u011fimiz y\u0131llarda Mersin B\u00fcy\u00fck\u015fehir Belediyesi&#8217;nin yapt\u0131\u011f\u0131 \u00e7al\u0131\u015fmayla geni\u015fletilen durak s\u00f6z konusu durumu \u00e7\u00f6z\u00fcme kavu\u015fturamad\u0131. Toplu ta\u015f\u0131ma s\u00fcr\u00fcc\u00fclerinin de sorumsuzlu\u011fuyla \u00e7ekilmez hale gelen konu vatanda\u015f\u0131 isyan ettirecek boyuta getiriyor. Toplu ta\u015f\u0131ma ara\u00e7lar\u0131n\u0131n d\u00fczensiz bir bi\u00e7imde dura\u011fa yana\u015fmas\u0131 durakta bekleyen yolcular\u0131n bini\u015f ve ini\u015flerinde s\u0131k\u0131nt\u0131 ya\u015famalar\u0131na ve can g\u00fcvenli\u011fi konusunda sorunlar \u00e7\u0131kmas\u0131na neden oluyor. Bu do\u011frultuda durak \u00e7evresindeki esnaflar\u0131nda kabusu haline d\u00f6n\u00fc\u015fen s\u00f6z konusu durumla ilgili kitap evi kafelerin de bulundu\u011fu b\u00f6lgede ciddi rahats\u0131zl\u0131klar\u0131n ya\u015fand\u0131\u011f\u0131 a\u00e7\u0131k\u00e7a g\u00f6zler \u00f6n\u00fcne seriliyor.<\/p>\n<p>TOPLU TA\u015eIMA ARA\u00c7 VE S\u00dcR\u00dcC\u00dcLER\u0130 DENET\u0130ME ALINMALI<\/p>\n<p>Yaz aylar\u0131n\u0131n gelmesiyle ba\u015flayan s\u0131caklar,\u00a0 toplu ta\u015f\u0131ma ara\u00e7lar\u0131nda yak\u0131ttan tasarruf amac\u0131yla \u00e7al\u0131\u015ft\u0131r\u0131lmayan klimalar\u0131 da g\u00fcndeme getirdi. \u00d6zellikle kooperatiflere ba\u011fl\u0131 ara\u00e7larda ya\u015fanan sorun Mersin&#8217;de ya\u015fayan vatanda\u015flar\u0131da isyan ettirdi. \u00c7o\u011fu zaman klimalar\u0131n d\u00fc\u015f\u00fck seviyede \u00e7al\u0131\u015ft\u0131\u011f\u0131n\u0131 veya hi\u00e7 \u00e7al\u0131\u015fmad\u0131\u011f\u0131n\u0131 vurgulayan vatanda\u015flar, Belediye Zab\u0131ta ekiplerinin bu konuya y\u00f6nelik denetimlerinin artmas\u0131n\u0131 istediklerini belirtirken, toplu ta\u015f\u0131ma ara\u00e7 \u015fof\u00f6rlerinin de psikiyatrik denetimlerden ge\u00e7meleri gerekti\u011fi ifade edildi. Sinirine yenik d\u00fc\u015fen baz\u0131 \u015fof\u00f6rlerin yolcuya veya trafikteki di\u011fer ara\u00e7lara tepkilerini \u00f6fkeye varacak boyutta yans\u0131tmalar\u0131n\u0131n \u00e7ok ya\u015fand\u0131\u011f\u0131n\u0131, hatta bu durumlar\u0131n \u015fiddetli kavgalara d\u00f6n\u00fc\u015febildi\u011fini vurgulayan vatanda\u015flar bu t\u00fcr durumlar\u0131n s\u00f6z konusu olmamas\u0131 i\u00e7in, yetkililerin durumla ilgili ciddi \u015fekilde denetimlerini artt\u0131rmalar\u0131 gerekti\u011finin alt\u0131n\u0131 \u00e7iziyor.<\/p>\n","protected":false},"excerpt":{"rendered":"<p>Mersin Forum dura\u011f\u0131ndaki toplu ta\u015f\u0131ma ara\u00e7lar\u0131n\u0131n olu\u015fturdu\u011fu trafik sorunu \u00e7\u00f6z\u00fclemiyor. Mersin&#8217;in en i\u015flek b\u00f6lgelerinden biri olan Forum al\u0131\u015fveri\u015f merkezi ve \u00e7evresinde \u00f6zellikle Gmk bulvar\u0131 \u00fczerinde bulunan forum dura\u011f\u0131nda toplu ta\u015f\u0131ma &hellip; <a href=\"https:\/\/akdenizolaygazetesi.com\/?p=1220\" class=\"more-link\">Devam\u0131n\u0131 Oku&#8230;<\/a><\/p>\n","protected":false},"author":1,"featured_media":0,"comment_status":"open","ping_status":"open","sticky":false,"template":"","format":"standard","meta":[],"categories":[],"tags":[],"_links":{"self":[{"href":"https:\/\/akdenizolaygazetesi.com\/index.php?rest_route=\/wp\/v2\/posts\/1220"}],"collection":[{"href":"https:\/\/akdenizolaygazetesi.com\/index.php?rest_route=\/wp\/v2\/posts"}],"about":[{"href":"https:\/\/akdenizolaygazetesi.com\/index.php?rest_route=\/wp\/v2\/types\/post"}],"author":[{"embeddable":true,"href":"https:\/\/akdenizolaygazetesi.com\/index.php?rest_route=\/wp\/v2\/users\/1"}],"replies":[{"embeddable":true,"href":"https:\/\/akdenizolaygazetesi.com\/index.php?rest_route=%2Fwp%2Fv2%2Fcomments&post=1220"}],"version-history":[{"count":0,"href":"https:\/\/akdenizolaygazetesi.com\/index.php?rest_route=\/wp\/v2\/posts\/1220\/revisions"}],"wp:attachment":[{"href":"https:\/\/akdenizolaygazetesi.com\/index.php?rest_route=%2Fwp%2Fv2%2Fmedia&parent=1220"}],"wp:term":[{"taxonomy":"category","embeddable":true,"href":"https:\/\/akdenizolaygazetesi.com\/index.php?rest_route=%2Fwp%2Fv2%2Fcategories&post=1220"},{"taxonomy":"post_tag","embeddable":true,"href":"https:\/\/akdenizolaygazetesi.com\/index.php?rest_route=%2Fwp%2Fv2%2Ftags&post=1220"}],"curies":[{"name":"wp","href":"https:\/\/api.w.org\/{rel}","templated":true}]}}