{"id":12203,"date":"2021-05-05T12:30:39","date_gmt":"2021-05-05T09:30:39","guid":{"rendered":"http:\/\/akdenizolaygazetesi.com\/?p=12203"},"modified":"2021-05-05T12:31:22","modified_gmt":"2021-05-05T09:31:22","slug":"keyfi-kararlarla-genelgelerle-anayasa-cigneniyor","status":"publish","type":"post","link":"https:\/\/akdenizolaygazetesi.com\/?p=12203","title":{"rendered":"&#8216;Keyfi Kararlarla, Genelgelerle Anayasa \u00c7i\u011fneniyor&#8217;"},"content":{"rendered":"<p>CHP Mersin Milletvekili ve Parti Meclisi \u00dcyesi Ali Mahir Ba\u015far\u0131r, \u0130\u00e7i\u015fleri Bakanl\u0131\u011f\u0131 taraf\u0131ndan yay\u0131nlanan \u2018Market Tedbirleri Genelgesi\u2019 nin temel hak ve \u00f6zg\u00fcrl\u00fcklerimizi hi\u00e7e sayd\u0131\u011f\u0131n\u0131 belirterek \u0130\u00e7i\u015fleri Bakan\u0131 S\u00fcleyman Soylu\u2019nun yan\u0131tlamas\u0131 istemiyle yaz\u0131l\u0131 bir soru \u00f6nergesi verdi.<\/p>\n<p>Keyfi Kararlarla, Genelgelerle Anayasa \u00c7i\u011fneniyor<\/p>\n<p>AKP iktidar\u0131nda temel hak ve \u00f6zg\u00fcrl\u00fcklerin k\u0131s\u0131tland\u0131\u011f\u0131n\u0131 ve art\u0131k temel ihtiya\u00e7lar\u0131n ne olup olmad\u0131\u011f\u0131na bile AKP iktidar\u0131n\u0131n karar verdi\u011fini belirten CHP\u2019li Ba\u015far\u0131r; \u2018\u2019AKP iktidar\u0131, her g\u00fcn yeni bir genelge ile ya\u015fam\u0131 daha da \u00e7ekilmez k\u0131l\u0131yor. Keyfi kararlarla, genelgelerle anayasay\u0131 \u00e7i\u011fniyorlar. Bu genelge, ba\u015fta Anayasa madde 13 olmak \u00fczere Anayasan\u0131n \u00e7o\u011fu maddesine ayk\u0131r\u0131d\u0131r. Anayasa madde 13\u2019te de belirtildi\u011fi gibi; \u2018Temel hak ve h\u00fcrriyetler, \u00f6zlerine dokunulmaks\u0131z\u0131n yaln\u0131zca Anayasan\u0131n ilgili maddelerinde belirtilen sebeplere ba\u011fl\u0131 olarak ve ancak kanunla s\u0131n\u0131rlanabilir.\u2019 Kural koyucu, net bir \u015fekilde ifade etmi\u015f; \u2018ancak kanunla s\u0131n\u0131rlan\u0131r.\u2019 demi\u015f ama AKP iktidar\u0131 \u0131srarla normlar hiyerar\u015fisinin en a\u015fa\u011f\u0131s\u0131nda yer alan genelge ile temel hak ve \u00f6zg\u00fcrl\u00fcklerimizi k\u0131s\u0131tlamaktad\u0131r. Bu, \u00e7ok yanl\u0131\u015f bir uygulamad\u0131r. Vatanda\u015f\u0131n, hukuku anlamas\u0131 ve uygulamas\u0131 a\u00e7\u0131s\u0131ndan vahim bir tablo olu\u015fturmaktad\u0131r.\u2018\u2019 s\u00f6zlerine yer verdi.<\/p>\n<p>Genelgeye Yabanc\u0131 Turistler De Dahil Edilecek Mi?<\/p>\n<p>Getirilen bu yasaklar\u0131n, Anayasan\u0131n s\u00f6z\u00fcne ve ruhuna, demokratik toplum d\u00fczeninin ve l\u00e2ik Cumhuriyetin gereklerine ve \u00f6l\u00e7\u00fcl\u00fcl\u00fck ilkesine ayk\u0131r\u0131 oldu\u011funu belirten CHP\u2019li Ba\u015far\u0131r: \u2018\u2019AKP iktidar\u0131, burada temel ihtiya\u00e7lar\u0131 neye g\u00f6re belirleyecek? Projesi \u00fczerinde \u00e7al\u0131\u015f\u0131rken \u015farj aleti ar\u0131zalanan \u00f6\u011frenciye, online toplant\u0131s\u0131, dersi i\u00e7in acil mikrofon, kamera almas\u0131 gereken \u00e7al\u0131\u015fana, telefonu bozulan bir vatanda\u015fa  acil ihtiyac\u0131 nas\u0131l a\u00e7\u0131klayacaks\u0131n\u0131z? Ayr\u0131ca, herkes taraf\u0131ndan biliniyor ki yabanc\u0131 turistler bir \u00f6nceki genelgede yasaklara tabi de\u011fildi ve yasaktan muaf emek\u00e7ilerimiz \u00e7al\u0131\u015f\u0131rken, yasaktan muaf olmayanlar ise evlerinde h\u00fck\u00fcmetten bir destek g\u00f6rmeden evlerinde otururken acaba bu genelgeye yabanc\u0131 turistler de dahil edilecek mi? \u0130ktidar\u0131n bu sorulara yan\u0131t vermesi gereklidir.\u2019\u2019 s\u00f6zlerini ifade etti.<\/p>\n<p>AKP \u0130ktidar\u0131 \u00c7\u0131kard\u0131\u011f\u0131 Genelgelere Bile Hakim De\u011fil<\/p>\n<p>\u0130\u00e7i\u015fleri Bakanl\u0131\u011f\u0131\u2019n\u0131n bu salg\u0131n s\u00fcrecinde hukuksal ge\u00e7erlilik ve mant\u0131ksal b\u00fct\u00fcnl\u00fc\u011fe sahip bir metin \u00e7\u0131karamad\u0131\u011f\u0131n\u0131 belirten CHP\u2019li Ba\u015far\u0131r: \u2018\u2019Her genelgenin ard\u0131ndan t\u00fcm insanlar telefonla birbirlerini ar\u0131yor. Herkes bir kafa kar\u0131\u015f\u0131kl\u0131\u011f\u0131 ya\u015f\u0131yor. Yine bu genelgede de temel hak ve \u00f6zg\u00fcrl\u00fcklerin yasaklanmas\u0131n\u0131n yan\u0131 s\u0131ra her \u015fey mu\u011flak, ortada bir devlet ciddiyeti yok. Bu genelgede de; \u2018Daha \u00f6nce getirilen alkoll\u00fc \u00fcr\u00fcn sat\u0131\u015f\u0131 k\u0131s\u0131tlamas\u0131n\u0131n yan\u0131 s\u0131ra\u2019 diye bir ibare var ancak \u00f6nceki genelgede \u2018marketlerde alkoll\u00fc \u00fcr\u00fcn sat\u0131\u015f\u0131n\u0131n k\u0131s\u0131tland\u0131\u011f\u0131na\u2019 dair herhangi bir madde yok. AKP iktidar\u0131, sand\u0131kta gitmeden \u00f6nceki son g\u00fcnlerini ak\u0131l tutulmas\u0131 ya\u015fayarak ge\u00e7iriyor. 17 g\u00fcnl\u00fck kapanma karar\u0131n\u0131n \u00fczerinden 9 g\u00fcn, kapanma ba\u015flayal\u0131 da 6 g\u00fcn oldu. Bizler hala, ne yasak ne de\u011fil diye tart\u0131\u015f\u0131yoruz; Anayasaya ayk\u0131r\u0131 bir \u015fekilde genelgeler yay\u0131nlan\u0131yor. Anayasa, e\u011fer h\u00fck\u00fcmet i\u00e7in bir anlam ifade etmiyorsa, h\u00fck\u00fcmetin hi\u00e7bir anlam\u0131 yoktur. B\u00f6yle keyfi uygulamalarla, temel hak ve \u00f6zg\u00fcrl\u00fckler k\u0131s\u0131tlanamaz, yasaklanamaz. Yetkinin kayna\u011f\u0131 Anayasad\u0131r ve orada verilmeyen yetki kullan\u0131lamaz.\u2019\u2019 ifadelerine yer verdi.<\/p>\n","protected":false},"excerpt":{"rendered":"<p>CHP Mersin Milletvekili ve Parti Meclisi \u00dcyesi Ali Mahir Ba\u015far\u0131r, \u0130\u00e7i\u015fleri Bakanl\u0131\u011f\u0131 taraf\u0131ndan yay\u0131nlanan \u2018Market Tedbirleri Genelgesi\u2019 nin temel hak ve \u00f6zg\u00fcrl\u00fcklerimizi hi\u00e7e sayd\u0131\u011f\u0131n\u0131 belirterek \u0130\u00e7i\u015fleri Bakan\u0131 S\u00fcleyman Soylu\u2019nun yan\u0131tlamas\u0131 &hellip; <a href=\"https:\/\/akdenizolaygazetesi.com\/?p=12203\" class=\"more-link\">Devam\u0131n\u0131 Oku&#8230;<\/a><\/p>\n","protected":false},"author":2,"featured_media":12205,"comment_status":"open","ping_status":"open","sticky":false,"template":"","format":"standard","meta":[],"categories":[1,2,3,6],"tags":[],"_links":{"self":[{"href":"https:\/\/akdenizolaygazetesi.com\/index.php?rest_route=\/wp\/v2\/posts\/12203"}],"collection":[{"href":"https:\/\/akdenizolaygazetesi.com\/index.php?rest_route=\/wp\/v2\/posts"}],"about":[{"href":"https:\/\/akdenizolaygazetesi.com\/index.php?rest_route=\/wp\/v2\/types\/post"}],"author":[{"embeddable":true,"href":"https:\/\/akdenizolaygazetesi.com\/index.php?rest_route=\/wp\/v2\/users\/2"}],"replies":[{"embeddable":true,"href":"https:\/\/akdenizolaygazetesi.com\/index.php?rest_route=%2Fwp%2Fv2%2Fcomments&post=12203"}],"version-history":[{"count":2,"href":"https:\/\/akdenizolaygazetesi.com\/index.php?rest_route=\/wp\/v2\/posts\/12203\/revisions"}],"predecessor-version":[{"id":12206,"href":"https:\/\/akdenizolaygazetesi.com\/index.php?rest_route=\/wp\/v2\/posts\/12203\/revisions\/12206"}],"wp:featuredmedia":[{"embeddable":true,"href":"https:\/\/akdenizolaygazetesi.com\/index.php?rest_route=\/wp\/v2\/media\/12205"}],"wp:attachment":[{"href":"https:\/\/akdenizolaygazetesi.com\/index.php?rest_route=%2Fwp%2Fv2%2Fmedia&parent=12203"}],"wp:term":[{"taxonomy":"category","embeddable":true,"href":"https:\/\/akdenizolaygazetesi.com\/index.php?rest_route=%2Fwp%2Fv2%2Fcategories&post=12203"},{"taxonomy":"post_tag","embeddable":true,"href":"https:\/\/akdenizolaygazetesi.com\/index.php?rest_route=%2Fwp%2Fv2%2Ftags&post=12203"}],"curies":[{"name":"wp","href":"https:\/\/api.w.org\/{rel}","templated":true}]}}