{"id":1221,"date":"2020-11-04T18:21:48","date_gmt":"2020-11-04T15:21:48","guid":{"rendered":"http:\/\/mersinekonomipolitikagazetesi.com\/?p=1221"},"modified":"2020-11-04T18:21:48","modified_gmt":"2020-11-04T15:21:48","slug":"toroslar-belediyesi-19-mayisi-konserle-kutladi","status":"publish","type":"post","link":"https:\/\/akdenizolaygazetesi.com\/?p=1221","title":{"rendered":"Toroslar Belediyesi, 19 May\u0131s\u2019\u0131 konserle kutlad\u0131"},"content":{"rendered":"<p>Mersin\u2019in merkez il\u00e7e Toroslar Belediyesi, 19 May\u0131s Atat\u00fcrk\u2019\u00fc Anma, Gen\u00e7lik ve Spor Bayram\u0131\u2019n\u0131, Yudum ve Ahmet \u015eafak\u2019\u0131n konseriyle kutlad\u0131. Konsere vatanda\u015flar yo\u011fun ilgi g\u00f6sterdi.<\/p>\n<p><span style=\"color: rgb(0, 0, 0); font-family: Tahoma, Arial, 'Times New Roman TUR', Verdana; font-size: 15px; line-height: normal;\">H\u00fcseyin Okan Merzeci Mahallesi\u2019nde bulunan Amfi Tiyatro\u2019da ger\u00e7ekle\u015ftirilen konsere Toroslar Belediye Ba\u015fkan\u0131 Hamit Tuna da kat\u0131ld\u0131. Tuna, konser \u00f6ncesi yapt\u0131\u011f\u0131 konu\u015fmada, milli g\u00fcn ve haftalarda d\u00fczenledikleri etkinliklerle ama\u00e7lar\u0131n\u0131n gen\u00e7 nesle tarih \u015fuurunu a\u015f\u0131lamak oldu\u011funu s\u00f6yledi. Ulu \u00d6nder Atat\u00fcrk\u2019\u00fcn emanet etti\u011fi Cumhuriyete ilelebet sahip \u00e7\u0131kacaklar\u0131n\u0131 vurgulayan Ba\u015fkan Tuna, bu topraklar\u0131n vatan olmas\u0131 i\u00e7in canlar\u0131n\u0131 hi\u00e7e sayan \u015fehitleri rahmet, sayg\u0131 ve minnetle and\u0131klar\u0131n\u0131 belirtti. 19 May\u0131s\u2019ta yak\u0131lan kurtulu\u015f ate\u015finin zaferle sonu\u00e7lanmas\u0131n\u0131n T\u00fcrk Milleti\u2019nin manda ve himayeyi asla kabul etmeyece\u011finin bir g\u00f6stergesi oldu\u011funu dile getiren Tuna, \u201cBu topraklar\u0131n vatanla\u015fmas\u0131nda kurtulu\u015f m\u00fccadelesini ba\u015flatan ba\u015fta Ulu \u00d6nderimiz Mustafa Kemal Atat\u00fcrk ve silah arkada\u015flar\u0131 ile t\u00fcm \u015fehitlerimize minnet bor\u00e7luyuz. \u015eu an burada h\u00fcr ve ba\u011f\u0131ms\u0131z bir \u015fekilde ya\u015fayabiliyorsak hepsi onlar\u0131n sayesindedir. Ge\u00e7mi\u015fini unutan milletlerin co\u011frafyas\u0131n\u0131 ba\u015fkalar\u0131 \u00e7izer s\u00f6z\u00fcnden hareketle ge\u00e7mi\u015fimizi unutturmamak ad\u0131na b\u00f6ylesine anlaml\u0131 g\u00fcnlerde etkinlikler d\u00fczenliyoruz. Amac\u0131m\u0131z ve hedefimiz gen\u00e7 nesle tarihini ve milli de\u011ferlerini unutturmamak ve beyni bilgi ile dolu bir nesil yeti\u015ftirmektir\u201d dedi.<\/span><br style=\"color: rgb(0, 0, 0); font-family: Tahoma, Arial, 'Times New Roman TUR', Verdana; font-size: 15px; line-height: normal;\" \/><br \/>\n<span style=\"color: rgb(0, 0, 0); font-family: Tahoma, Arial, 'Times New Roman TUR', Verdana; font-size: 15px; line-height: normal;\">Tuna\u2019n\u0131n konu\u015fmas\u0131n\u0131n ard\u0131ndan sahneye \u00f6nce T\u00fcrk Halk M\u00fczi\u011fi\u2019nin g\u00fc\u00e7l\u00fc seslerinden Yudum \u00e7\u0131kt\u0131. Konseri izlemeye gelenleri performans\u0131 ve sesi ile etkileyen Yudum\u2019a, Tuna \u00e7i\u00e7ek ve plaket takdim etti.<\/span><br style=\"color: rgb(0, 0, 0); font-family: Tahoma, Arial, 'Times New Roman TUR', Verdana; font-size: 15px; line-height: normal;\" \/><br \/>\n<span style=\"color: rgb(0, 0, 0); font-family: Tahoma, Arial, 'Times New Roman TUR', Verdana; font-size: 15px; line-height: normal;\">Gecenin finalini ise usta yorumcu Ahmet \u015eafak yapt\u0131. Milli duygulara hitap eden par\u00e7alar\u0131 ile konser alan\u0131n\u0131 dolduran vatanda\u015flar\u0131 co\u015fturan \u015eafak, Ba\u015fkan Tuna ile birlikte d\u00fcet de yapt\u0131. Tuna ile \u0130zmir Mar\u015f\u0131 ve Ho\u015fgeli\u015fler Ola Mustafa Kemal Pa\u015fa Mar\u015f\u0131n\u0131 seslendiren \u015eafak, kendisini dinlemeye gelen hayranlar\u0131na te\u015fekk\u00fcr etti. Tuna, sanat\u00e7\u0131 Ahmet \u015eafak\u2019a da \u00e7i\u00e7ek ve plaket takdim etti.<\/span><\/p>\n","protected":false},"excerpt":{"rendered":"<p>Mersin\u2019in merkez il\u00e7e Toroslar Belediyesi, 19 May\u0131s Atat\u00fcrk\u2019\u00fc Anma, Gen\u00e7lik ve Spor Bayram\u0131\u2019n\u0131, Yudum ve Ahmet \u015eafak\u2019\u0131n konseriyle kutlad\u0131. Konsere vatanda\u015flar yo\u011fun ilgi g\u00f6sterdi. H\u00fcseyin Okan Merzeci Mahallesi\u2019nde bulunan Amfi &hellip; <a href=\"https:\/\/akdenizolaygazetesi.com\/?p=1221\" class=\"more-link\">Devam\u0131n\u0131 Oku&#8230;<\/a><\/p>\n","protected":false},"author":1,"featured_media":0,"comment_status":"open","ping_status":"open","sticky":false,"template":"","format":"standard","meta":[],"categories":[],"tags":[],"_links":{"self":[{"href":"https:\/\/akdenizolaygazetesi.com\/index.php?rest_route=\/wp\/v2\/posts\/1221"}],"collection":[{"href":"https:\/\/akdenizolaygazetesi.com\/index.php?rest_route=\/wp\/v2\/posts"}],"about":[{"href":"https:\/\/akdenizolaygazetesi.com\/index.php?rest_route=\/wp\/v2\/types\/post"}],"author":[{"embeddable":true,"href":"https:\/\/akdenizolaygazetesi.com\/index.php?rest_route=\/wp\/v2\/users\/1"}],"replies":[{"embeddable":true,"href":"https:\/\/akdenizolaygazetesi.com\/index.php?rest_route=%2Fwp%2Fv2%2Fcomments&post=1221"}],"version-history":[{"count":0,"href":"https:\/\/akdenizolaygazetesi.com\/index.php?rest_route=\/wp\/v2\/posts\/1221\/revisions"}],"wp:attachment":[{"href":"https:\/\/akdenizolaygazetesi.com\/index.php?rest_route=%2Fwp%2Fv2%2Fmedia&parent=1221"}],"wp:term":[{"taxonomy":"category","embeddable":true,"href":"https:\/\/akdenizolaygazetesi.com\/index.php?rest_route=%2Fwp%2Fv2%2Fcategories&post=1221"},{"taxonomy":"post_tag","embeddable":true,"href":"https:\/\/akdenizolaygazetesi.com\/index.php?rest_route=%2Fwp%2Fv2%2Ftags&post=1221"}],"curies":[{"name":"wp","href":"https:\/\/api.w.org\/{rel}","templated":true}]}}