{"id":12223,"date":"2021-05-05T13:38:55","date_gmt":"2021-05-05T10:38:55","guid":{"rendered":"http:\/\/akdenizolaygazetesi.com\/?p=12223"},"modified":"2021-05-05T13:40:28","modified_gmt":"2021-05-05T10:40:28","slug":"kadinlar-icin-sanat-atolyeleri-cocuklar-icin-kres-ve-oyun-alanlari-yer-alacak","status":"publish","type":"post","link":"https:\/\/akdenizolaygazetesi.com\/?p=12223","title":{"rendered":"Kad\u0131nlar i\u00e7in sanat at\u00f6lyeleri; \u00e7ocuklar i\u00e7in kre\u015f ve oyun alanlar\u0131 yer alacak"},"content":{"rendered":"<p>Akdeniz Belediye Ba\u015fkan\u0131 Muhammet Mustafa G\u00fcltak, Bah\u015fi\u015f Mahallesinde belediyeye tahsis edilerek yenileme \u00e7al\u0131\u015fmalar\u0131 ba\u015flat\u0131lan \u00e7ok ama\u00e7l\u0131 binada, mahalleli kad\u0131nlar kurslarda e\u011fitim al\u0131rken, \u00e7ocuklar\u0131n\u0131n da ayn\u0131 binada a\u00e7\u0131lacak kre\u015fte olacaklar\u0131n\u0131 s\u00f6yledi.<br \/>\nAkdeniz Belediye Ba\u015fkan\u0131 G\u00fcltak, Ba\u015fkan Yard\u0131mc\u0131s\u0131 Mustafa Arslan ve Bah\u015fi\u015f Mahallesi Muhtar\u0131 Hayrettin U\u011furcan ile birlikte, Huzurkent Bah\u015fi\u015f Mahallesinde bulunan ve kapsaml\u0131 yenileme \u00e7al\u0131\u015fmas\u0131 ba\u015flat\u0131lan \u00e7ok ama\u00e7l\u0131 salonu ziyaret ederek, incelemelerde bulundu.<\/p>\n<p>Kad\u0131nlar i\u00e7in sanat at\u00f6lyeleri; \u00e7ocuklar i\u00e7in kre\u015f ve oyun alanlar\u0131 yer alacak<br \/>\n\u00c7ok ama\u00e7l\u0131 salon ile belediyeye tahsisi yap\u0131lan eski sa\u011fl\u0131k oca\u011f\u0131na y\u00f6nelik yenileme \u00e7al\u0131\u015fmas\u0131 hakk\u0131nda bilgi veren Ba\u015fkan G\u00fcltak, \u201cGe\u00e7mi\u015fte at\u0131l b\u0131rak\u0131lan \u00e7ok ama\u00e7l\u0131 salon ile eski sa\u011fl\u0131k oca\u011f\u0131n\u0131 de\u011ferlendirmek i\u00e7in harekete ge\u00e7tik. Sadece bir y\u0131l \u00f6nce virane, d\u00f6k\u00fck binalard\u0131. Buralar\u0131 mesken edinen birileri rahats\u0131zl\u0131k veriyor, vatanda\u015flar\u0131m\u0131z tedirginlik ya\u015f\u0131yordu. Belediyemize tahsisinden sonra a\u00e7\u0131k ihalesine \u00e7\u0131kt\u0131k. Projeleri, m\u00fchendislerimiz \u00e7izdi. G\u00f6r\u00fcld\u00fc\u011f\u00fc \u00fczere tertemiz oldu. Toplam bin 250 metrekare alana sahip salonumuzda, sanat at\u00f6lyeleri, kre\u015f alan\u0131 ile \u00e7ocuk oyun alanlar\u0131 yer alacak\u201d diye konu\u015ftu.<\/p>\n<p>\u201cNormalle\u015fme ile birlikte hizmete a\u00e7\u0131lacak\u201d<br \/>\nG\u00fcltak, alanda kre\u015f de yer alaca\u011f\u0131n\u0131 kaydederek, \u201cKurslara gelecek olan han\u0131mefendiler, diki\u015f, nak\u0131\u015f gibi el sanatlar\u0131 \u00f6\u011frenecekler. Anneler, Halk E\u011fitim ve belediyemiz \u00f6\u011freticilerinden meslek \u00f6\u011frenirken, \u00e7ocuklar\u0131 da kre\u015fte olacak, belediyemizin psikologlar\u0131, sosyologlar\u0131 taraf\u0131ndan e\u011fitilecekler. Dolay\u0131s\u0131yla anneler kurslara geldiklerinde, ak\u0131llar\u0131 \u00e7ocuklar\u0131nda kalmayacak. Etraf\u0131 tamamen kapal\u0131 bah\u00e7eli bir alan oldu\u011fu i\u00e7in \u00e7ocuklar\u0131m\u0131z\u0131n da annelerin de konforlu bir ortamda mutlu olacaklar\u0131n\u0131 d\u00fc\u015f\u00fcn\u00fcyorum. Umuyoruz ki, bayram ertesi buray\u0131 bize teslim edecekler. T\u00fcrkiye\u2019nin normalle\u015fmesi ile beraber biz de buray\u0131 h\u0131zl\u0131 bir \u015fekilde hizmete a\u00e7aca\u011f\u0131z\u201d dedi.<\/p>\n","protected":false},"excerpt":{"rendered":"<p>Akdeniz Belediye Ba\u015fkan\u0131 Muhammet Mustafa G\u00fcltak, Bah\u015fi\u015f Mahallesinde belediyeye tahsis edilerek yenileme \u00e7al\u0131\u015fmalar\u0131 ba\u015flat\u0131lan \u00e7ok ama\u00e7l\u0131 binada, mahalleli kad\u0131nlar kurslarda e\u011fitim al\u0131rken, \u00e7ocuklar\u0131n\u0131n da ayn\u0131 binada a\u00e7\u0131lacak kre\u015fte olacaklar\u0131n\u0131 s\u00f6yledi. &hellip; <a href=\"https:\/\/akdenizolaygazetesi.com\/?p=12223\" class=\"more-link\">Devam\u0131n\u0131 Oku&#8230;<\/a><\/p>\n","protected":false},"author":2,"featured_media":12227,"comment_status":"open","ping_status":"open","sticky":false,"template":"","format":"standard","meta":[],"categories":[1,3,5],"tags":[],"_links":{"self":[{"href":"https:\/\/akdenizolaygazetesi.com\/index.php?rest_route=\/wp\/v2\/posts\/12223"}],"collection":[{"href":"https:\/\/akdenizolaygazetesi.com\/index.php?rest_route=\/wp\/v2\/posts"}],"about":[{"href":"https:\/\/akdenizolaygazetesi.com\/index.php?rest_route=\/wp\/v2\/types\/post"}],"author":[{"embeddable":true,"href":"https:\/\/akdenizolaygazetesi.com\/index.php?rest_route=\/wp\/v2\/users\/2"}],"replies":[{"embeddable":true,"href":"https:\/\/akdenizolaygazetesi.com\/index.php?rest_route=%2Fwp%2Fv2%2Fcomments&post=12223"}],"version-history":[{"count":2,"href":"https:\/\/akdenizolaygazetesi.com\/index.php?rest_route=\/wp\/v2\/posts\/12223\/revisions"}],"predecessor-version":[{"id":12228,"href":"https:\/\/akdenizolaygazetesi.com\/index.php?rest_route=\/wp\/v2\/posts\/12223\/revisions\/12228"}],"wp:featuredmedia":[{"embeddable":true,"href":"https:\/\/akdenizolaygazetesi.com\/index.php?rest_route=\/wp\/v2\/media\/12227"}],"wp:attachment":[{"href":"https:\/\/akdenizolaygazetesi.com\/index.php?rest_route=%2Fwp%2Fv2%2Fmedia&parent=12223"}],"wp:term":[{"taxonomy":"category","embeddable":true,"href":"https:\/\/akdenizolaygazetesi.com\/index.php?rest_route=%2Fwp%2Fv2%2Fcategories&post=12223"},{"taxonomy":"post_tag","embeddable":true,"href":"https:\/\/akdenizolaygazetesi.com\/index.php?rest_route=%2Fwp%2Fv2%2Ftags&post=12223"}],"curies":[{"name":"wp","href":"https:\/\/api.w.org\/{rel}","templated":true}]}}