{"id":12229,"date":"2021-05-05T13:41:45","date_gmt":"2021-05-05T10:41:45","guid":{"rendered":"http:\/\/akdenizolaygazetesi.com\/?p=12229"},"modified":"2021-05-05T13:42:42","modified_gmt":"2021-05-05T10:42:42","slug":"bu-samimiyet-bizim-icin-cok-degerli","status":"publish","type":"post","link":"https:\/\/akdenizolaygazetesi.com\/?p=12229","title":{"rendered":"&#8220;Bu samimiyet bizim i\u00e7in \u00e7ok de\u011ferli&#8221;"},"content":{"rendered":"<p>Akdeniz Belediye Ba\u015fkan\u0131 Mustafa G\u00fcltak, belediyenin \u00e7a\u011fr\u0131 merkezine gelen telefonlar\u0131 yan\u0131tlayarak vatanda\u015flara s\u00fcrpriz yaparken, &#8220;Akdeniz&#8217;de k\u0131sa s\u00fcrede kaliteli \u00e7\u00f6z\u00fcm sunmak ad\u0131na \u00e7al\u0131\u015fmalar\u0131m\u0131z\u0131 s\u00fcrd\u00fcrece\u011fiz&#8221; dedi.<br \/>\nAkdeniz Belediyesi taraf\u0131ndan daha seri ve prestijli bir hizmet sunmak amac\u0131yla hayata ge\u00e7irilen &#8216;0324 336 65 83&#8217; numaral\u0131 \u00e7a\u011fr\u0131 merkezi, il\u00e7edeki t\u00fcm vatanda\u015flara 7 g\u00fcn 24 saat hizmet veriyor. \u00c7\u00f6z\u00fcm odakl\u0131 i\u015fleyi\u015f anlay\u0131\u015f\u0131yla \u00e7al\u0131\u015fan birimde, g\u00f6revli personeller istek, talep ve \u015fikayetleri ilgili birimlere iletiyor, takibi yap\u0131lanlar i\u00e7in de geri d\u00f6n\u00fc\u015fler yap\u0131l\u0131p bilgilendirme ger\u00e7ekle\u015ftiriyor. Bu kapsamda Akdeniz Belediyesi \u00c7a\u011fr\u0131 Merkezini ziyaret eden Ba\u015fkan Mustafa G\u00fcltak, vatanda\u015flardan gelen geri bildirimler hakk\u0131nda bilgi ald\u0131ktan sonra masaya oturup telefonlara cevap verdi.<br \/>\n&#8220;Bizler ula\u015f\u0131labilir insanlar\u0131z&#8221;<br \/>\nAkdeniz Belediyesi olarak her daim vatanda\u015f\u0131n yan\u0131nda olduklar\u0131n\u0131n alt\u0131n\u0131 \u00e7izen G\u00fcltak, &#8220;Gece g\u00fcnd\u00fcz demeden mesai yap\u0131yor ve il\u00e7emizin her k\u00f6\u015fesine ula\u015fmaya \u00e7al\u0131\u015f\u0131yoruz. T\u00fcm birimlerimiz bu salg\u0131n s\u00fcrecinde elinden gelenin en iyisini ortaya koyarak vatanda\u015f\u0131m\u0131z\u0131n sa\u011fl\u0131\u011f\u0131, huzuru ve mutlulu\u011fu i\u00e7in \u00e7al\u0131\u015f\u0131yor. Bizler ula\u015f\u0131labilir insanlar\u0131z. Bu ba\u011flamda da vatanda\u015f\u0131m\u0131z\u0131n sorunlar\u0131n\u0131, istek ve \u00f6nerilerini ilk elden tespit etmek amac\u0131yla \u00e7a\u011fr\u0131 merkezimizi hayata ge\u00e7irdik&#8221; diye konu\u015ftu.<br \/>\n&#8220;Bu samimiyet bizim i\u00e7in \u00e7ok de\u011ferli&#8221;<br \/>\nAkdeniz Belediyesi olarak k\u0131sa s\u00fcrede etkin \u00e7\u00f6z\u00fcm \u00fcretmek i\u00e7in \u00e7a\u011fr\u0131 merkezinin \u00f6nemine de\u011finen G\u00fcltak, &#8220;Bu sebepten \u00e7a\u011fr\u0131 merkezimizde k\u0131sa s\u00fcreli de olsa vatanda\u015flar\u0131m\u0131zdan gelen telefonlara ben bakt\u0131m. Kimisi \u00e7ok \u015fa\u015f\u0131rd\u0131, kimisi \u00e7ok mutlu oldu. Bu samimiyet bizler i\u00e7in \u00e7ok de\u011ferli. Bunun kar\u015f\u0131l\u0131\u011f\u0131nda ben de gelen talep ve \u00f6nerileri de\u011ferlendirip ilgili m\u00fcd\u00fcrl\u00fcklere talimat verdim. Vatanda\u015f\u0131m\u0131za \u00e7\u00f6z\u00fcm odakl\u0131 hizmet sunmak ad\u0131na t\u00fcm ekip arkada\u015flar\u0131m\u0131zla \u00e7al\u0131\u015fmalar\u0131m\u0131za ara vermeden devam edece\u011fiz&#8221; ifadelerini kulland\u0131.<\/p>\n","protected":false},"excerpt":{"rendered":"<p>Akdeniz Belediye Ba\u015fkan\u0131 Mustafa G\u00fcltak, belediyenin \u00e7a\u011fr\u0131 merkezine gelen telefonlar\u0131 yan\u0131tlayarak vatanda\u015flara s\u00fcrpriz yaparken, &#8220;Akdeniz&#8217;de k\u0131sa s\u00fcrede kaliteli \u00e7\u00f6z\u00fcm sunmak ad\u0131na \u00e7al\u0131\u015fmalar\u0131m\u0131z\u0131 s\u00fcrd\u00fcrece\u011fiz&#8221; dedi. Akdeniz Belediyesi taraf\u0131ndan daha seri ve &hellip; <a href=\"https:\/\/akdenizolaygazetesi.com\/?p=12229\" class=\"more-link\">Devam\u0131n\u0131 Oku&#8230;<\/a><\/p>\n","protected":false},"author":2,"featured_media":12231,"comment_status":"open","ping_status":"open","sticky":false,"template":"","format":"standard","meta":[],"categories":[1,2,3],"tags":[],"_links":{"self":[{"href":"https:\/\/akdenizolaygazetesi.com\/index.php?rest_route=\/wp\/v2\/posts\/12229"}],"collection":[{"href":"https:\/\/akdenizolaygazetesi.com\/index.php?rest_route=\/wp\/v2\/posts"}],"about":[{"href":"https:\/\/akdenizolaygazetesi.com\/index.php?rest_route=\/wp\/v2\/types\/post"}],"author":[{"embeddable":true,"href":"https:\/\/akdenizolaygazetesi.com\/index.php?rest_route=\/wp\/v2\/users\/2"}],"replies":[{"embeddable":true,"href":"https:\/\/akdenizolaygazetesi.com\/index.php?rest_route=%2Fwp%2Fv2%2Fcomments&post=12229"}],"version-history":[{"count":2,"href":"https:\/\/akdenizolaygazetesi.com\/index.php?rest_route=\/wp\/v2\/posts\/12229\/revisions"}],"predecessor-version":[{"id":12232,"href":"https:\/\/akdenizolaygazetesi.com\/index.php?rest_route=\/wp\/v2\/posts\/12229\/revisions\/12232"}],"wp:featuredmedia":[{"embeddable":true,"href":"https:\/\/akdenizolaygazetesi.com\/index.php?rest_route=\/wp\/v2\/media\/12231"}],"wp:attachment":[{"href":"https:\/\/akdenizolaygazetesi.com\/index.php?rest_route=%2Fwp%2Fv2%2Fmedia&parent=12229"}],"wp:term":[{"taxonomy":"category","embeddable":true,"href":"https:\/\/akdenizolaygazetesi.com\/index.php?rest_route=%2Fwp%2Fv2%2Fcategories&post=12229"},{"taxonomy":"post_tag","embeddable":true,"href":"https:\/\/akdenizolaygazetesi.com\/index.php?rest_route=%2Fwp%2Fv2%2Ftags&post=12229"}],"curies":[{"name":"wp","href":"https:\/\/api.w.org\/{rel}","templated":true}]}}