{"id":1223,"date":"2020-11-04T18:21:48","date_gmt":"2020-11-04T15:21:48","guid":{"rendered":"http:\/\/mersinekonomipolitikagazetesi.com\/?p=1223"},"modified":"2020-11-04T18:21:48","modified_gmt":"2020-11-04T15:21:48","slug":"4-mersin-caretta-bisiklet-festivali-basladi","status":"publish","type":"post","link":"https:\/\/akdenizolaygazetesi.com\/?p=1223","title":{"rendered":"4. Mersin Caretta Bisiklet Festivali ba\u015flad\u0131"},"content":{"rendered":"<p>Mersin B\u00fcy\u00fck\u015fehir Belediyesi ve Mersin Bisikletli Gezginler Derne\u011fi\u2019nin i\u015fbirli\u011fi ve Mersin \u00dcniversitesi\u2019nin akademik katk\u0131lar\u0131yla d\u00fczenlenen &#8220;4. Mersin Caretta Bisiklet Festivali&#8221; ba\u015flad\u0131.<\/p>\n<p><span style=\"color: rgb(0, 0, 0); font-family: Tahoma, Arial, 'Times New Roman TUR', Verdana; font-size: 15px; line-height: normal;\">Mersin\u2019in y\u0131llard\u0131r ev sahipli\u011fi yapt\u0131\u011f\u0131 caretta caretta kaplumba\u011falar\u0131n\u0131n bilinirli\u011fini art\u0131rmak, kaplumba\u011falar\u0131n korunmas\u0131n\u0131 ve \u00e7evreye kar\u015f\u0131 duyarl\u0131l\u0131\u011f\u0131 sa\u011flamak, bisiklet sporunun yayg\u0131nla\u015ft\u0131r\u0131lmas\u0131n\u0131n yan\u0131 s\u0131ra Mersin\u2019in do\u011fas\u0131n\u0131, k\u00fclt\u00fcr\u00fcn\u00fc, misafirperverli\u011fini tan\u0131tmak amac\u0131yla d\u00fczenlenen festivale, Mersin dahil olmak \u00fczere 11 ilden gelen 150 bisiklet gezgini kat\u0131ld\u0131. Mersin Amat\u00f6r Bal\u0131k\u00e7\u0131lar Derne\u011fi \u00f6n\u00fcnden ba\u015flayan ve 3 g\u00fcn s\u00fcrecek olan festivale, Mersin B\u00fcy\u00fck\u015fehir Belediyesi Genel Sekreter Yard\u0131mc\u0131s\u0131 Hasan G\u00f6kbel de kat\u0131larak bisiklet tutkunlar\u0131na destek verdi.<\/span><br style=\"color: rgb(0, 0, 0); font-family: Tahoma, Arial, 'Times New Roman TUR', Verdana; font-size: 15px; line-height: normal;\" \/><br \/>\n<span style=\"color: rgb(0, 0, 0); font-family: Tahoma, Arial, 'Times New Roman TUR', Verdana; font-size: 15px; line-height: normal;\">Festivalin ba\u015flang\u0131c\u0131nda bir konu\u015fma yapan Genel Sekreter Yard\u0131mc\u0131s\u0131 G\u00f6kbel, Mersin B\u00fcy\u00fck\u015fehir Belediyesi olarak spora verdikleri deste\u011fin alt\u0131n\u0131 \u00e7izerek, \u201cMersin B\u00fcy\u00fck\u015fehir Belediyesi olarak bisiklet yollar\u0131 yapmay\u0131 planl\u0131yoruz, 25 kilometrelik bisiklet yolu yap\u0131m i\u015fini planlar\u0131m\u0131z aras\u0131na ald\u0131k. Sportif t\u00fcm faaliyetleri ve festivalleri destekliyoruz. Tour Of Mersin yar\u0131\u015flar\u0131n\u0131 geleneksel hale getirdik. Caretta Bisiklet Festivali\u2019ne de destek veriyoruz ve bu etkinli\u011fi \u00f6nemsiyoruz. Avrupa Bisiklet Yar\u0131\u015flar\u0131\u2019na T\u00fcrkiye\u2019den kat\u0131lan iki \u015fehirden biri biziz. Bisiklet\u00e7i say\u0131m\u0131z artt\u0131k\u00e7a bu yar\u0131\u015fmalarda daha iyi dereceler alaca\u011f\u0131m\u0131za inan\u0131yorum. Bug\u00fcn bisiklet kullanacak sporcu arkada\u015flar\u0131ma da ba\u015far\u0131lar diliyorum\u201d dedi.<\/span><br style=\"color: rgb(0, 0, 0); font-family: Tahoma, Arial, 'Times New Roman TUR', Verdana; font-size: 15px; line-height: normal;\" \/><br \/>\n<span style=\"color: rgb(0, 0, 0); font-family: Tahoma, Arial, 'Times New Roman TUR', Verdana; font-size: 15px; line-height: normal;\">G\u00f6kbel\u2019in de bisiklet kulland\u0131\u011f\u0131 festivalde, bisiklet\u00e7ilerin olu\u015fturdu\u011fu bisiklet zinciri Mersin caddelerinde renkli g\u00f6r\u00fcnt\u00fclere sahne oldu. 19-21 May\u0131s tarihleri aras\u0131nda ger\u00e7ekle\u015fecek festivalde sporcular birinci g\u00fcn Narenciye Parkuru olarak adland\u0131r\u0131lan parkurda 57 kilometre yol kat ederken, eski Mezitli\u2019den ge\u00e7erek Erdemli \u00c7aml\u0131\u011f\u0131 Tabiat Park\u0131\u2019nda bisiklet turunu sonland\u0131rd\u0131. Sporcular, ikinci g\u00fcn 44 kilometre Kanyonlar Parkuru i\u00e7in Erdemli \u00c7aml\u0131\u011f\u0131 Tabiat Park\u0131\u2019ndan tura ba\u015flayarak, Sorgun ve Kayac\u0131 vadilerinden ge\u00e7ti ve yine Erdemli \u00c7aml\u0131\u011f\u0131 Tabiat Park\u0131\u2019nda turu sonland\u0131rd\u0131. 15-60 ya\u015f aras\u0131 bisiklet gezginlerinin kat\u0131ld\u0131\u011f\u0131 festivalin son parkuru olan Karakuz Parkuru\u2019nda ise bisiklet\u00e7iler 31 kilometre pedal \u00e7evirerek Cumhuriyet Meydan\u0131\u2019nda turu tamamlayacak.<\/span><\/p>\n","protected":false},"excerpt":{"rendered":"<p>Mersin B\u00fcy\u00fck\u015fehir Belediyesi ve Mersin Bisikletli Gezginler Derne\u011fi\u2019nin i\u015fbirli\u011fi ve Mersin \u00dcniversitesi\u2019nin akademik katk\u0131lar\u0131yla d\u00fczenlenen &#8220;4. Mersin Caretta Bisiklet Festivali&#8221; ba\u015flad\u0131. Mersin\u2019in y\u0131llard\u0131r ev sahipli\u011fi yapt\u0131\u011f\u0131 caretta caretta kaplumba\u011falar\u0131n\u0131n bilinirli\u011fini &hellip; <a href=\"https:\/\/akdenizolaygazetesi.com\/?p=1223\" class=\"more-link\">Devam\u0131n\u0131 Oku&#8230;<\/a><\/p>\n","protected":false},"author":1,"featured_media":0,"comment_status":"open","ping_status":"open","sticky":false,"template":"","format":"standard","meta":[],"categories":[],"tags":[],"_links":{"self":[{"href":"https:\/\/akdenizolaygazetesi.com\/index.php?rest_route=\/wp\/v2\/posts\/1223"}],"collection":[{"href":"https:\/\/akdenizolaygazetesi.com\/index.php?rest_route=\/wp\/v2\/posts"}],"about":[{"href":"https:\/\/akdenizolaygazetesi.com\/index.php?rest_route=\/wp\/v2\/types\/post"}],"author":[{"embeddable":true,"href":"https:\/\/akdenizolaygazetesi.com\/index.php?rest_route=\/wp\/v2\/users\/1"}],"replies":[{"embeddable":true,"href":"https:\/\/akdenizolaygazetesi.com\/index.php?rest_route=%2Fwp%2Fv2%2Fcomments&post=1223"}],"version-history":[{"count":0,"href":"https:\/\/akdenizolaygazetesi.com\/index.php?rest_route=\/wp\/v2\/posts\/1223\/revisions"}],"wp:attachment":[{"href":"https:\/\/akdenizolaygazetesi.com\/index.php?rest_route=%2Fwp%2Fv2%2Fmedia&parent=1223"}],"wp:term":[{"taxonomy":"category","embeddable":true,"href":"https:\/\/akdenizolaygazetesi.com\/index.php?rest_route=%2Fwp%2Fv2%2Fcategories&post=1223"},{"taxonomy":"post_tag","embeddable":true,"href":"https:\/\/akdenizolaygazetesi.com\/index.php?rest_route=%2Fwp%2Fv2%2Ftags&post=1223"}],"curies":[{"name":"wp","href":"https:\/\/api.w.org\/{rel}","templated":true}]}}