{"id":12237,"date":"2021-05-06T11:47:20","date_gmt":"2021-05-06T08:47:20","guid":{"rendered":"http:\/\/akdenizolaygazetesi.com\/?p=12237"},"modified":"2021-05-06T11:47:59","modified_gmt":"2021-05-06T08:47:59","slug":"buyuksehir-baskan-vekili-gulcan-kis-uclg-mewa-cevrim-ici-yonetim-kurulu-toplantisina-katildi","status":"publish","type":"post","link":"https:\/\/akdenizolaygazetesi.com\/?p=12237","title":{"rendered":"B\u00dcY\u00dcK\u015eEH\u0130R BA\u015eKAN VEK\u0130L\u0130 G\u00dcLCAN KI\u015e, UCLG-MEWA \u00c7EVR\u0130M \u0130\u00c7\u0130 Y\u00d6NET\u0130M KURULU TOPLANTISINA KATILDI"},"content":{"rendered":"<p>Birle\u015fmi\u015f Kentler ve Yerel Y\u00f6netimler Orta Do\u011fu ve Bat\u0131 Asya B\u00f6lge Te\u015fkilat\u0131\u2019n\u0131n (UCLG-MEWA) 17\u2019nci y\u0131l\u0131na \u00f6zel geni\u015f kat\u0131l\u0131ml\u0131 \u00e7evrim i\u00e7i bir toplant\u0131 ger\u00e7ekle\u015ftirildi. UCLG-MEWA Sosyal \u0130\u00e7erme Komitesi Ba\u015fkan\u0131 Mersin B\u00fcy\u00fck\u015fehir Belediye Ba\u015fkan\u0131 Vahap Se\u00e7er\u2019e vekaleten UCLG-MEWA \u00c7evrim i\u00e7i Y\u00f6netim Kurulu toplant\u0131s\u0131na kat\u0131lan Mersin B\u00fcy\u00fck\u015fehir Belediye Ba\u015fkan Vekili G\u00fclcan K\u0131\u015f, UCLG-MEWA Sosyal \u0130\u00e7erme Komitesi Faaliyet Raporu\u2019nu kat\u0131l\u0131mc\u0131larla payla\u015ft\u0131.<\/p>\n<p>G\u00f6rev G\u00fcc\u00fc taraf\u0131ndan 11 May\u0131s\u2019ta yap\u0131lacak olan \u201cG\u00f6\u00e7menler ve M\u00fclteciler \u0130\u00e7in \u0130nsana Yak\u0131\u015f\u0131r \u0130\u015f Olanaklar\u0131\u201d konulu \u00fc\u00e7\u00fcnc\u00fc toplant\u0131ya t\u00fcm kat\u0131l\u0131mc\u0131lar\u0131 davet eden Vekil G\u00fclcan K\u0131\u015f, iki oturumdan olu\u015facak toplant\u0131n\u0131n moderat\u00f6rl\u00fc\u011f\u00fcn\u00fc D\u00fcnya Yerel Y\u00f6netim ve Demokrasi Akademisi Vakf\u0131 ve Gaziantep B\u00fcy\u00fck\u015fehir Belediyesi\u2019nin y\u00fcr\u00fctece\u011fi bilgisini verdi.<\/p>\n<p>G\u00f6\u00e7 K\u00fcresel G\u00f6rev G\u00fcc\u00fc kurulmas\u0131 karar\u0131 al\u0131nd\u0131<\/p>\n<p>UCLG-MEWA\u2019n\u0131n 17\u2019nci y\u0131l\u0131n\u0131 kutlayarak konu\u015fmas\u0131na ba\u015flayan Vekil G\u00fclcan K\u0131\u015f, kat\u0131l\u0131mc\u0131larla payla\u015ft\u0131\u011f\u0131 faaliyet raporunda UCLG-MEWA Sosyal \u0130\u00e7erme Komitesi\u2019nin \u2018L\u00fcbnan\/\u00dcrd\u00fcn ve T\u00fcrkiye&#8217;deki Suriyeliler ve G\u00f6\u00e7 Y\u00f6netiminde Belediyelerin Rol\u00fc\u2019 ba\u015fl\u0131kl\u0131 bir rapor serisi haz\u0131rlad\u0131\u011f\u0131n\u0131 ve bu raporlar\u0131n, acil durumlarda belediyelerin Suriyeli m\u00fclteci ak\u0131n\u0131 ile ba\u015fa \u00e7\u0131kma mekanizmalar\u0131n\u0131, diren\u00e7liliklerini, sosyal i\u00e7erme kapasitelerini ve kalk\u0131nma potansiyellerini de\u011ferlendirdi\u011fini s\u00f6yledi.<\/p>\n<p>Arap\u00e7a, T\u00fcrk\u00e7e ve \u0130ngilizce olarak haz\u0131rlanan bu raporlar\u0131n her sene g\u00fcncellenerek bas\u0131lmas\u0131 ve g\u00f6\u00e7 literat\u00fcr\u00fcne aktif bir katk\u0131 sa\u011flamas\u0131n\u0131n planland\u0131\u011f\u0131n\u0131 da belirten K\u0131\u015f, 26-27 Aral\u0131k 2019 tarihlerinde Gaziantep&#8217;te d\u00fczenlenen \u2018G\u00f6\u00e7 ve Yerinden Edilmeye Y\u00f6nelik Yerel \u00c7\u00f6z\u00fcmler Uluslararas\u0131 Forumu\u2019 \u00e7er\u00e7evesinde, Gaziantep Bildirgesi\u2019nde imzalanan taahh\u00fctlerin yerine getirilmesi ve s\u00f6zlerin eyleme d\u00f6n\u00fc\u015ft\u00fcr\u00fclmesi i\u00e7in bir takip mekanizmas\u0131 olarak G\u00f6\u00e7 K\u00fcresel G\u00f6rev G\u00fcc\u00fc kurulmas\u0131 karar\u0131 al\u0131nd\u0131\u011f\u0131n\u0131 da s\u00f6zlerine ekledi.<\/p>\n<p>G\u00f6rev G\u00fcc\u00fc, yeni bir perspektif kazand\u0131rmay\u0131 ama\u00e7l\u0131yor<\/p>\n<p>Gaziantep B\u00fcy\u00fck\u015fehir Belediyesi, Birle\u015fmi\u015f Milletler Kalk\u0131nma Program\u0131, Birle\u015fmi\u015f Milletler G\u00f6\u00e7 Y\u00fcksek Komiserli\u011fi, Uluslararas\u0131 G\u00f6\u00e7 \u00d6rg\u00fct\u00fc, D\u00fcnya Yerel Y\u00f6netim ve Demokrasi Akademisi Vakf\u0131, TBB ve UCLG-MEWA partnerli\u011finde olu\u015fturulan G\u00f6rev G\u00fcc\u00fc\u2019n\u00fcn, yine bu partnerlerin olu\u015fturdu\u011fu \u0130dari Komite arac\u0131l\u0131\u011f\u0131yla y\u00f6netildi\u011fini dile getiren K\u0131\u015f, UCLG-MEWA Sosyal \u0130\u00e7erme Komitesi\u2019nin ise G\u00f6rev G\u00fcc\u00fc\u2019n\u00fcn sekretarya i\u015flemlerini y\u00fcr\u00fctt\u00fc\u011f\u00fcn\u00fc ve bunun yan\u0131 s\u0131ra G\u00f6\u00e7 K\u00fcresel G\u00f6rev G\u00fcc\u00fc\u2019n\u00fcn web sitesinin haz\u0131rland\u0131\u011f\u0131n\u0131 kaydetti.  G\u00f6rev G\u00fcc\u00fc\u2019n\u00fcn ilk toplant\u0131s\u0131n\u0131n, d\u00fcnyan\u0131n farkl\u0131 yerlerinden 50\u2019den fazla kat\u0131l\u0131mc\u0131yla \u00e7evrim i\u00e7i bir ortamda ger\u00e7ekle\u015fti\u011fini s\u00f6yleyen K\u0131\u015f, toplant\u0131n\u0131n K\u00fcresel G\u00f6\u00e7 G\u00f6rev G\u00fcc\u00fc\u2019n\u00fcn ve Gaziantep Deklarasyonunun tan\u0131t\u0131lmas\u0131 amac\u0131yla d\u00fczenlendi\u011fini, G\u00f6rev G\u00fcc\u00fc \u00fcyelerine ve uluslararas\u0131 camiada g\u00f6\u00e7 \u00e7al\u0131\u015fmalar\u0131 ile ilgilenen kurum ve ki\u015filere yeni bir perspektif kazand\u0131rmay\u0131 ama\u00e7lad\u0131\u011f\u0131n\u0131 kaydetti.<\/p>\n<p>G\u00f6rev G\u00fcc\u00fc\u2019n\u00fcn ikinci toplant\u0131s\u0131nda 100\u2019den fazla kat\u0131l\u0131mc\u0131 yer ald\u0131<\/p>\n<p>G\u00f6rev G\u00fcc\u00fc\u2019n\u00fcn ikinci toplant\u0131s\u0131n\u0131n \u015eubat ay\u0131nda \u2018G\u00f6\u00e7 ve yerinden edilmeye kar\u015f\u0131 etkili yerel yan\u0131tlar i\u00e7in \u00e7ok katmanl\u0131 y\u00f6neti\u015fim\u2019 konusu etraf\u0131nda \u015fekillendi\u011fini hat\u0131rlatan G\u00fclcan K\u0131\u015f, \u2018Toparlanma i\u00e7in kilit rol olarak \u00e7ok katmanl\u0131 y\u00f6neti\u015fim ve etkili veri payla\u015f\u0131m\u0131\u2019 ve \u2018K\u00fc\u00e7\u00fck ve arac\u0131 \u015fehirlerin istikrar kataliz\u00f6r\u00fc olarak rolleri\u2019 konulu iki oturumdan meydana gelen toplant\u0131n\u0131n 100\u2019den fazla uluslararas\u0131 kat\u0131l\u0131mc\u0131yla ger\u00e7ekle\u015fti\u011fini ifade etti.<\/p>\n<p>K\u0131\u015f, kat\u0131l\u0131mc\u0131lar\u0131 11 May\u0131s\u2019ta d\u00fczenlenecek \u00fc\u00e7\u00fcnc\u00fc toplant\u0131ya davet etti<\/p>\n<p>G\u00f6rev G\u00fcc\u00fc\u2019n\u00fcn, 11 May\u0131s 2021 tarihinde \u2018G\u00f6\u00e7menler ve M\u00fclteciler \u0130\u00e7in \u0130nsana Yak\u0131\u015f\u0131r \u0130\u015f Olanaklar\u0131\u2019 konulu \u00fc\u00e7\u00fcnc\u00fc toplant\u0131s\u0131n\u0131 d\u00fczenleyece\u011fini de dile getiren G\u00fclcan K\u0131\u015f, \u015funlar\u0131 s\u00f6yledi:<\/p>\n<p>\u201c\u00d6zel Sekt\u00f6rle Yerel Ortakl\u0131klar\u2019 ve \u2018\u0130nsana Yak\u0131\u015f\u0131r \u0130\u015f Olanaklar\u0131na Eri\u015fim\u2019 ba\u015fl\u0131kl\u0131 iki oturumdan olu\u015fan toplant\u0131n\u0131n moderat\u00f6rl\u00fc\u011f\u00fcn\u00fc D\u00fcnya Yerel Y\u00f6netim ve Demokrasi Akademisi Vakf\u0131 ve Gaziantep B\u00fcy\u00fck\u015fehir Belediyesi y\u00fcr\u00fctecek. UCLG-MEWA, D\u00fcnya Yerel Y\u00f6netim ve Demokrasi Akademisi Vakf\u0131 ile ortakla\u015fa, \u0130stanbul&#8217;daki m\u00fclteciler i\u00e7in bir de\u011ferlendirme anketi geli\u015ftirdi. Bu de\u011ferlendirmenin amac\u0131, COVID-19&#8217;un T\u00fcrkiye&#8217;deki m\u00fclteciler \u00fczerindeki etkisine genel bir bak\u0131\u015f elde etmek ve bu bilgiler \u0131\u015f\u0131\u011f\u0131nda m\u00fcltecilerin ihtiya\u00e7lar\u0131n\u0131 ay\u0131rt etmekti. UCLG-MEWA Sosyal \u0130\u00e7erme Komitesi, G\u00f6\u00e7 ve Kalk\u0131nma Zirvesi K\u00fcresel Forumu&#8217;na aktif olarak kat\u0131ld\u0131 ve UCLG-MEWA Zirvede \u20182020 tarihinde Ortaya \u00c7\u0131kan Sorunlar ve 2022 Uluslararas\u0131 G\u00f6\u00e7 De\u011ferlendirme Forumu\u2019 konulu oturumu y\u00f6netti. UCLG-MEWA, M\u00fclteciler \u00dczerine K\u00fcresel Mutabakat ve G\u00f6\u00e7 \u00dczerine K\u00fcresel Mutabakat takip mekanizmalar\u0131n\u0131n \u00e7al\u0131\u015fmalar\u0131n\u0131 aktif olarak takip etmi\u015f ve bu s\u00fcre\u00e7lerin b\u00f6lgesel incelemelerine ve \u00e7ok payda\u015fl\u0131 isti\u015farelerine kat\u0131lm\u0131\u015ft\u0131r. Dezavantajl\u0131 gruplar\u0131n topluma entegrasyonuna de\u011fil, b\u00fct\u00fcn taraflar\u0131n harmonik ve b\u00fct\u00fcnc\u00fcl bir \u015fekilde toplumsal uyum olu\u015fturmas\u0131n\u0131 savunan Sosyal \u0130\u00e7erme Komitesi, b\u00fct\u00fcn faaliyetleriyle ve \u00fcyelerinin de deste\u011fiyle demokratik kat\u0131l\u0131m ve daha kapsay\u0131c\u0131 bir toplum i\u00e7in \u00e7al\u0131\u015fmaya devam ediyor.\u201d<\/p>\n","protected":false},"excerpt":{"rendered":"<p>Birle\u015fmi\u015f Kentler ve Yerel Y\u00f6netimler Orta Do\u011fu ve Bat\u0131 Asya B\u00f6lge Te\u015fkilat\u0131\u2019n\u0131n (UCLG-MEWA) 17\u2019nci y\u0131l\u0131na \u00f6zel geni\u015f kat\u0131l\u0131ml\u0131 \u00e7evrim i\u00e7i bir toplant\u0131 ger\u00e7ekle\u015ftirildi. UCLG-MEWA Sosyal \u0130\u00e7erme Komitesi Ba\u015fkan\u0131 Mersin B\u00fcy\u00fck\u015fehir &hellip; <a href=\"https:\/\/akdenizolaygazetesi.com\/?p=12237\" class=\"more-link\">Devam\u0131n\u0131 Oku&#8230;<\/a><\/p>\n","protected":false},"author":2,"featured_media":12239,"comment_status":"open","ping_status":"open","sticky":false,"template":"","format":"standard","meta":[],"categories":[8,1,2,3],"tags":[],"_links":{"self":[{"href":"https:\/\/akdenizolaygazetesi.com\/index.php?rest_route=\/wp\/v2\/posts\/12237"}],"collection":[{"href":"https:\/\/akdenizolaygazetesi.com\/index.php?rest_route=\/wp\/v2\/posts"}],"about":[{"href":"https:\/\/akdenizolaygazetesi.com\/index.php?rest_route=\/wp\/v2\/types\/post"}],"author":[{"embeddable":true,"href":"https:\/\/akdenizolaygazetesi.com\/index.php?rest_route=\/wp\/v2\/users\/2"}],"replies":[{"embeddable":true,"href":"https:\/\/akdenizolaygazetesi.com\/index.php?rest_route=%2Fwp%2Fv2%2Fcomments&post=12237"}],"version-history":[{"count":1,"href":"https:\/\/akdenizolaygazetesi.com\/index.php?rest_route=\/wp\/v2\/posts\/12237\/revisions"}],"predecessor-version":[{"id":12238,"href":"https:\/\/akdenizolaygazetesi.com\/index.php?rest_route=\/wp\/v2\/posts\/12237\/revisions\/12238"}],"wp:featuredmedia":[{"embeddable":true,"href":"https:\/\/akdenizolaygazetesi.com\/index.php?rest_route=\/wp\/v2\/media\/12239"}],"wp:attachment":[{"href":"https:\/\/akdenizolaygazetesi.com\/index.php?rest_route=%2Fwp%2Fv2%2Fmedia&parent=12237"}],"wp:term":[{"taxonomy":"category","embeddable":true,"href":"https:\/\/akdenizolaygazetesi.com\/index.php?rest_route=%2Fwp%2Fv2%2Fcategories&post=12237"},{"taxonomy":"post_tag","embeddable":true,"href":"https:\/\/akdenizolaygazetesi.com\/index.php?rest_route=%2Fwp%2Fv2%2Ftags&post=12237"}],"curies":[{"name":"wp","href":"https:\/\/api.w.org\/{rel}","templated":true}]}}