{"id":12276,"date":"2021-05-08T16:53:54","date_gmt":"2021-05-08T13:53:54","guid":{"rendered":"http:\/\/akdenizolaygazetesi.com\/?p=12276"},"modified":"2021-05-08T16:55:04","modified_gmt":"2021-05-08T13:55:04","slug":"yenice-ataturk-bulvari-buyuksehir-tarafindan-yenileniyor","status":"publish","type":"post","link":"https:\/\/akdenizolaygazetesi.com\/?p=12276","title":{"rendered":"YEN\u0130CE ATAT\u00dcRK BULVARI, B\u00dcY\u00dcK\u015eEH\u0130R TARAFINDAN YEN\u0130LEN\u0130YOR"},"content":{"rendered":"<p>Merkez il\u00e7elerdeki bir\u00e7ok cadde ve bulvarda yenileme faaliyetlerini tamamlayan Mersin B\u00fcy\u00fck\u015fehir Belediyesi, Anamur\u2019dan Tarsus\u2019a kadar k\u0131rsal il\u00e7elerde de yol d\u00fczenleme ata\u011f\u0131n\u0131 s\u00fcrd\u00fcr\u00fcyor. B\u00fcy\u00fck\u015fehir, trafik ak\u0131\u015f\u0131n\u0131n g\u00fcvenli \u015fekilde sa\u011flanmas\u0131 i\u00e7in cadde ve bulvarlar \u00fczerinde y\u0131pranan zeminleri s\u00f6kerek yenilerken, yayalar\u0131n uygun kullan\u0131m\u0131 i\u00e7in de kald\u0131r\u0131m yenileme \u00e7al\u0131\u015fmalar\u0131na devam ediyor.<\/p>\n<p>Yenice\u2019de yenileme \u00e7al\u0131\u015fmas\u0131 ba\u015flad\u0131<\/p>\n<p>Mersin\u2019in en do\u011fu s\u0131n\u0131r\u0131n\u0131 olu\u015fturan Tarsus\u2019a ba\u011fl\u0131 Yenice Mahallesi\u2019nde yer alan 2 bin 700 metre uzunlu\u011fundaki Atat\u00fcrk Bulvar\u0131\u2019nda B\u00fcy\u00fck\u015fehir Yol Yap\u0131m Bak\u0131m ve Onar\u0131m Dairesi ekipleri taraf\u0131ndan yenileme \u00e7al\u0131\u015fmas\u0131 ba\u015flat\u0131ld\u0131.<\/p>\n<p>Yenice\u2019nin Tarsus y\u00f6n\u00fc giri\u015finden ba\u015flay\u0131p, Adana istikameti \u00e7\u0131k\u0131\u015f\u0131na kadar uzanan ve trafik ak\u0131\u015f\u0131n\u0131n yo\u011fun oldu\u011fu Atat\u00fcrk Bulvar\u0131 \u00fczerinde y\u0131pranan kald\u0131r\u0131m ve ref\u00fcj ta\u015flar\u0131n\u0131n s\u00f6k\u00fcm\u00fc ger\u00e7ekle\u015ftiriliyor. Ekipler, y\u0131pranan yol zeminini de kaz\u0131yarak yenileyecek.<\/p>\n<p>Yeniden kald\u0131r\u0131m d\u00f6\u015feme faaliyetinin ba\u015flad\u0131\u011f\u0131 \u00e7al\u0131\u015fma kapsam\u0131nda y\u0131pranan yol zeminine s\u00f6k\u00fcm i\u015fleminin ard\u0131ndan revize ve s\u0131k\u0131la\u015ft\u0131rma uygulamas\u0131 da yap\u0131lacak. Ref\u00fcj ta\u015flar\u0131n\u0131n da yenilenmesinin ard\u0131ndan yol d\u00fczenleme i\u015flemi yap\u0131lacak.<\/p>\n<p>U\u011fur Mumcu Bulvar\u0131 da yenilenecek<\/p>\n<p>Mersin B\u00fcy\u00fck\u015fehir Belediyesi\u2019ne ba\u011fl\u0131 ekipler taraf\u0131ndan Yenice Atat\u00fcrk Bulvar\u0131\u2019ndaki \u00e7al\u0131\u015fman\u0131n ard\u0131ndan mahalle i\u00e7erisinden kuzey-g\u00fcney do\u011frultusunda ge\u00e7en U\u011fur Mumcu Bulvar\u0131 \u00fczerinde de kald\u0131r\u0131m ve yol yenileme i\u015flemi yap\u0131lacak.<\/p>\n","protected":false},"excerpt":{"rendered":"<p>Merkez il\u00e7elerdeki bir\u00e7ok cadde ve bulvarda yenileme faaliyetlerini tamamlayan Mersin B\u00fcy\u00fck\u015fehir Belediyesi, Anamur\u2019dan Tarsus\u2019a kadar k\u0131rsal il\u00e7elerde de yol d\u00fczenleme ata\u011f\u0131n\u0131 s\u00fcrd\u00fcr\u00fcyor. B\u00fcy\u00fck\u015fehir, trafik ak\u0131\u015f\u0131n\u0131n g\u00fcvenli \u015fekilde sa\u011flanmas\u0131 i\u00e7in cadde &hellip; <a href=\"https:\/\/akdenizolaygazetesi.com\/?p=12276\" class=\"more-link\">Devam\u0131n\u0131 Oku&#8230;<\/a><\/p>\n","protected":false},"author":2,"featured_media":12278,"comment_status":"open","ping_status":"open","sticky":false,"template":"","format":"standard","meta":[],"categories":[34,1,3,5],"tags":[],"_links":{"self":[{"href":"https:\/\/akdenizolaygazetesi.com\/index.php?rest_route=\/wp\/v2\/posts\/12276"}],"collection":[{"href":"https:\/\/akdenizolaygazetesi.com\/index.php?rest_route=\/wp\/v2\/posts"}],"about":[{"href":"https:\/\/akdenizolaygazetesi.com\/index.php?rest_route=\/wp\/v2\/types\/post"}],"author":[{"embeddable":true,"href":"https:\/\/akdenizolaygazetesi.com\/index.php?rest_route=\/wp\/v2\/users\/2"}],"replies":[{"embeddable":true,"href":"https:\/\/akdenizolaygazetesi.com\/index.php?rest_route=%2Fwp%2Fv2%2Fcomments&post=12276"}],"version-history":[{"count":1,"href":"https:\/\/akdenizolaygazetesi.com\/index.php?rest_route=\/wp\/v2\/posts\/12276\/revisions"}],"predecessor-version":[{"id":12277,"href":"https:\/\/akdenizolaygazetesi.com\/index.php?rest_route=\/wp\/v2\/posts\/12276\/revisions\/12277"}],"wp:featuredmedia":[{"embeddable":true,"href":"https:\/\/akdenizolaygazetesi.com\/index.php?rest_route=\/wp\/v2\/media\/12278"}],"wp:attachment":[{"href":"https:\/\/akdenizolaygazetesi.com\/index.php?rest_route=%2Fwp%2Fv2%2Fmedia&parent=12276"}],"wp:term":[{"taxonomy":"category","embeddable":true,"href":"https:\/\/akdenizolaygazetesi.com\/index.php?rest_route=%2Fwp%2Fv2%2Fcategories&post=12276"},{"taxonomy":"post_tag","embeddable":true,"href":"https:\/\/akdenizolaygazetesi.com\/index.php?rest_route=%2Fwp%2Fv2%2Ftags&post=12276"}],"curies":[{"name":"wp","href":"https:\/\/api.w.org\/{rel}","templated":true}]}}