{"id":12279,"date":"2021-05-08T16:57:14","date_gmt":"2021-05-08T13:57:14","guid":{"rendered":"http:\/\/akdenizolaygazetesi.com\/?p=12279"},"modified":"2021-05-08T16:58:01","modified_gmt":"2021-05-08T13:58:01","slug":"tiyatro-ve-orkestra-sanatcilari-da-dar-gelirliler-icin-seferber-oldu","status":"publish","type":"post","link":"https:\/\/akdenizolaygazetesi.com\/?p=12279","title":{"rendered":"T\u0130YATRO VE ORKESTRA SANAT\u00c7ILARI DA DAR GEL\u0130RL\u0130LER \u0130\u00c7\u0130N SEFERBER OLDU"},"content":{"rendered":"<p>Dar gelirli yurtta\u015flar\u0131n \u00f6zellikle pandemi d\u00f6neminde bir nebze de olsa mutfak masraflar\u0131n\u0131n rahatlamas\u0131 ad\u0131na yemek ve koli da\u011f\u0131t\u0131mlar\u0131 ger\u00e7ekle\u015ftiren Mersin B\u00fcy\u00fck\u015fehir Belediyesi, tam kapanma d\u00f6nemine denk gelen Ramazan Bayram\u0131 \u00f6ncesinde de da\u011f\u0131tt\u0131\u011f\u0131 kolilerle dar gelirli yurtta\u015flara ula\u015fmaya devam ediyor.<\/p>\n<p>B\u00fcy\u00fck\u015fehir Belediyesi Sosyal Hizmetler Dairesi personeli ile K\u00fclt\u00fcr ve Sosyal \u0130\u015fler Dairesi b\u00fcnyesinde hizmet veren tiyatro ve orkestra sanat\u00e7\u0131lar\u0131, mahalle mahalle gezerek vatanda\u015flara koli da\u011f\u0131t\u0131m\u0131 ger\u00e7ekle\u015ftirdi. Daha \u00f6nce \u00fcreticiden al\u0131nan sebzelerin da\u011f\u0131t\u0131m\u0131nda bir araya gelerek h\u0131zl\u0131 bir \u015fekilde vatanda\u015flara ula\u015ft\u0131r\u0131lmas\u0131 i\u00e7in \u00e7al\u0131\u015fan ekip, bu kez de koli da\u011f\u0131t\u0131m\u0131 i\u00e7in bir araya geldi. Ramazan Bayram\u0131 \u00f6ncesi yap\u0131lan da\u011f\u0131t\u0131mlar, pandemi ve tam kapanma nedeniyle i\u015fini kaybeden ya da \u00e7al\u0131\u015famayan yurtta\u015flar\u0131 bir nebze de olsa rahatlatm\u0131\u015f oldu.<\/p>\n","protected":false},"excerpt":{"rendered":"<p>Dar gelirli yurtta\u015flar\u0131n \u00f6zellikle pandemi d\u00f6neminde bir nebze de olsa mutfak masraflar\u0131n\u0131n rahatlamas\u0131 ad\u0131na yemek ve koli da\u011f\u0131t\u0131mlar\u0131 ger\u00e7ekle\u015ftiren Mersin B\u00fcy\u00fck\u015fehir Belediyesi, tam kapanma d\u00f6nemine denk gelen Ramazan Bayram\u0131 \u00f6ncesinde &hellip; <a href=\"https:\/\/akdenizolaygazetesi.com\/?p=12279\" class=\"more-link\">Devam\u0131n\u0131 Oku&#8230;<\/a><\/p>\n","protected":false},"author":2,"featured_media":12281,"comment_status":"open","ping_status":"open","sticky":false,"template":"","format":"standard","meta":[],"categories":[34,1,3],"tags":[],"_links":{"self":[{"href":"https:\/\/akdenizolaygazetesi.com\/index.php?rest_route=\/wp\/v2\/posts\/12279"}],"collection":[{"href":"https:\/\/akdenizolaygazetesi.com\/index.php?rest_route=\/wp\/v2\/posts"}],"about":[{"href":"https:\/\/akdenizolaygazetesi.com\/index.php?rest_route=\/wp\/v2\/types\/post"}],"author":[{"embeddable":true,"href":"https:\/\/akdenizolaygazetesi.com\/index.php?rest_route=\/wp\/v2\/users\/2"}],"replies":[{"embeddable":true,"href":"https:\/\/akdenizolaygazetesi.com\/index.php?rest_route=%2Fwp%2Fv2%2Fcomments&post=12279"}],"version-history":[{"count":1,"href":"https:\/\/akdenizolaygazetesi.com\/index.php?rest_route=\/wp\/v2\/posts\/12279\/revisions"}],"predecessor-version":[{"id":12280,"href":"https:\/\/akdenizolaygazetesi.com\/index.php?rest_route=\/wp\/v2\/posts\/12279\/revisions\/12280"}],"wp:featuredmedia":[{"embeddable":true,"href":"https:\/\/akdenizolaygazetesi.com\/index.php?rest_route=\/wp\/v2\/media\/12281"}],"wp:attachment":[{"href":"https:\/\/akdenizolaygazetesi.com\/index.php?rest_route=%2Fwp%2Fv2%2Fmedia&parent=12279"}],"wp:term":[{"taxonomy":"category","embeddable":true,"href":"https:\/\/akdenizolaygazetesi.com\/index.php?rest_route=%2Fwp%2Fv2%2Fcategories&post=12279"},{"taxonomy":"post_tag","embeddable":true,"href":"https:\/\/akdenizolaygazetesi.com\/index.php?rest_route=%2Fwp%2Fv2%2Ftags&post=12279"}],"curies":[{"name":"wp","href":"https:\/\/api.w.org\/{rel}","templated":true}]}}