{"id":1228,"date":"2020-11-04T18:21:49","date_gmt":"2020-11-04T15:21:49","guid":{"rendered":"http:\/\/mersinekonomipolitikagazetesi.com\/?p=1228"},"modified":"2020-11-04T18:21:49","modified_gmt":"2020-11-04T15:21:49","slug":"adana-demirspor-zor-kurtardi","status":"publish","type":"post","link":"https:\/\/akdenizolaygazetesi.com\/?p=1228","title":{"rendered":"Adana Demirspor, zor kurtard\u0131"},"content":{"rendered":"<p>TFF 1. Lig&#8217;in son haftas\u0131nda Mersin \u0130dmanyurdu, evinde Adana Demirspor ile 2-2 berabere kald\u0131. Ma\u00e7 sonu d\u00fczenlenen bas\u0131n toplant\u0131s\u0131nda Mersin \u0130dmanyurdu&#8217;nun Teknik Direkt\u00f6r\u00fc Levent Eri\u015f, g\u00f6revinden istifa etti\u011fini a\u00e7\u0131klad\u0131.<\/p>\n<p><span style=\"color: rgb(0, 0, 0); font-family: Tahoma, Arial, 'Times New Roman TUR', Verdana; font-size: 15px; line-height: normal;\">Ma\u00e7 sonras\u0131 d\u00fczenlenen bas\u0131n toplant\u0131s\u0131nda konu\u015fan Levent Eri\u015f, haftalar \u00f6ncesi k\u00fcme d\u00fc\u015fme ac\u0131s\u0131n\u0131 ya\u015fad\u0131klar\u0131n\u0131 vurgulayarak, &#8220;Bu ma\u00e7 bir\u00e7ok tak\u0131m\u0131 ilgilendiren bir ma\u00e7t\u0131. Biz gen\u00e7 oyuncular\u0131n onurlu m\u00fccadelesine tan\u0131k olduk. Biz buradan b\u0131rak\u0131p giden korkaklardan olmak istemedik. Bu kap\u0131 kapanana kadar ba\u015flar\u0131nda kalmak istedim. Neden d\u00fc\u015ft\u00fc\u011f\u00fcn\u00fc Mersinliler iyi biliyor. Burada hayat\u0131mda g\u00f6rmedi\u011fim kadar \u00e7ok kar\u0131\u015f\u0131k \u015feylerle kar\u015f\u0131la\u015ft\u0131m. Ge\u00e7mi\u015fte burada g\u00f6rev yapt\u0131\u011f\u0131m y\u0131llar\u0131 mumla arad\u0131m. Mersin tak\u0131m\u0131 d\u00fc\u015fmedi olmayan bir kul\u00fcb\u00fc d\u00fc\u015ft\u00fc. Bir tesisi dahi olmayan bir kul\u00fcpten bahsediyoruz. Bilenler biliyor ama antrenman sahas\u0131, yatacak yeri dahi olmayan bir tak\u0131mdan bahsediyoruz. Bunlar\u0131 sorgulamayanlar bu tak\u0131m niye d\u00fc\u015ft\u00fc diyorsa ben onda kas\u0131t arar\u0131m. Bu tak\u0131m 2-3 y\u0131l \u00f6nce s\u00fcper ligdeydi. Burada \u00e7ocuklar\u0131n al\u0131n teri var. Bu tak\u0131m ligden d\u00fc\u015ft\u00fc ama aya\u011fa kalkmak istiyorsa tekrar yap\u0131lanman\u0131n \u015fart oldu\u011funu bilmeli. \u015eampiyonluklar, k\u00fcme d\u00fc\u015fmeler gelir ge\u00e7er. Geldi\u011fimiz noktada \u00e7al\u0131\u015facak bir sahas\u0131 bile yok, yatacak yeri yok. Biraz daha do\u011frular\u0131 konu\u015fmak laz\u0131m. Kimsenin istifa \u00e7a\u011fr\u0131s\u0131na gerek yok ben y\u00f6netime zaten haftalar \u00f6ne bildirmi\u015ftim ama \u00e7ocuklara a\u011fabeylik yapmak i\u00e7in kald\u0131m. Benim g\u00f6revim buraya kadard\u0131. Ben g\u00f6revimi bug\u00fcn noktalad\u0131m&#8221; diye konu\u015ftu.<\/span><br style=\"color: rgb(0, 0, 0); font-family: Tahoma, Arial, 'Times New Roman TUR', Verdana; font-size: 15px; line-height: normal;\" \/><br \/>\n<br style=\"color: rgb(0, 0, 0); font-family: Tahoma, Arial, 'Times New Roman TUR', Verdana; font-size: 15px; line-height: normal;\" \/><br \/>\n<span style=\"color: rgb(0, 0, 0); font-family: Tahoma, Arial, 'Times New Roman TUR', Verdana; font-size: 15px; line-height: normal;\">Adana Demirspor cephesi<\/span><br style=\"color: rgb(0, 0, 0); font-family: Tahoma, Arial, 'Times New Roman TUR', Verdana; font-size: 15px; line-height: normal;\" \/><br \/>\n<span style=\"color: rgb(0, 0, 0); font-family: Tahoma, Arial, 'Times New Roman TUR', Verdana; font-size: 15px; line-height: normal;\">Adana Demirspor Teknik Direkt\u00f6r\u00fc Tekin \u0130ncebald\u0131r ise ligde kald\u0131klar\u0131 i\u00e7in mutlu olduklar\u0131n\u0131n alt\u0131n\u0131 \u00e7izerek, &#8220;Oyuncu ve teknik ekibimi kutluyorum. Ben 40 y\u0131ld\u0131r bu kul\u00fcpteyim. Zor bir s\u00fcre\u00e7te ald\u0131\u011f\u0131m g\u00f6revi en iyi \u015fekilde geri vermenin mutlulu\u011funu ya\u015f\u0131yorum. K\u00f6t\u00fc bir y\u0131l ge\u00e7irdik ama bu tak\u0131m\u0131n gelecek y\u0131l yine \u015fampiyonlu\u011fun en iyi aday\u0131 olaca\u011f\u0131na inan\u0131yorum&#8221; ifadelerini kulland\u0131.<\/span><\/p>\n","protected":false},"excerpt":{"rendered":"<p>TFF 1. Lig&#8217;in son haftas\u0131nda Mersin \u0130dmanyurdu, evinde Adana Demirspor ile 2-2 berabere kald\u0131. Ma\u00e7 sonu d\u00fczenlenen bas\u0131n toplant\u0131s\u0131nda Mersin \u0130dmanyurdu&#8217;nun Teknik Direkt\u00f6r\u00fc Levent Eri\u015f, g\u00f6revinden istifa etti\u011fini a\u00e7\u0131klad\u0131. Ma\u00e7 &hellip; <a href=\"https:\/\/akdenizolaygazetesi.com\/?p=1228\" class=\"more-link\">Devam\u0131n\u0131 Oku&#8230;<\/a><\/p>\n","protected":false},"author":1,"featured_media":0,"comment_status":"open","ping_status":"open","sticky":false,"template":"","format":"standard","meta":[],"categories":[],"tags":[],"_links":{"self":[{"href":"https:\/\/akdenizolaygazetesi.com\/index.php?rest_route=\/wp\/v2\/posts\/1228"}],"collection":[{"href":"https:\/\/akdenizolaygazetesi.com\/index.php?rest_route=\/wp\/v2\/posts"}],"about":[{"href":"https:\/\/akdenizolaygazetesi.com\/index.php?rest_route=\/wp\/v2\/types\/post"}],"author":[{"embeddable":true,"href":"https:\/\/akdenizolaygazetesi.com\/index.php?rest_route=\/wp\/v2\/users\/1"}],"replies":[{"embeddable":true,"href":"https:\/\/akdenizolaygazetesi.com\/index.php?rest_route=%2Fwp%2Fv2%2Fcomments&post=1228"}],"version-history":[{"count":0,"href":"https:\/\/akdenizolaygazetesi.com\/index.php?rest_route=\/wp\/v2\/posts\/1228\/revisions"}],"wp:attachment":[{"href":"https:\/\/akdenizolaygazetesi.com\/index.php?rest_route=%2Fwp%2Fv2%2Fmedia&parent=1228"}],"wp:term":[{"taxonomy":"category","embeddable":true,"href":"https:\/\/akdenizolaygazetesi.com\/index.php?rest_route=%2Fwp%2Fv2%2Fcategories&post=1228"},{"taxonomy":"post_tag","embeddable":true,"href":"https:\/\/akdenizolaygazetesi.com\/index.php?rest_route=%2Fwp%2Fv2%2Ftags&post=1228"}],"curies":[{"name":"wp","href":"https:\/\/api.w.org\/{rel}","templated":true}]}}