{"id":12288,"date":"2021-05-09T10:42:32","date_gmt":"2021-05-09T07:42:32","guid":{"rendered":"http:\/\/akdenizolaygazetesi.com\/?p=12288"},"modified":"2021-05-09T10:43:06","modified_gmt":"2021-05-09T07:43:06","slug":"sma-hastasi-asrin-efe-icin-buyuk-dayanisma","status":"publish","type":"post","link":"https:\/\/akdenizolaygazetesi.com\/?p=12288","title":{"rendered":"SMA HASTASI ASRIN EFE \u0130\u00c7\u0130N B\u00dcY\u00dcK DAYANI\u015eMA"},"content":{"rendered":"<p>Mersin B\u00fcy\u00fck\u015fehir Belediye Ba\u015fkan\u0131 Vahap Se\u00e7er, T\u00fcrkiye\u2019nin en k\u00fc\u00e7\u00fck SMA hastas\u0131 olan Asr\u0131n Efe G\u00fclkan\u2019a destek i\u00e7in \u2018Asr\u0131n Efe\u2019yi 19 May\u0131s\u2019ta Gen\u00e7li\u011fine U\u00e7uruyoruz\u2019 slogan\u0131yla ger\u00e7ekle\u015ftirilen Instagram canl\u0131 yay\u0131n\u0131na kat\u0131ld\u0131. Ba\u015fkan Se\u00e7er, Asr\u0131n Efe i\u00e7in s\u00fcrecin k\u0131sa zamanda tamamlanmas\u0131n\u0131 umut etti\u011fini s\u00f6yledi.<\/p>\n<p>Ba\u015fkan Se\u00e7er, yay\u0131nda Asr\u0131n Efe\u2019nin babas\u0131 Serkan G\u00fclkan ve annesi \u015eerife G\u00fclkan ile bulu\u015ftu. Yay\u0131na Ba\u015fkan Se\u00e7er ile birlikte CHP Mersin Milletvekili ve Parti Meclis \u00dcyesi Ali Mahir Ba\u015far\u0131r, CHP Mersin Milletvekilleri Alpay Antmen ile Cengiz G\u00f6k\u00e7el de kat\u0131larak, Asr\u0131n Efe i\u00e7in ba\u011f\u0131\u015fta bulundu.<\/p>\n<p>\u201cHerkes bu \u00e7orbada tuzu olsun anlay\u0131\u015f\u0131yla umut ediyorum bize katk\u0131 verecek\u201d<\/p>\n<p>Ba\u015fkan Se\u00e7er, yay\u0131ndaki geli\u015fmelerden sonra daha iyi olmay\u0131 umut ettiklerini ifade ederken, \u201cBug\u00fcn de Kadir Gecesi. Umut ediyorum g\u00fcn\u00fcn hat\u0131r\u0131na g\u00fczel \u00e7ocu\u011fumuza \u00e7ok faydal\u0131 bir i\u015f yapaca\u011f\u0131z. Bu arada benim o\u011flumun ismi de Efe. Bir hayli de asl\u0131nda yol al\u0131nm\u0131\u015f. \u0130n\u015fallah bug\u00fcn de kalan k\u0131sm\u0131n\u0131 tamamlar\u0131z. \u00c7ocu\u011fumuzun tedavisi ger\u00e7ekle\u015fir. Bizim i\u00e7in de bu \u00e7ok ger\u00e7ekten en mutluluk verici bir sonu\u00e7 olur. B\u00fct\u00fcn vatanda\u015flar\u0131m\u0131z\u0131, bizleri izleyen, yurt i\u00e7inden, yurt d\u0131\u015f\u0131ndan katk\u0131 sunmak isteyen herkesi bu vesileyle tekrar bu hat\u0131rlatma ile davet etmi\u015f olay\u0131m. Herkes bu \u00e7orbada tuzu olsun anlay\u0131\u015f\u0131yla umut ediyorum bize katk\u0131 verecek\u201d diye konu\u015ftu.<\/p>\n<p>\u201cBu hastal\u0131kla m\u00fccadele zamanla yar\u0131\u015f gibi bir \u015fey\u201d<\/p>\n<p>Mersin&#8217;de Asr\u0131n Efe&#8217;nin d\u0131\u015f\u0131nda da bu hastal\u0131kla sava\u015fan bebekler oldu\u011funu dile getiren Se\u00e7er, \u201cUmut ediyorum onlar\u0131n da tedavisi i\u00e7in iyi geli\u015fmeler olur. Bir anlamda bu hastal\u0131kla m\u00fccadele zamanla yar\u0131\u015f gibi bir \u015fey. \u00c7\u00fcnk\u00fc belirli bir ya\u015f, ay, kilo s\u0131n\u0131rlamas\u0131 var. Bu da i\u015fi zorla\u015ft\u0131r\u0131yor a\u00e7\u0131k\u00e7as\u0131 bir anlamda. Umut ediyorum bu s\u00fcreyi en iyi \u015fekilde kullanarak hem Asr\u0131n Efe hem de di\u011fer evlatlar\u0131m\u0131z tedavi olma imk\u00e2n\u0131na kavu\u015facaklar\u201d dedi. Se\u00e7er, bu kampanyadan kimsenin bir \u015f\u00fcphesi olmamas\u0131 gerekti\u011fini de vurgulayarak, \u201cBu hay\u0131rl\u0131 bir i\u015f, bu g\u00f6n\u00fcl i\u015fi\u201d ifadelerini kulland\u0131.<\/p>\n<p>\u201cKartopu misali yuvarland\u0131k\u00e7a b\u00fcy\u00fcyecek ya da damlaya damlaya g\u00f6l olacak\u201d<\/p>\n<p>Yay\u0131na kat\u0131larak, ba\u011f\u0131\u015fta bulunan CHP Mersin milletvekillerine tek tek te\u015fekk\u00fcr eden Se\u00e7er, \u201cKentin di\u011fer dinamiklerinin de duyarl\u0131 olaca\u011f\u0131n\u0131 umut ediyorum. Az \u00f6nce Ahmet karde\u015fimin s\u00f6yledi\u011fi gibi 50, 100 bunlar bir ba\u015f\u0131na k\u00fc\u00e7\u00fck rakamlar gibi g\u00f6r\u00fcnse de i\u015fte kartopu misali yuvarland\u0131k\u00e7a b\u00fcy\u00fcyecek ya da damlaya damlaya g\u00f6l olacak ve sonu\u00e7ta bir can\u0131m\u0131z\u0131n sa\u011fl\u0131\u011f\u0131na kavu\u015fmas\u0131 i\u00e7in ortaya g\u00fczel bir sonu\u00e7 \u00e7\u0131kacak. Ger\u00e7ekten s\u0131k\u0131nt\u0131l\u0131, zor bir hastal\u0131k. Bunun b\u0131rak\u0131n dar gelirli, orta gelirli bir ailenin alt\u0131ndan kalkmas\u0131n\u0131, iyi gelirli sayabilece\u011fimiz ya da \u00fcst geliri olan yurtta\u015flar\u0131m\u0131z\u0131n da \u00e7ok alt\u0131ndan kalkabilece\u011fi bir rakam de\u011fil. Bu sebeple vatanda\u015flar\u0131m\u0131z\u0131n daha duyarl\u0131 olmas\u0131n\u0131 arzu ediyorum, istiyorum\u201d dedi.<\/p>\n<p>\u201c19 May\u0131s\u2019\u0131 beklemeden in\u015fallah s\u00fcreci tamamlayal\u0131m diye umut ediyorum\u201d<\/p>\n<p>Ba\u015fkan Se\u00e7er, s\u00fcreci k\u0131sa s\u00fcre i\u00e7erisinde tamamlamay\u0131 umut ettiklerini dile getirirken, \u201cK\u0131sa s\u00fcre zarf\u0131nda da, yani Ulu \u00d6nder Mustafa Kemal&#8217;in Samsun&#8217;a \u00e7\u0131kt\u0131\u011f\u0131 tarih olan, Ulusal Kurtulu\u015f M\u00fccadelesi\u2019ni ba\u015flatt\u0131\u011f\u0131 tarih olan 19 May\u0131s\u2019\u0131 beklemeden in\u015fallah s\u00fcreci tamamlayal\u0131m diye umut ediyorum. Di\u011fer vekillerimizden de bu yakla\u015f\u0131m\u0131 bekliyoruz\u201d dedi.<\/p>\n<p>S\u00fcrecin takip\u00e7isi olaca\u011f\u0131n\u0131 vurgulayan Ba\u015fkan Se\u00e7er, \u201cTabi ki benim i\u015fim burada bitmiyor, devam ediyor. Ben de sonuna kadar takip\u00e7isi olaca\u011f\u0131m. Arkada\u015flar\u0131m zaten sizlerle i\u015fbirli\u011fi halindeydi. Bug\u00fcn de burada sizlerle beraber olduk. Ben de \u00e7ok mutlu oldum. \u00d6yle s\u00f6yleyeyim. Ama sonu\u00e7lan\u0131rsa as\u0131l mutlulu\u011fu o zaman ya\u015fayaca\u011f\u0131z, onu da itiraf edeyim. \u015eimdi ki geli\u015fmeler beni hakikaten umutland\u0131rd\u0131. \u0130n\u015fallah iyi neticelenecek. Tekrar Kadir Gecemizi kutluyorum. Bug\u00fcn\u00fcn hayr\u0131na, bug\u00fcn\u00fcn kutsall\u0131\u011f\u0131na binaen de \u015funu diliyorum Y\u00fcce Tanr\u0131\u2019dan. \u0130n\u015fallah evlad\u0131m\u0131z Asr\u0131n Efe sa\u011fl\u0131\u011f\u0131na kavu\u015fsun\u201d diye konu\u015ftu.<\/p>\n<p>Ba\u015far\u0131r: \u201cKendisi Mersinliler\u2019in manevi babas\u0131\u201d<\/p>\n<p>CHP Mersin Milletvekili ve Parti Meclisi \u00dcyesi Ali Mahir Ba\u015far\u0131r, \u201cE\u011fer ki bu kampanyay\u0131 bir an \u00f6nce ba\u015far\u0131rsak \u00e7ok daha iyi olaca\u011f\u0131z. Sizlere, Say\u0131n Ba\u015fkan\u0131ma \u00e7ok te\u015fekk\u00fcr ediyorum duyarl\u0131l\u0131\u011f\u0131ndan dolay\u0131. Zaten kendisi Mersinliler\u2019in, t\u00fcm \u00e7ocuklar\u0131n manevi babas\u0131\u201d dedi. Ba\u015far\u0131r, milletvekili ve i\u015f adam\u0131 arkada\u015flar\u0131na da konuyu iletece\u011fini, paray\u0131 toplayacaklar\u0131na inand\u0131klar\u0131n\u0131 ifade etti.<\/p>\n<p>Antmen: \u201c\u0130n\u015fallah hepimiz el ele g\u00f6n\u00fcl g\u00f6n\u00fcle bu i\u015fi halledece\u011fiz\u201d<\/p>\n<p>CHP Mersin Milletvekili Alpay Antmen de \u201cAsr\u0131n Efe\u2019nin bir an \u00f6nce valizlerini toplaman\u0131z\u0131 temenni ediyorum. \u0130n\u015fallah 19\u2019undan sonra el ele g\u00f6n\u00fcl g\u00f6n\u00fcle sizi yolcu edece\u011fiz\u201d dedi.<\/p>\n<p>CHP Mersin Milletvekili Cengiz G\u00f6k\u00e7el ise \u201cAsr\u0131n Efe\u2019nin b\u00f6yle g\u00fczel bir dayan\u0131\u015fmadan sonra 19 May\u0131s\u2019tan hemen sonra tedavi olaca\u011f\u0131 merkeze giderek bir an \u00f6nce sa\u011fl\u0131\u011f\u0131na kavu\u015faca\u011f\u0131na y\u00fcrekten inan\u0131yorum\u201d diye konu\u015ftu.<\/p>\n","protected":false},"excerpt":{"rendered":"<p>Mersin B\u00fcy\u00fck\u015fehir Belediye Ba\u015fkan\u0131 Vahap Se\u00e7er, T\u00fcrkiye\u2019nin en k\u00fc\u00e7\u00fck SMA hastas\u0131 olan Asr\u0131n Efe G\u00fclkan\u2019a destek i\u00e7in \u2018Asr\u0131n Efe\u2019yi 19 May\u0131s\u2019ta Gen\u00e7li\u011fine U\u00e7uruyoruz\u2019 slogan\u0131yla ger\u00e7ekle\u015ftirilen Instagram canl\u0131 yay\u0131n\u0131na kat\u0131ld\u0131. Ba\u015fkan &hellip; <a href=\"https:\/\/akdenizolaygazetesi.com\/?p=12288\" class=\"more-link\">Devam\u0131n\u0131 Oku&#8230;<\/a><\/p>\n","protected":false},"author":2,"featured_media":12290,"comment_status":"open","ping_status":"open","sticky":false,"template":"","format":"standard","meta":[],"categories":[1,2,3],"tags":[],"_links":{"self":[{"href":"https:\/\/akdenizolaygazetesi.com\/index.php?rest_route=\/wp\/v2\/posts\/12288"}],"collection":[{"href":"https:\/\/akdenizolaygazetesi.com\/index.php?rest_route=\/wp\/v2\/posts"}],"about":[{"href":"https:\/\/akdenizolaygazetesi.com\/index.php?rest_route=\/wp\/v2\/types\/post"}],"author":[{"embeddable":true,"href":"https:\/\/akdenizolaygazetesi.com\/index.php?rest_route=\/wp\/v2\/users\/2"}],"replies":[{"embeddable":true,"href":"https:\/\/akdenizolaygazetesi.com\/index.php?rest_route=%2Fwp%2Fv2%2Fcomments&post=12288"}],"version-history":[{"count":1,"href":"https:\/\/akdenizolaygazetesi.com\/index.php?rest_route=\/wp\/v2\/posts\/12288\/revisions"}],"predecessor-version":[{"id":12289,"href":"https:\/\/akdenizolaygazetesi.com\/index.php?rest_route=\/wp\/v2\/posts\/12288\/revisions\/12289"}],"wp:featuredmedia":[{"embeddable":true,"href":"https:\/\/akdenizolaygazetesi.com\/index.php?rest_route=\/wp\/v2\/media\/12290"}],"wp:attachment":[{"href":"https:\/\/akdenizolaygazetesi.com\/index.php?rest_route=%2Fwp%2Fv2%2Fmedia&parent=12288"}],"wp:term":[{"taxonomy":"category","embeddable":true,"href":"https:\/\/akdenizolaygazetesi.com\/index.php?rest_route=%2Fwp%2Fv2%2Fcategories&post=12288"},{"taxonomy":"post_tag","embeddable":true,"href":"https:\/\/akdenizolaygazetesi.com\/index.php?rest_route=%2Fwp%2Fv2%2Ftags&post=12288"}],"curies":[{"name":"wp","href":"https:\/\/api.w.org\/{rel}","templated":true}]}}