{"id":1229,"date":"2020-11-04T18:21:49","date_gmt":"2020-11-04T15:21:49","guid":{"rendered":"http:\/\/mersinekonomipolitikagazetesi.com\/?p=1229"},"modified":"2020-11-04T18:21:49","modified_gmt":"2020-11-04T15:21:49","slug":"uluslararasi-silifke-muzik-ve-folklor-festivali-basladi","status":"publish","type":"post","link":"https:\/\/akdenizolaygazetesi.com\/?p=1229","title":{"rendered":"Uluslararas\u0131 Silifke M\u00fczik ve Folklor Festivali ba\u015flad\u0131"},"content":{"rendered":"<p>Mersin&#8217;in Silifke il\u00e7esinde 44. Uluslararas\u0131 Silifke M\u00fczik ve Folklor Festivali ba\u015flad\u0131.<\/p>\n<p><span style=\"color: rgb(0, 0, 0); font-family: Tahoma, Arial, 'Times New Roman TUR', Verdana; font-size: 15px; line-height: normal;\">20-25 May\u0131s tarihleri aras\u0131nda 44.&#8217;s\u00fc d\u00fczenlenen etkinlik ilk g\u00fcn\u00fcnde renkli g\u00f6r\u00fcnt\u00fclere sahne oldu. Atat\u00fcrk An\u0131t\u0131na k\u00fclt\u00fcr haftas\u0131 \u00e7elengi sunulmas\u0131n\u0131n ard\u0131ndan \u015eehir Stadyumu\u2019ndan festival etkinliklerinin yap\u0131laca\u011f\u0131 An\u0131t Meydan\u0131 Yeni Festival alan\u0131na kadar kortej y\u00fcr\u00fcy\u00fc\u015f\u00fc ger\u00e7ekle\u015ftirildi. Vatanda\u015flar kortej y\u00fcr\u00fcy\u00fc\u015f\u00fcne yo\u011fun bir kat\u0131l\u0131m ger\u00e7ekle\u015ftirirken cadde boyunca esnaflar ve vatanda\u015flarda alk\u0131\u015flarla destek vererek, \u0130zmir Mar\u015f\u0131 ve Onuncu Y\u0131l Mar\u015f\u0131 s\u00f6ylediler.<\/span><br style=\"color: rgb(0, 0, 0); font-family: Tahoma, Arial, 'Times New Roman TUR', Verdana; font-size: 15px; line-height: normal;\" \/><br \/>\n<span style=\"color: rgb(0, 0, 0); font-family: Tahoma, Arial, 'Times New Roman TUR', Verdana; font-size: 15px; line-height: normal;\">G\u00f6ksu Park\u0131 Festival Alan\u0131nda ger\u00e7ekle\u015ftirilen a\u00e7\u0131l\u0131\u015f t\u00f6renine Silifke Belediye Ba\u015fkan\u0131 Dr. Mustafa Turgut, CHP Mersin Milletvekilleri H\u00fcseyin \u00c7amak ve Serdal Kuyucuo\u011flu, Almanya Karde\u015f \u015eehir Bergkamen Belediye Ba\u015fkan\u0131 Roland Schaefer ve yard\u0131mc\u0131lar\u0131, oda ba\u015fkanlar\u0131, dernek ba\u015fkanlar\u0131, daire m\u00fcd\u00fcrleri, belediye meclis \u00fcyeleri, siyasi parti temsilcileri ve \u00e7ok say\u0131da vatanda\u015f kat\u0131ld\u0131.\u00a0<\/span><br style=\"color: rgb(0, 0, 0); font-family: Tahoma, Arial, 'Times New Roman TUR', Verdana; font-size: 15px; line-height: normal;\" \/><br \/>\n<br style=\"color: rgb(0, 0, 0); font-family: Tahoma, Arial, 'Times New Roman TUR', Verdana; font-size: 15px; line-height: normal;\" \/><br \/>\n<span style=\"color: rgb(0, 0, 0); font-family: Tahoma, Arial, 'Times New Roman TUR', Verdana; font-size: 15px; line-height: normal;\">\u201c44 y\u0131ld\u0131r ba\u015far\u0131l\u0131 bir \u015fekilde devam ettirmekteyiz\u201d<\/span><br style=\"color: rgb(0, 0, 0); font-family: Tahoma, Arial, 'Times New Roman TUR', Verdana; font-size: 15px; line-height: normal;\" \/><br \/>\n<span style=\"color: rgb(0, 0, 0); font-family: Tahoma, Arial, 'Times New Roman TUR', Verdana; font-size: 15px; line-height: normal;\">Silifke Belediye Ba\u015fkan\u0131 Dr. Mustafa Turgut, a\u00e7\u0131l\u0131\u015f konu\u015fmas\u0131nda, bir Y\u00f6r\u00fck yurdu olan Silifke&#8217;de 1974 y\u0131l\u0131ndan buyana k\u00fclt\u00fcr de\u011ferlerini ya\u015fatmak, canl\u0131 tutmak, bunu yurt i\u00e7inden ve yurt d\u0131\u015f\u0131ndan gelen insanlara tan\u0131tmak i\u00e7in festivaller yap\u0131ld\u0131\u011f\u0131n\u0131 belirterek \u015f\u00f6yle devam etti:<\/span><br style=\"color: rgb(0, 0, 0); font-family: Tahoma, Arial, 'Times New Roman TUR', Verdana; font-size: 15px; line-height: normal;\" \/><br \/>\n<span style=\"color: rgb(0, 0, 0); font-family: Tahoma, Arial, 'Times New Roman TUR', Verdana; font-size: 15px; line-height: normal;\">\u201c1974 y\u0131l\u0131nda M\u00fczik ve Folklor Festivali olarak ba\u015flayan ve 44 y\u0131ld\u0131r ba\u015far\u0131l\u0131 bir \u015fekilde kutlad\u0131\u011f\u0131m\u0131z festivalimizi, bu y\u0131lda en iyi \u015fekilde ger\u00e7ekle\u015ftirmenin heyecan\u0131n\u0131 ve co\u015fkusunu ya\u015famaktay\u0131z.\u00a0<\/span><br style=\"color: rgb(0, 0, 0); font-family: Tahoma, Arial, 'Times New Roman TUR', Verdana; font-size: 15px; line-height: normal;\" \/><br \/>\n<span style=\"color: rgb(0, 0, 0); font-family: Tahoma, Arial, 'Times New Roman TUR', Verdana; font-size: 15px; line-height: normal;\">Bu co\u015fkumuza ve sevincimize uzaktan ve yak\u0131ndan kat\u0131larak destek veren b\u00fct\u00fcn davetlilerimize y\u00fcrekten te\u015fekk\u00fcr ediyor, 44. Uluslararas\u0131 Silifke M\u00fczik ve Folklor Festivalimizin a\u00e7\u0131l\u0131\u015f\u0131na ho\u015f geldiniz diyorum. Her y\u0131l 20-26 May\u0131s tarihleri aras\u0131nda kutlad\u0131\u011f\u0131m\u0131z M\u00fczik ve Folklor Festivalimizi bu y\u0131l Ramazan ay\u0131n\u0131n ba\u015flang\u0131c\u0131 dolay\u0131s\u0131yla 20-25 May\u0131s tarihlerine \u00e7ektik. Yine ilk defa bu y\u0131l 44.\u2019s\u00fcn\u00fc kutlamakta oldu\u011fumuz M\u00fczik ve Folklor Festivalimizi, CIOFF kurallar\u0131 \u00e7er\u00e7evesinde ger\u00e7ekle\u015ftirece\u011fiz.<\/span><br style=\"color: rgb(0, 0, 0); font-family: Tahoma, Arial, 'Times New Roman TUR', Verdana; font-size: 15px; line-height: normal;\" \/><br \/>\n<span style=\"color: rgb(0, 0, 0); font-family: Tahoma, Arial, 'Times New Roman TUR', Verdana; font-size: 15px; line-height: normal;\">Silifke Belediyesi olarak 17 Ocak 2017 tarihinden imzalad\u0131\u011f\u0131m\u0131z protokol ile CIOFF Uluslararas\u0131 D\u00fcnya Folklor Festivalleri Konseyine \u00fcye olduk. Bir\u00e7ok \u00fclkenin festivallerini bir \u00e7at\u0131 alt\u0131nda toplayarak, d\u00fcnya bar\u0131\u015f\u0131na ve k\u00fclt\u00fcrler aras\u0131 diyalo\u011fa katk\u0131 sa\u011flam\u0131\u015f olduk. T\u00fcm d\u00fcnyadaki CIOFF festivalleri aras\u0131nda bizim festivalimizin de yer almas\u0131, festivalimizi koruma alt\u0131na alarak daha nice festivallerde bulu\u015fmam\u0131za vesile olacakt\u0131r.\u201d\u00a0<\/span><br style=\"color: rgb(0, 0, 0); font-family: Tahoma, Arial, 'Times New Roman TUR', Verdana; font-size: 15px; line-height: normal;\" \/><br \/>\n<br style=\"color: rgb(0, 0, 0); font-family: Tahoma, Arial, 'Times New Roman TUR', Verdana; font-size: 15px; line-height: normal;\" \/><br \/>\n<span style=\"color: rgb(0, 0, 0); font-family: Tahoma, Arial, 'Times New Roman TUR', Verdana; font-size: 15px; line-height: normal;\">\u201cKonuklar\u0131m\u0131z festivalimize renk kat\u0131yor\u201d<\/span><br style=\"color: rgb(0, 0, 0); font-family: Tahoma, Arial, 'Times New Roman TUR', Verdana; font-size: 15px; line-height: normal;\" \/><br \/>\n<span style=\"color: rgb(0, 0, 0); font-family: Tahoma, Arial, 'Times New Roman TUR', Verdana; font-size: 15px; line-height: normal;\">Festivale yurt i\u00e7inden ve yurt d\u0131\u015f\u0131ndan konuklar\u0131n kat\u0131laca\u011f\u0131n\u0131 belirten Turgut, \u201cBu y\u0131l yine festivalimize Thailand,Ukrania, Georgia, KKTC, Silivri, Bergama, Arhavi, T\u00fcrkiye Folklor Kurumu, Tubil, Ankafem, Afagder, Mersina gibi yurt i\u00e7inden ve yurt d\u0131\u015f\u0131ndan bir\u00e7ok halk danslar\u0131 toplulu\u011fu konuk olarak renk katacaklar. Yurt d\u0131\u015f\u0131ndan gelen bu misafirlerimizde, il\u00e7emizin tan\u0131t\u0131m\u0131na b\u00fcy\u00fck katk\u0131 sa\u011flamaktad\u0131rlar. Yine festivalimiz s\u00fcresince her ak\u015fam Mabel Matiz, Halil Sezai, Duman, \u00d6zlem \u00d6zdil, Buray ve Linet gibi birbirinden de\u011ferli sanat\u00e7\u0131lar\u0131m\u0131z\u0131 sizlerle bulu\u015fturaca\u011f\u0131z. Hafta boyunca sergiler, tiyatro g\u00f6sterileri, basketbol turnuvalar\u0131, halk oyunlar\u0131 g\u00f6sterileri, avc\u0131l\u0131k ve at\u0131c\u0131l\u0131k yar\u0131\u015flar\u0131, T\u00fcrk pop ve T\u00fcrk halk m\u00fczi\u011fi yar\u0131\u015fmalar\u0131, belediye fas\u0131l grubu konserleri, bat\u0131r\u0131k yar\u0131\u015fmas\u0131, heykel sempozyumu ve satran\u00e7 turnuvalar\u0131 gibi \u00e7e\u015fitli etkinlikler yer alacak\u201d dedi.\u00a0<\/span><br style=\"color: rgb(0, 0, 0); font-family: Tahoma, Arial, 'Times New Roman TUR', Verdana; font-size: 15px; line-height: normal;\" \/><br \/>\n<br style=\"color: rgb(0, 0, 0); font-family: Tahoma, Arial, 'Times New Roman TUR', Verdana; font-size: 15px; line-height: normal;\" \/><br \/>\n<span style=\"color: rgb(0, 0, 0); font-family: Tahoma, Arial, 'Times New Roman TUR', Verdana; font-size: 15px; line-height: normal;\">\u201cSilifke ad\u0131n\u0131 t\u00fcm d\u00fcnyaya duyurduk\u201d<\/span><br style=\"color: rgb(0, 0, 0); font-family: Tahoma, Arial, 'Times New Roman TUR', Verdana; font-size: 15px; line-height: normal;\" \/><br \/>\n<span style=\"color: rgb(0, 0, 0); font-family: Tahoma, Arial, 'Times New Roman TUR', Verdana; font-size: 15px; line-height: normal;\">44 y\u0131ld\u0131r d\u00fczenlenen bu festivaller sayesinde Silifke&#8217;nin ad\u0131n\u0131n T\u00fcrkiye&#8217;ye oldu\u011fu gibi d\u00fcnyaya da duyuruldu\u011funu ifade eden Turgut, \u015funlar\u0131 kaydetti:<\/span><br style=\"color: rgb(0, 0, 0); font-family: Tahoma, Arial, 'Times New Roman TUR', Verdana; font-size: 15px; line-height: normal;\" \/><br \/>\n<span style=\"color: rgb(0, 0, 0); font-family: Tahoma, Arial, 'Times New Roman TUR', Verdana; font-size: 15px; line-height: normal;\">\u201cSilifke halk\u0131, ge\u00e7mi\u015fine sahip \u00e7\u0131karak bu de\u011ferlerini en iyi \u015fekilde korumu\u015ftur. Her y\u0131l kutlad\u0131\u011f\u0131m\u0131z ve geleneksel hale getirdi\u011fimiz Silifke M\u00fczik ve Folklor Festivalimiz, bu y\u0131lda halk\u0131m\u0131za a\u00e7\u0131k ve \u00fccretsiz olacakt\u0131r.G\u00f6reve geldi\u011fimiz andan itibaren sanat\u0131n, k\u00fclt\u00fcr\u00fcn, sporun ve bar\u0131\u015f\u0131n kenti olma yolunda bir\u00e7ok hizmetler ger\u00e7ekle\u015ftirdik. Bu hedefte ve yolumuzda her ge\u00e7en g\u00fcn \u015fevkle, heyecanla ve gururla y\u00fcr\u00fcmeye devam edece\u011fiz. Yakla\u015f\u0131k 3000 y\u0131ll\u0131k tarihe ve e\u015fsiz g\u00fczelliklere sahip olan Silifke\u2019mize en iyi hizmetleri sunmak, benim ve mesai arkada\u015flar\u0131m i\u00e7in b\u00fcy\u00fck bir onur olmaya devam edecektir. K\u00fclt\u00fcr Haftam\u0131z\u0131n hay\u0131rl\u0131 u\u011furlu olmas\u0131n\u0131 diler, b\u00fct\u00fcn halk\u0131m\u0131za en i\u00e7ten sevgi ve sayg\u0131lar\u0131m\u0131 sunar\u0131m.\u201d\u00a0<\/span><\/p>\n","protected":false},"excerpt":{"rendered":"<p>Mersin&#8217;in Silifke il\u00e7esinde 44. Uluslararas\u0131 Silifke M\u00fczik ve Folklor Festivali ba\u015flad\u0131. 20-25 May\u0131s tarihleri aras\u0131nda 44.&#8217;s\u00fc d\u00fczenlenen etkinlik ilk g\u00fcn\u00fcnde renkli g\u00f6r\u00fcnt\u00fclere sahne oldu. Atat\u00fcrk An\u0131t\u0131na k\u00fclt\u00fcr haftas\u0131 \u00e7elengi sunulmas\u0131n\u0131n &hellip; <a href=\"https:\/\/akdenizolaygazetesi.com\/?p=1229\" class=\"more-link\">Devam\u0131n\u0131 Oku&#8230;<\/a><\/p>\n","protected":false},"author":1,"featured_media":0,"comment_status":"open","ping_status":"open","sticky":false,"template":"","format":"standard","meta":[],"categories":[],"tags":[],"_links":{"self":[{"href":"https:\/\/akdenizolaygazetesi.com\/index.php?rest_route=\/wp\/v2\/posts\/1229"}],"collection":[{"href":"https:\/\/akdenizolaygazetesi.com\/index.php?rest_route=\/wp\/v2\/posts"}],"about":[{"href":"https:\/\/akdenizolaygazetesi.com\/index.php?rest_route=\/wp\/v2\/types\/post"}],"author":[{"embeddable":true,"href":"https:\/\/akdenizolaygazetesi.com\/index.php?rest_route=\/wp\/v2\/users\/1"}],"replies":[{"embeddable":true,"href":"https:\/\/akdenizolaygazetesi.com\/index.php?rest_route=%2Fwp%2Fv2%2Fcomments&post=1229"}],"version-history":[{"count":0,"href":"https:\/\/akdenizolaygazetesi.com\/index.php?rest_route=\/wp\/v2\/posts\/1229\/revisions"}],"wp:attachment":[{"href":"https:\/\/akdenizolaygazetesi.com\/index.php?rest_route=%2Fwp%2Fv2%2Fmedia&parent=1229"}],"wp:term":[{"taxonomy":"category","embeddable":true,"href":"https:\/\/akdenizolaygazetesi.com\/index.php?rest_route=%2Fwp%2Fv2%2Fcategories&post=1229"},{"taxonomy":"post_tag","embeddable":true,"href":"https:\/\/akdenizolaygazetesi.com\/index.php?rest_route=%2Fwp%2Fv2%2Ftags&post=1229"}],"curies":[{"name":"wp","href":"https:\/\/api.w.org\/{rel}","templated":true}]}}