{"id":12291,"date":"2021-05-09T10:45:27","date_gmt":"2021-05-09T07:45:27","guid":{"rendered":"http:\/\/akdenizolaygazetesi.com\/?p=12291"},"modified":"2021-05-09T10:46:47","modified_gmt":"2021-05-09T07:46:47","slug":"kibris-sehidinin-annesini-ziyaret","status":"publish","type":"post","link":"https:\/\/akdenizolaygazetesi.com\/?p=12291","title":{"rendered":"K\u0131br\u0131s \u015eehidi\u2019nin annesini ziyaret"},"content":{"rendered":"<p>Ba\u015fkan G\u00fcltak; \u015eehit Annelerini, \u2018Anneler G\u00fcn\u00fc\u2019nde yaln\u0131z b\u0131rakmad\u0131, evlerinde ziyaret etti. \u015eehit annelerine \u00e7i\u00e7ek ve hediyeler takdim eden Ba\u015fkan G\u00fcltak, sohbet edip hal hat\u0131rlar\u0131n\u0131 sordu, taleplerini dinledi.<br \/>\nAkdeniz Belediye Ba\u015fkan\u0131 M. Mustafa G\u00fcltak; Mardin Darge\u00e7it\u2019te, 2 Mart 2016 tarihinde ter\u00f6r \u00f6rg\u00fct\u00fcne d\u00fczenlenen operasyon s\u0131ras\u0131nda \u015eehit d\u00fc\u015fen Jandarma \u00dcste\u011fmen Emrah \u015eahin\u2019in ailesini, \u0130n\u00f6n\u00fc Mahallesi\u2019nde bulunan evlerinde ziyaret etti. \u015eehidin annesi G\u00fclay Ha\u015fimo\u011flu \u015eahin, Babas\u0131 Cafer \u015eahin ve a\u011fabeyi Halil \u015eahin ile bir araya gelen Ba\u015fkan G\u00fcltak, aile bireyleri ile sohbet etti, hal ve hat\u0131rlar\u0131n\u0131 sordu. Ba\u015fkan G\u00fcltak, \u015eehidin annesi G\u00fclay \u015eahin\u2019e, kad\u0131n \u00fcreticilerin haz\u0131rlad\u0131\u011f\u0131 ve organik \u00fcr\u00fcnlerden olu\u015fan bir sepet ile \u00e7i\u00e7ek takdim etti.<br \/>\nK\u0131br\u0131s \u015eehidi\u2019nin annesini ziyaret<br \/>\nBa\u015fkan G\u00fcltak, \u2018Anneler G\u00fcn\u00fc\u2019 dolay\u0131s\u0131yla, K\u0131br\u0131s\u2019ta; 1983 y\u0131l\u0131nda \u015eehit d\u00fc\u015fen Onba\u015f\u0131 Naci Bozo\u011flu\u2019nun, 76 ya\u015f\u0131ndaki annesi Leyla Bozo\u011flu\u2019nu da \u0130hsaniye Mahallesi\u2019nde bulunan evinde ziyaret etti. \u015eehit annesi ve yak\u0131nlar\u0131 ile sohbet eden Ba\u015fkan G\u00fcltak, aileyi daha \u00f6nce de ziyaret etti\u011fini hat\u0131rlatt\u0131, belediye ekipleri taraf\u0131ndan annenin ya\u015fad\u0131\u011f\u0131 evin tadilattan ge\u00e7irilerek yenilendi\u011fini ifade etti.<br \/>\nBa\u015fkan G\u00fcltak, engelli anneyi de unutmad\u0131<br \/>\nAkdeniz Belediye Ba\u015fkan\u0131 Mustafa G\u00fcltak, g\u00fcn nedeniyle, engelli bir anne H\u00fcsniye Sa\u011fl\u0131k\u2019\u0131 da Bah\u00e7e Mahallesi\u2019ndeki evinde ziyaret etti. Aile bireyleri ile sohbet eden Ba\u015fkan G\u00fcltak, kad\u0131n \u00fcreticilerin haz\u0131rlad\u0131\u011f\u0131 organik \u00fcr\u00fcnlerin yer ald\u0131\u011f\u0131 bir sepet ve \u00e7i\u00e7ekleri de anneye takdim etti. Baban\u0131n da engelli oldu\u011fu Sa\u011fl\u0131k Ailesi\u2019nin; Mersin \u00dcniversitesi (ME\u00dc) T\u0131p Fak\u00fcltesi \u00f6\u011frencisi olan k\u0131z\u0131 Sahra Nedime\u2019ye, belediye taraf\u0131ndan bir s\u00fcre \u00f6nce de anatomi t\u0131p kitaplar\u0131ndan olu\u015fan bir set hediye edilmi\u015fti.<br \/>\n\u201cAnnelerimizi, sadece bir g\u00fcn de\u011fil, her g\u00fcn hat\u0131rl\u0131yoruz\u201d<br \/>\nAnneler, ziyaretten duyduklar\u0131 memnuniyeti dile getirip te\u015fekk\u00fcr ederken, k\u0131sa a\u00e7\u0131klama yapan Ba\u015fkan G\u00fcltak ise; \u201cAnneler G\u00fcn\u00fc\u2019nde, ba\u015fta \u015eehit Annelerimiz olmak \u00fczere, \u00e7ocuklar\u0131 i\u00e7in var\u0131n\u0131 yo\u011funu ortaya koyan k\u0131ymetli annelerimizi ziyaret ederek, hal hat\u0131rlar\u0131n\u0131 sorduk. Amac\u0131m\u0131z, yaln\u0131z olmad\u0131klar\u0131n\u0131 hissettirmek ve varsa taleplerini dinleyip, s\u0131k\u0131nt\u0131lar\u0131n\u0131 \u00e7\u00f6zmek. Kahraman \u015eehitlerimizin bizlere emaneti olan \u015fehit annelerine sahip \u00e7\u0131kmak boynumuzun borcudur. \u015eehit annelerimiz i\u00e7in ne yaparsak yapal\u0131m, borcumuzu \u00f6deyemeyece\u011fimizin de fark\u0131nday\u0131z. Ba\u015fta \u015fehit annelerimiz olmak \u00fczere, sayg\u0131de\u011fer annelerimizi sadece bir g\u00fcn de\u011fil, her g\u00fcn hat\u0131rl\u0131yoruz. Bu duygularla, \u015fehit annelerimiz ba\u015fta olmak \u00fczere, t\u00fcm annelerimizin, Anneler G\u00fcn\u00fc\u2019n\u00fc tebrik ediyor, ellerinden \u00f6p\u00fcyorum. Kendilerine sa\u011fl\u0131kl\u0131 ve huzurlu bir \u00f6m\u00fcr diliyorum\u201d ifadelerini kulland\u0131.<\/p>\n","protected":false},"excerpt":{"rendered":"<p>Ba\u015fkan G\u00fcltak; \u015eehit Annelerini, \u2018Anneler G\u00fcn\u00fc\u2019nde yaln\u0131z b\u0131rakmad\u0131, evlerinde ziyaret etti. \u015eehit annelerine \u00e7i\u00e7ek ve hediyeler takdim eden Ba\u015fkan G\u00fcltak, sohbet edip hal hat\u0131rlar\u0131n\u0131 sordu, taleplerini dinledi. Akdeniz Belediye Ba\u015fkan\u0131 &hellip; <a href=\"https:\/\/akdenizolaygazetesi.com\/?p=12291\" class=\"more-link\">Devam\u0131n\u0131 Oku&#8230;<\/a><\/p>\n","protected":false},"author":2,"featured_media":12293,"comment_status":"open","ping_status":"open","sticky":false,"template":"","format":"standard","meta":[],"categories":[1,3,5],"tags":[],"_links":{"self":[{"href":"https:\/\/akdenizolaygazetesi.com\/index.php?rest_route=\/wp\/v2\/posts\/12291"}],"collection":[{"href":"https:\/\/akdenizolaygazetesi.com\/index.php?rest_route=\/wp\/v2\/posts"}],"about":[{"href":"https:\/\/akdenizolaygazetesi.com\/index.php?rest_route=\/wp\/v2\/types\/post"}],"author":[{"embeddable":true,"href":"https:\/\/akdenizolaygazetesi.com\/index.php?rest_route=\/wp\/v2\/users\/2"}],"replies":[{"embeddable":true,"href":"https:\/\/akdenizolaygazetesi.com\/index.php?rest_route=%2Fwp%2Fv2%2Fcomments&post=12291"}],"version-history":[{"count":2,"href":"https:\/\/akdenizolaygazetesi.com\/index.php?rest_route=\/wp\/v2\/posts\/12291\/revisions"}],"predecessor-version":[{"id":12294,"href":"https:\/\/akdenizolaygazetesi.com\/index.php?rest_route=\/wp\/v2\/posts\/12291\/revisions\/12294"}],"wp:featuredmedia":[{"embeddable":true,"href":"https:\/\/akdenizolaygazetesi.com\/index.php?rest_route=\/wp\/v2\/media\/12293"}],"wp:attachment":[{"href":"https:\/\/akdenizolaygazetesi.com\/index.php?rest_route=%2Fwp%2Fv2%2Fmedia&parent=12291"}],"wp:term":[{"taxonomy":"category","embeddable":true,"href":"https:\/\/akdenizolaygazetesi.com\/index.php?rest_route=%2Fwp%2Fv2%2Fcategories&post=12291"},{"taxonomy":"post_tag","embeddable":true,"href":"https:\/\/akdenizolaygazetesi.com\/index.php?rest_route=%2Fwp%2Fv2%2Ftags&post=12291"}],"curies":[{"name":"wp","href":"https:\/\/api.w.org\/{rel}","templated":true}]}}