{"id":12299,"date":"2021-05-10T13:57:47","date_gmt":"2021-05-10T10:57:47","guid":{"rendered":"http:\/\/akdenizolaygazetesi.com\/?p=12299"},"modified":"2021-05-10T13:58:25","modified_gmt":"2021-05-10T10:58:25","slug":"butun-yurttaslarimizi-mersine-davet-ediyorum","status":"publish","type":"post","link":"https:\/\/akdenizolaygazetesi.com\/?p=12299","title":{"rendered":"\u201cB\u00dcT\u00dcN YURTTA\u015eLARIMIZI MERS\u0130N\u2019E DAVET ED\u0130YORUM\u201d"},"content":{"rendered":"<p>Mersin B\u00fcy\u00fck\u015fehir Belediye Ba\u015fkan\u0131 Vahap Se\u00e7er, Habert\u00fcrk\u2019te yay\u0131nlanan \u201cSenin \u015eehrin\u201d program\u0131n\u0131n konu\u011fu oldu. Ba\u015fkan Se\u00e7er, programda Fatih T\u00fcrkmeno\u011flu ile Mersin ve B\u00fcy\u00fck\u015fehir Belediyesi\u2019nin hizmetleri hakk\u0131nda konu\u015ftu. Mersin\u2019in daha modern ve marka bir kent olmas\u0131 i\u00e7in \u00e7al\u0131\u015ft\u0131klar\u0131n\u0131 vurgulayan Ba\u015fkan Se\u00e7er, \u201cMersin\u2019in her k\u00f6\u015fesi bir cennet diye d\u00fc\u015f\u00fcn\u00fcyorum ve b\u00fct\u00fcn yurtta\u015flar\u0131m\u0131z\u0131 Mersin\u2019e davet ediyorum. Buray\u0131 g\u00f6rmelerini istiyorum. Burada ya\u015famak isteyenler huzurla gelsinler. Ger\u00e7ekten ucuz bir kent, g\u00fcvenli bir kent, mutlu bir kent. Burada ya\u015fayabilirler. Biz de onlar\u0131 kucaklayabiliriz\u201d dedi.<\/p>\n<p>\u201cMersin\u2019in g\u00fczelle\u015fmesinde bu fide ve fidanlar\u0131 kullan\u0131yoruz\u201d<\/p>\n<p>Yay\u0131nda Ba\u015fkan Se\u00e7er\u2019in, Mersin B\u00fcy\u00fck\u015fehir Belediyesi\u2019nin \u2018Haydi Gel K\u00f6y\u00fcm\u00fcze Destek Verelim Projesi\u2019nden faydalanan kad\u0131n \u00fcretici Refika Da\u011fadur ile bir araya geldi\u011fi g\u00f6r\u00fcnt\u00fcler payla\u015f\u0131ld\u0131. Ard\u0131ndan Mersin B\u00fcy\u00fck\u015fehir Belediyesi Fidanl\u0131\u011f\u0131\u2019nda yap\u0131lan \u00e7al\u0131\u015fmalar hakk\u0131nda izleyicileri bilgilendiren Se\u00e7er, \u201cBuras\u0131 Belediye\u2019nin tesisleri. Yaln\u0131z bu seray\u0131 Mersinden Kad\u0131n Kooperatifi i\u015fletiyor. Bizden kiralad\u0131lar. \u015eu anda burada 20 kad\u0131n karde\u015fimiz \u00e7i\u00e7ek fidesi \u00fcretimi, fidan \u00fcretimi yap\u0131yor. Hem mevsimlik \u00e7i\u00e7ekler, i\u015fte menek\u015fe gibi ya da zakkum gibi \u00e7ok y\u0131ll\u0131k bitkiler \u00fcretiyorlar. Biz de bunlar\u0131 Mersin\u2019in g\u00fczelle\u015fmesinde kullan\u0131yoruz. Sadece burada de\u011fil, Silifke\u2019de yine b\u00f6yle bir kapal\u0131 alan\u0131m\u0131z var. Orada fide, fidan \u00fcretiliyor. Tarsus\u2019ta var, Erdemli\u2019de var\u201d diye konu\u015ftu.<\/p>\n<p>Mersin\u2019de katma de\u011feri y\u00fcksek fide ve fidanlar\u0131n \u00fcreticilere da\u011f\u0131t\u0131m\u0131n\u0131 yapt\u0131klar\u0131n\u0131 kaydeden Se\u00e7er, \u201cSadece \u00e7i\u00e7ek fidesi ya da fidan\u0131 de\u011fil bir\u00e7ok \u00e7e\u015fit, meyve \u00e7e\u015fidi bu b\u00f6lgeye uygun hatta bu b\u00f6lgede hen\u00fcz yeni yeni yayg\u0131nla\u015fan ama katma de\u011feri y\u00fcksek; avokado gibi \u00f6rne\u011fin; bitkilerin de, meyvelerin de fidanlar\u0131n\u0131 ya da \u00e7ilek gibi bu b\u00f6lgede \u00e7ok\u00e7a \u00fcretilen meyvelerin fidelerini de belediyemiz da\u011f\u0131t\u0131yor. Mesela yine \u0131tri, aromatik bitkilerin fidelerini da\u011f\u0131t\u0131yoruz. Ge\u00e7ti\u011fimiz hafta Silifke\u2019de lavanta fidesi da\u011f\u0131tt\u0131k. Yine farkl\u0131 meyvelerin fidanlar\u0131n\u0131 da\u011f\u0131t\u0131yoruz. Mesela al\u0131\u00e7 \u00e7ok yeni tan\u0131nan bir meyve \u00e7e\u015fidi. Bunlar\u0131n yayg\u0131nla\u015fmas\u0131 i\u00e7in, \u00fcretimi i\u00e7in bu tip \u00e7al\u0131\u015fmalar\u0131m\u0131z devam ediyor\u201d dedi.<\/p>\n<p>\u201cHedef kitlemiz k\u00fc\u00e7\u00fck \u00fcretici, kad\u0131n \u00fcretici\u201d<\/p>\n<p>Tar\u0131msal \u00fcretimde hedeflerinin kad\u0131nlar\u0131 \u00fcretime katmak oldu\u011funu kaydeden Se\u00e7er, \u015f\u00f6yle devam etti:<\/p>\n<p>\u201cBurada hedef kitlemiz k\u00fc\u00e7\u00fck \u00fcretici, kad\u0131n \u00fcretici. \u00d6zellikle alt\u0131n\u0131 \u00e7izerek s\u00f6yl\u00fcyorum. Onlar\u0131n \u00fcretim yapmas\u0131n\u0131 istiyoruz. Su \u00f6nemli tar\u0131msal \u00fcretimde. Bir\u00e7ok sulanabilir arazi var ama suya kavu\u015fmam\u0131\u015f. Onun i\u00e7in sulama borusu veriyoruz \u00fcreticilerimize. Bu y\u0131l 100 kilometre, ge\u00e7en y\u0131l 60 kilometre. Bu y\u0131l art\u0131rd\u0131k \u00f6rne\u011fin. Di\u011fer taraftan alet ekipman yard\u0131mlar\u0131 yap\u0131yoruz. Zeytin boylama makinesinden erik boylama makinesine ya da ta\u015f k\u0131rma makinesine, s\u00fct tank\u0131na kadar bir\u00e7ok alet ekipman\u0131 kooperatifler vas\u0131tas\u0131yla biz \u00e7ift\u00e7ilerimizin \u00fcretimde kullan\u0131lmas\u0131 \u00fczerine onlara ba\u011f\u0131\u015fl\u0131yoruz, hibe ediyoruz.\u201d<\/p>\n<p>Ba\u015fkan Se\u00e7er, sosyal projeleri de anlatt\u0131<\/p>\n<p>Ba\u015fkan Se\u00e7er, Mersin\u2019in gelir da\u011f\u0131l\u0131m\u0131 adaletsizli\u011finde Adana\u2019dan sonra 2. s\u0131rada bulundu\u011funu belirterek, Halk Kart uygulamas\u0131ndan 12 bin dar gelirli ailenin yararland\u0131\u011f\u0131n\u0131 s\u00f6yledi. E\u011fitime \u00f6nem verdiklerini, 4 bin \u00f6\u011frencinin \u00fcniversiteye haz\u0131rl\u0131k merkezlerinde e\u011fitim ald\u0131\u011f\u0131n\u0131 an\u0131msatan Se\u00e7er, 220 \u00f6\u011fretmenle gen\u00e7leri gelece\u011fe haz\u0131rlad\u0131klar\u0131n\u0131 anlatt\u0131. Mahalle Mutfaklar\u0131 ile de 3 \u00e7e\u015fit yeme\u011fi 3 liraya dar gelirli yurtta\u015flara ula\u015ft\u0131rd\u0131klar\u0131n\u0131 anlatan Se\u00e7er, \u015funlar\u0131 s\u00f6yledi:<\/p>\n<p>\u201cS\u00fcrekli, 12 ay devam eden bir hizmetimiz bir uygulamam\u0131z. Ramazan Ay\u0131 dolay\u0131s\u0131yla her g\u00fcn 10 bin yurtta\u015f\u0131m\u0131z\u0131n evine kadar; zaten kapanma g\u00fcnleri ya\u015f\u0131yoruz; s\u0131cak yemek katk\u0131m\u0131z oluyor. Bunun yan\u0131nda ya\u015fl\u0131, engelli, hasta bak\u0131m \u00fcnitemiz var. Bizden talep do\u011frultusunda hasta bak\u0131m\u0131; bu engellidir, bu kronik rahats\u0131zl\u0131k ge\u00e7iren bir yurtta\u015f\u0131m\u0131zd\u0131r ya da ya\u015fl\u0131 vatanda\u015f\u0131m\u0131zd\u0131r; bak\u0131m konusunda, hatta evinin temizli\u011fi konusunda, evinin herhangi bir tamirat\u0131, ufak tefek i\u015fleri konusunda yard\u0131m al\u0131nabiliyor. Yine Dosthane hizmetimiz var. Biz co\u011frafya olarak y\u00fcz\u00f6l\u00e7\u00fcm\u00fc geni\u015f bir iliz. 16 bin kilometrekare ve il\u00e7e merkezlerimiz il merkezimize mesafe olarak uzak yerlerimiz var. Burada b\u00fcy\u00fck hastanelerde tedaviye getiriyorlar \u00e7ocuklar\u0131n\u0131 ya da aile bireylerini. Kalacak yer sorunu ya\u015f\u0131yorlar. Mersin B\u00fcy\u00fck\u015fehir Belediyesi bu uygulamayla vatanda\u015flar\u0131m\u0131za hizmet veriyor. 45 g\u00fcne kadar kendilerini misafir edebiliyorlar. Yani hastalar\u0131 hastanede yatarken, kendileri de bizim konuk evimizde bizim misafirimiz olabiliyorlar.\u201d<\/p>\n<p>ME<\/p>\n","protected":false},"excerpt":{"rendered":"<p>Mersin B\u00fcy\u00fck\u015fehir Belediye Ba\u015fkan\u0131 Vahap Se\u00e7er, Habert\u00fcrk\u2019te yay\u0131nlanan \u201cSenin \u015eehrin\u201d program\u0131n\u0131n konu\u011fu oldu. Ba\u015fkan Se\u00e7er, programda Fatih T\u00fcrkmeno\u011flu ile Mersin ve B\u00fcy\u00fck\u015fehir Belediyesi\u2019nin hizmetleri hakk\u0131nda konu\u015ftu. Mersin\u2019in daha modern ve &hellip; <a href=\"https:\/\/akdenizolaygazetesi.com\/?p=12299\" class=\"more-link\">Devam\u0131n\u0131 Oku&#8230;<\/a><\/p>\n","protected":false},"author":2,"featured_media":12301,"comment_status":"open","ping_status":"open","sticky":false,"template":"","format":"standard","meta":[],"categories":[1,2,3,5],"tags":[],"_links":{"self":[{"href":"https:\/\/akdenizolaygazetesi.com\/index.php?rest_route=\/wp\/v2\/posts\/12299"}],"collection":[{"href":"https:\/\/akdenizolaygazetesi.com\/index.php?rest_route=\/wp\/v2\/posts"}],"about":[{"href":"https:\/\/akdenizolaygazetesi.com\/index.php?rest_route=\/wp\/v2\/types\/post"}],"author":[{"embeddable":true,"href":"https:\/\/akdenizolaygazetesi.com\/index.php?rest_route=\/wp\/v2\/users\/2"}],"replies":[{"embeddable":true,"href":"https:\/\/akdenizolaygazetesi.com\/index.php?rest_route=%2Fwp%2Fv2%2Fcomments&post=12299"}],"version-history":[{"count":2,"href":"https:\/\/akdenizolaygazetesi.com\/index.php?rest_route=\/wp\/v2\/posts\/12299\/revisions"}],"predecessor-version":[{"id":12302,"href":"https:\/\/akdenizolaygazetesi.com\/index.php?rest_route=\/wp\/v2\/posts\/12299\/revisions\/12302"}],"wp:featuredmedia":[{"embeddable":true,"href":"https:\/\/akdenizolaygazetesi.com\/index.php?rest_route=\/wp\/v2\/media\/12301"}],"wp:attachment":[{"href":"https:\/\/akdenizolaygazetesi.com\/index.php?rest_route=%2Fwp%2Fv2%2Fmedia&parent=12299"}],"wp:term":[{"taxonomy":"category","embeddable":true,"href":"https:\/\/akdenizolaygazetesi.com\/index.php?rest_route=%2Fwp%2Fv2%2Fcategories&post=12299"},{"taxonomy":"post_tag","embeddable":true,"href":"https:\/\/akdenizolaygazetesi.com\/index.php?rest_route=%2Fwp%2Fv2%2Ftags&post=12299"}],"curies":[{"name":"wp","href":"https:\/\/api.w.org\/{rel}","templated":true}]}}