{"id":1230,"date":"2020-11-04T18:21:49","date_gmt":"2020-11-04T15:21:49","guid":{"rendered":"http:\/\/mersinekonomipolitikagazetesi.com\/?p=1230"},"modified":"2020-11-04T18:21:49","modified_gmt":"2020-11-04T15:21:49","slug":"mabel-matiz-silifkeliler-ile-bulustu","status":"publish","type":"post","link":"https:\/\/akdenizolaygazetesi.com\/?p=1230","title":{"rendered":"Mabel Matiz Silifkeliler ile bulu\u015ftu"},"content":{"rendered":"<p>M\u00fczi\u011fin sevilen ismi Mabel Matiz, 44. Uluslararas\u0131 Silifke M\u00fczik ve Folklor Festivali&#8217;nin ilk gecesinde hayranlar\u0131yla bulu\u015ftu.<\/p>\n<p><span style=\"color: rgb(0, 0, 0); font-family: Tahoma, Arial, 'Times New Roman TUR', Verdana; font-size: 15px; line-height: normal;\">Mabel Matiz, Uluslararas\u0131 Silifke M\u00fczik ve Folklor Festivali&#8217;nin ilk gecesinde sevenleriyle bulu\u015ftu. Konser alan\u0131n\u0131 h\u0131ncah\u0131n\u00e7 dolduran m\u00fczikseverler, gece boyunca t\u00fcm \u015fark\u0131lara hep birlikte e\u015flik etti.<\/span><br style=\"color: rgb(0, 0, 0); font-family: Tahoma, Arial, 'Times New Roman TUR', Verdana; font-size: 15px; line-height: normal;\" \/><br \/>\n<span style=\"color: rgb(0, 0, 0); font-family: Tahoma, Arial, 'Times New Roman TUR', Verdana; font-size: 15px; line-height: normal;\">Silifke&#8217;de konser vermekten \u00e7ok b\u00fcy\u00fck mutluluk duydu\u011funu belirten Mabel Matiz, &#8220;44. Uluslararas\u0131 Silifke M\u00fczik ve Folklor Festivalimiz kutlu olsun. Burada ve Silifke&#8217;nin siz s\u0131cak insanlar\u0131yla bir araya gelmek \u00e7ok g\u00fczel. Bizleri bulu\u015fturan Belediye Ba\u015fkan\u0131m\u0131z Dr. Mustafa Turgut\u2019a \u00e7ok te\u015fekk\u00fcr ediyoruz&#8221; diye konu\u015ftu.<\/span><br style=\"color: rgb(0, 0, 0); font-family: Tahoma, Arial, 'Times New Roman TUR', Verdana; font-size: 15px; line-height: normal;\" \/><br \/>\n<span style=\"color: rgb(0, 0, 0); font-family: Tahoma, Arial, 'Times New Roman TUR', Verdana; font-size: 15px; line-height: normal;\">Mabel Matiz, konser alan\u0131n\u0131 saatler \u00f6ncesinde dolduran hayranlar\u0131na ilk alb\u00fcm\u00fcnden bu yana en sevilen \u015fark\u0131lar\u0131n\u0131 seslendirdi.\u00a0<\/span><br style=\"color: rgb(0, 0, 0); font-family: Tahoma, Arial, 'Times New Roman TUR', Verdana; font-size: 15px; line-height: normal;\" \/><br \/>\n<span style=\"color: rgb(0, 0, 0); font-family: Tahoma, Arial, 'Times New Roman TUR', Verdana; font-size: 15px; line-height: normal;\">Sanat\u00e7\u0131 Mabel Matiz\u2019e konser sonras\u0131 Silifke Belediyesi K\u00fclt\u00fcr M\u00fcd\u00fcr\u00fc \u00dcst\u00fcn Zayim taraf\u0131ndan \u00e7i\u00e7ek ve plaket takdim edildi.<\/span><\/p>\n","protected":false},"excerpt":{"rendered":"<p>M\u00fczi\u011fin sevilen ismi Mabel Matiz, 44. Uluslararas\u0131 Silifke M\u00fczik ve Folklor Festivali&#8217;nin ilk gecesinde hayranlar\u0131yla bulu\u015ftu. Mabel Matiz, Uluslararas\u0131 Silifke M\u00fczik ve Folklor Festivali&#8217;nin ilk gecesinde sevenleriyle bulu\u015ftu. Konser alan\u0131n\u0131 &hellip; <a href=\"https:\/\/akdenizolaygazetesi.com\/?p=1230\" class=\"more-link\">Devam\u0131n\u0131 Oku&#8230;<\/a><\/p>\n","protected":false},"author":1,"featured_media":0,"comment_status":"open","ping_status":"open","sticky":false,"template":"","format":"standard","meta":[],"categories":[],"tags":[],"_links":{"self":[{"href":"https:\/\/akdenizolaygazetesi.com\/index.php?rest_route=\/wp\/v2\/posts\/1230"}],"collection":[{"href":"https:\/\/akdenizolaygazetesi.com\/index.php?rest_route=\/wp\/v2\/posts"}],"about":[{"href":"https:\/\/akdenizolaygazetesi.com\/index.php?rest_route=\/wp\/v2\/types\/post"}],"author":[{"embeddable":true,"href":"https:\/\/akdenizolaygazetesi.com\/index.php?rest_route=\/wp\/v2\/users\/1"}],"replies":[{"embeddable":true,"href":"https:\/\/akdenizolaygazetesi.com\/index.php?rest_route=%2Fwp%2Fv2%2Fcomments&post=1230"}],"version-history":[{"count":0,"href":"https:\/\/akdenizolaygazetesi.com\/index.php?rest_route=\/wp\/v2\/posts\/1230\/revisions"}],"wp:attachment":[{"href":"https:\/\/akdenizolaygazetesi.com\/index.php?rest_route=%2Fwp%2Fv2%2Fmedia&parent=1230"}],"wp:term":[{"taxonomy":"category","embeddable":true,"href":"https:\/\/akdenizolaygazetesi.com\/index.php?rest_route=%2Fwp%2Fv2%2Fcategories&post=1230"},{"taxonomy":"post_tag","embeddable":true,"href":"https:\/\/akdenizolaygazetesi.com\/index.php?rest_route=%2Fwp%2Fv2%2Ftags&post=1230"}],"curies":[{"name":"wp","href":"https:\/\/api.w.org\/{rel}","templated":true}]}}