{"id":12303,"date":"2021-05-10T13:59:21","date_gmt":"2021-05-10T10:59:21","guid":{"rendered":"http:\/\/akdenizolaygazetesi.com\/?p=12303"},"modified":"2021-05-10T13:59:53","modified_gmt":"2021-05-10T10:59:53","slug":"buyuksehir-kariyer-merkezinin-online-kariyer-gunlerine-rekor-katilim","status":"publish","type":"post","link":"https:\/\/akdenizolaygazetesi.com\/?p=12303","title":{"rendered":"B\u00dcY\u00dcK\u015eEH\u0130R KAR\u0130YER MERKEZ\u0130\u2019N\u0130N \u2018ONL\u0130NE KAR\u0130YER G\u00dcNLER\u0130\u2019NE REKOR KATILIM"},"content":{"rendered":"<p>Mersin B\u00fcy\u00fck\u015fehir Belediyesi Kariyer Merkezi, 6-7 May\u0131s\u2019ta ger\u00e7ekle\u015ftirdi\u011fi Online Kariyer G\u00fcnleri projesi ile en geni\u015f kat\u0131l\u0131ml\u0131 kariyer etkinliklerinden birine imza att\u0131. Online Kariyer G\u00fcnleri etkinli\u011finde 6 oturum ve 17 davetli konu\u015fmac\u0131 yer al\u0131rken, programa 2 binin \u00fczerinde kat\u0131l\u0131m sa\u011fland\u0131.<\/p>\n<p>T\u00fcrkiye\u2019nin en b\u00fcy\u00fck kariyer etkinliklerinden birine imza at\u0131ld\u0131<\/p>\n<p>Online Kariyer G\u00fcnleri, Mersin B\u00fcy\u00fck\u015fehir Belediyesi Kariyer Merkezi koordinasyonunda Mersin \u00dcniversitesi, Tarsus \u00dcniversitesi, \u00c7a\u011f \u00dcniversitesi, Toros \u00dcniversitesi, \u0130l Milli E\u011fitim M\u00fcd\u00fcrl\u00fc\u011f\u00fc, Mersin Ticaret ve Sanayi Odas\u0131, Akdeniz \u0130hracat\u00e7\u0131 Birlikleri, Giri\u015fimci \u0130nsan Kaynaklar\u0131 Derne\u011fi (G\u0130DER\u0130K), MTSO E\u011fitim ve Kalk\u0131nma Vakf\u0131 i\u015f birli\u011finde ger\u00e7ekle\u015fti.<\/p>\n<p>B\u00fcy\u00fck\u015fehir Belediyesi Kariyer Merkezi M\u00fcd\u00fcr\u00fc Serkan \u00d6zada, i\u015f arayanlara, \u00f6\u011frencilere ve i\u015fverenlere \u00f6zellikle pandemi s\u00fcrecinin beraberinde getirdi\u011fi belirsizlik kar\u015f\u0131s\u0131nda profesyonel destek sunarak vizyon olu\u015fturmak istediklerini belirtti. Pandeminin etkisi ile Kariyer Merkezi olarak i\u015fg\u00fcc\u00fc piyasas\u0131n\u0131 izleyen de\u011fil y\u00f6nlendiren bir anlay\u0131\u015f ile kurumlar aras\u0131 i\u015f birli\u011finin odak noktas\u0131 haline geldiklerini ifade eden \u00d6zada, kurumlar aras\u0131 i\u015f birli\u011fine dayal\u0131 projelere imza att\u0131klar\u0131n\u0131 belirtti.<\/p>\n<p>\u0130\u015f hayat\u0131n\u0131n pratik bilgilerini alan\u0131nda uzman ki\u015filer anlatt\u0131<\/p>\n<p>T\u00fcrkiye\u2019nin en b\u00fcy\u00fck Online Kariyer G\u00fcnleri\u2019nden birine imza att\u0131klar\u0131n\u0131, 6 oturumda 2 binden fazla ki\u015finin kat\u0131l\u0131m sa\u011flad\u0131\u011f\u0131n\u0131 kaydeden \u00d6zada, \u201cEnd\u00fcstri 4.0, Yeni Nesil \u0130\u015f Arama Kanallar\u0131, Dijital \u00d6zge\u00e7mi\u015f, Online M\u00fclakat Teknikleri, \u00d6zel Sekt\u00f6r Beklentileri, De\u011fi\u015fen Yetkinlikler, \u0130\u015f D\u00fcnyas\u0131n\u0131n Beklentileri\u201d gibi akademik, teorik ve i\u015f hayat\u0131n\u0131n pratik bilgilerini \u00f6\u011frencilere alan\u0131nda uzman konu\u015fmac\u0131larla aktard\u0131klar\u0131n\u0131n alt\u0131n\u0131 \u00e7izdi.<\/p>\n<p>\u00d6nemli temsilciler \u00f6\u011frencilerle bulu\u015ftu<\/p>\n<p>Kurumsal Y\u00f6netim Dan\u0131\u015fman\u0131, Dr. Cengiz Tavuk\u00e7uo\u011flu, Ar\u00e7elik T\u00fcrkiye Pazarlama Direkt\u00f6r\u00fc Mehmet T\u00fcfek\u00e7i, Pepsico T\u00fcrkiye \u0130nsan Kaynaklar\u0131 M\u00fcd\u00fcr\u00fc Alper Girgin, Philips \u00dcst d\u00fczey y\u00f6neticisi Selin T\u00fcrkmeno\u011flu, ARFESAN Y\u00f6netim Kurulu Ba\u015fkan Vekili Ay\u015fe Arkan, Migros B\u00f6lge \u0130nsan Kaynaklar\u0131 M\u00fcd\u00fcr\u00fc Koray \u00d6zdemir, \u00c7imsa \u0130nsan Kaynaklar\u0131 Saha \u015eefi Neslihan \u00dcnal, Carreforusa K\u0131demli \u0130nsan Kaynaklar\u0131 Saha Uzman\u0131 P\u0131nar \u00d6zer, \u00c7\u0130MSATA\u015e \u0130nsan Kaynaklar\u0131 \u015eefi \u00d6zde\u015f Akkaya, Austriacard Turkey Kart Operasyonlar\u0131 Operasyon Departman M\u00fcd\u00fcr\u00fc Sel\u00e7uk Bing\u00fcl gibi ulusal ve uluslararas\u0131 markalar\u0131n \u00f6nemli temsilcileri etkinlikte \u00f6\u011frencilerle bulu\u015ftu. \u00d6zellikle Mersin B\u00fcy\u00fck\u015fehir Belediyesi Kariyer Merkezi\u2019nin T\u00fcrkiye \u00e7ap\u0131nda \u00f6nemli etkinliklere imza att\u0131\u011f\u0131n\u0131 ifade eden firma temsilcileri, Kariyer G\u00fcnleri vesilesi ile de online olarak Mersin\u2019e konuk olduklar\u0131 i\u00e7in Mersin B\u00fcy\u00fck\u015fehir Belediye Ba\u015fkan\u0131 Vahap Se\u00e7er\u2019e te\u015fekk\u00fcrlerini sundu.<\/p>\n","protected":false},"excerpt":{"rendered":"<p>Mersin B\u00fcy\u00fck\u015fehir Belediyesi Kariyer Merkezi, 6-7 May\u0131s\u2019ta ger\u00e7ekle\u015ftirdi\u011fi Online Kariyer G\u00fcnleri projesi ile en geni\u015f kat\u0131l\u0131ml\u0131 kariyer etkinliklerinden birine imza att\u0131. Online Kariyer G\u00fcnleri etkinli\u011finde 6 oturum ve 17 davetli &hellip; <a href=\"https:\/\/akdenizolaygazetesi.com\/?p=12303\" class=\"more-link\">Devam\u0131n\u0131 Oku&#8230;<\/a><\/p>\n","protected":false},"author":2,"featured_media":12305,"comment_status":"open","ping_status":"open","sticky":false,"template":"","format":"standard","meta":[],"categories":[1,2,3],"tags":[],"_links":{"self":[{"href":"https:\/\/akdenizolaygazetesi.com\/index.php?rest_route=\/wp\/v2\/posts\/12303"}],"collection":[{"href":"https:\/\/akdenizolaygazetesi.com\/index.php?rest_route=\/wp\/v2\/posts"}],"about":[{"href":"https:\/\/akdenizolaygazetesi.com\/index.php?rest_route=\/wp\/v2\/types\/post"}],"author":[{"embeddable":true,"href":"https:\/\/akdenizolaygazetesi.com\/index.php?rest_route=\/wp\/v2\/users\/2"}],"replies":[{"embeddable":true,"href":"https:\/\/akdenizolaygazetesi.com\/index.php?rest_route=%2Fwp%2Fv2%2Fcomments&post=12303"}],"version-history":[{"count":1,"href":"https:\/\/akdenizolaygazetesi.com\/index.php?rest_route=\/wp\/v2\/posts\/12303\/revisions"}],"predecessor-version":[{"id":12304,"href":"https:\/\/akdenizolaygazetesi.com\/index.php?rest_route=\/wp\/v2\/posts\/12303\/revisions\/12304"}],"wp:featuredmedia":[{"embeddable":true,"href":"https:\/\/akdenizolaygazetesi.com\/index.php?rest_route=\/wp\/v2\/media\/12305"}],"wp:attachment":[{"href":"https:\/\/akdenizolaygazetesi.com\/index.php?rest_route=%2Fwp%2Fv2%2Fmedia&parent=12303"}],"wp:term":[{"taxonomy":"category","embeddable":true,"href":"https:\/\/akdenizolaygazetesi.com\/index.php?rest_route=%2Fwp%2Fv2%2Fcategories&post=12303"},{"taxonomy":"post_tag","embeddable":true,"href":"https:\/\/akdenizolaygazetesi.com\/index.php?rest_route=%2Fwp%2Fv2%2Ftags&post=12303"}],"curies":[{"name":"wp","href":"https:\/\/api.w.org\/{rel}","templated":true}]}}