{"id":12306,"date":"2021-05-10T14:01:45","date_gmt":"2021-05-10T11:01:45","guid":{"rendered":"http:\/\/akdenizolaygazetesi.com\/?p=12306"},"modified":"2021-05-10T14:02:40","modified_gmt":"2021-05-10T11:02:40","slug":"engin-tasucu-seka-limani-demiryolu-ile-orta-anadoluya-baglanmali","status":"publish","type":"post","link":"https:\/\/akdenizolaygazetesi.com\/?p=12306","title":{"rendered":"ENG\u0130N: \u201cTA\u015eUCU SEKA L\u0130MANI, DEM\u0130RYOLU \u0130LE ORTA ANADOLU\u2019YA BA\u011eLANMALI\u201d"},"content":{"rendered":"<p>MES\u0130AD Ba\u015fkan\u0131 Hasan Engin, \u00f6zelle\u015ftirme ihalesi ilan\u0131 yay\u0131nlanan Ta\u015fucu Seka Liman\u0131\u2019n\u0131n demiryolu ile \u0130\u00e7 Anadolu B\u00f6lgesine ba\u011flanmas\u0131n\u0131 isteyerek, \u201c At\u0131l durumda bulunan Seka Ka\u011f\u0131t fabrikas\u0131 alan\u0131n\u0131n ekonomiye kazand\u0131r\u0131lmas\u0131, bu alan\u0131n serbest b\u00f6lge olarak kullan\u0131lmas\u0131 katma de\u011fer ve istihdam\u0131 artt\u0131racakt\u0131r.\u201d dedi.<\/p>\n<p>Mersin Sanayicileri ve \u0130\u015f \u0130nsanlar\u0131 Derne\u011fi (MES\u0130AD) Y\u00f6netim Kurulu Ba\u015fkan\u0131 Hasan Engin, \u00f6zelle\u015ftirme ilan\u0131na \u00e7\u0131kar\u0131lan Ta\u015fucu Liman\u0131 ile ilgili yapt\u0131\u011f\u0131 a\u00e7\u0131klamada demiryolu ile \u0130\u00e7 Anadolu B\u00f6lgesine ba\u011flanmas\u0131n\u0131 istedi.  Ta\u015fucu Seka Liman\u0131\u2019n\u0131n aktif hale getirilmesi durumunda Konya Seydi\u015fehir il\u00e7esinde \u00fcretilen al\u00fcminyum ve madensel \u00fcretimlerin yan\u0131 s\u0131ra, tar\u0131msal ve d\u00f6kme y\u00fcklerin buradan ihra\u00e7 edilece\u011fini s\u00f6yleyen Engin, liman ba\u011flant\u0131l\u0131 Konya-Karaman-Silifke-Ta\u015fucu demiryolu projesinin yap\u0131lmas\u0131 durumunda b\u00f6lgenin liman \u00fcss\u00fc olaca\u011f\u0131n\u0131 kaydetti. Engin \u201cProjelendirilen Uluk\u0131\u015fla-Aksaray demiryolu ile birlikte Konya-Karaman-Silifke-Ta\u015fucu demiryolunun projelendirilip yap\u0131m\u0131na ba\u015flanmas\u0131 b\u00f6lgemizin ve T\u00fcrkiye\u2019nin ekonomik de\u011ferini artt\u0131racakt\u0131r\u201d dedi.<\/p>\n<p>\u201cTEKN\u0130K \u00d6ZELL\u0130KLER\u0130N GEL\u0130\u015eT\u0130R\u0130LMES\u0130 L\u0130MANDA HAREKETL\u0130L\u0130\u011e\u0130 ARTIRACAKTIR\u201d<br \/>\nTa\u015fucu Liman\u0131\u2019n\u0131n teknik \u00f6zelliklerinin geli\u015ftirilmesi gerekti\u011fini s\u00f6yleyen Ba\u015fkan Engin, \u201cTa\u015fucu Seka Liman\u0131\u2019n\u0131n aktif hale getirilmesi ile b\u00f6lgemizin ekonomik de\u011feri artacakt\u0131r. \u0130\u00e7 Anadolu B\u00f6lgesi i\u00e7in ihracat ve ithalat liman\u0131 olacakt\u0131r. R\u0131ht\u0131m derinli\u011finin 10 metre oldu\u011fu liman ayn\u0131 zamanda feribot ile Ro-Ro gemilerinin kullan\u0131m\u0131na da uygundur. Liman ayr\u0131ca 200 metre uzunlu\u011fa sahip t\u00fcm gemilere hizmet verebilmektedir. 118 bin metrekare beton saha, 3 adet toplam 9 bin metrekare kapal\u0131 ambara sahip SekaLiman\u0131\u2019nda g\u00fcnde 1000 ton d\u00f6kme y\u00fck y\u00fcklemesi yap\u0131labilmektedir. Teknik anlamda sahip olunan \u00f6zelliklerinve tersane havuzlar\u0131n\u0131n geli\u015ftirilmesi limanda hareketlili\u011fi art\u0131racakt\u0131r. Ayr\u0131ca at\u0131l durumda bulunan Seka Ka\u011f\u0131t fabrikas\u0131 alan\u0131n\u0131n ekonomiye kazand\u0131r\u0131lmas\u0131, hatta bu alan\u0131n serbest b\u00f6lge olarak kullan\u0131lmas\u0131 katma de\u011fer ve istihdam\u0131 artt\u0131racakt\u0131r \u201d dedi.<\/p>\n<p>\u201cDO\u011eU AKDEN\u0130Z \u0130\u00c7\u0130N STRATEJ\u0130K \u00d6NEME SAH\u0130P\u201d<br \/>\n\u201cT\u00fcrkiye\u2019nin Do\u011fu Akdeniz\u2019deki gaz arama faaliyetleria\u00e7\u0131s\u0131ndan Ta\u015fucu Seka Liman\u0131 stratejik bir \u00f6neme sahip\u201d diyen Ba\u015fkan Engin, \u201cDo\u011fu Akdeniz\u2019de yap\u0131lan do\u011falgaz (hidrokarbon) arama \u00e7al\u0131\u015fmalar\u0131n\u0131n malzeme ve ikmal \u00fcr\u00fcnleri bu limandan g\u00f6nderilmektedir. \u00d6n\u00fcm\u00fczdeki s\u00fcre\u00e7te Akdeniz\u2019de do\u011falgaz rezervlerinin bulunmas\u0131 durumunda Akdeniz\u2019deki gemi trafi\u011fi artacakt\u0131r. Liman ve lojistik kenti Mersin\u2019de Ta\u015fucu Seka Liman\u0131\u2019n\u0131n aktif hale getirilmesi ile hem kentimizin hem de \u00fclkemizin de\u011feri artacakt\u0131r\u201d ifadelerini kulland\u0131.<\/p>\n<p>iPhone\u2019umdan g\u00f6nderildi<\/p>\n","protected":false},"excerpt":{"rendered":"<p>MES\u0130AD Ba\u015fkan\u0131 Hasan Engin, \u00f6zelle\u015ftirme ihalesi ilan\u0131 yay\u0131nlanan Ta\u015fucu Seka Liman\u0131\u2019n\u0131n demiryolu ile \u0130\u00e7 Anadolu B\u00f6lgesine ba\u011flanmas\u0131n\u0131 isteyerek, \u201c At\u0131l durumda bulunan Seka Ka\u011f\u0131t fabrikas\u0131 alan\u0131n\u0131n ekonomiye kazand\u0131r\u0131lmas\u0131, bu alan\u0131n &hellip; <a href=\"https:\/\/akdenizolaygazetesi.com\/?p=12306\" class=\"more-link\">Devam\u0131n\u0131 Oku&#8230;<\/a><\/p>\n","protected":false},"author":2,"featured_media":12308,"comment_status":"open","ping_status":"open","sticky":false,"template":"","format":"standard","meta":[],"categories":[7,8,1,3],"tags":[],"_links":{"self":[{"href":"https:\/\/akdenizolaygazetesi.com\/index.php?rest_route=\/wp\/v2\/posts\/12306"}],"collection":[{"href":"https:\/\/akdenizolaygazetesi.com\/index.php?rest_route=\/wp\/v2\/posts"}],"about":[{"href":"https:\/\/akdenizolaygazetesi.com\/index.php?rest_route=\/wp\/v2\/types\/post"}],"author":[{"embeddable":true,"href":"https:\/\/akdenizolaygazetesi.com\/index.php?rest_route=\/wp\/v2\/users\/2"}],"replies":[{"embeddable":true,"href":"https:\/\/akdenizolaygazetesi.com\/index.php?rest_route=%2Fwp%2Fv2%2Fcomments&post=12306"}],"version-history":[{"count":2,"href":"https:\/\/akdenizolaygazetesi.com\/index.php?rest_route=\/wp\/v2\/posts\/12306\/revisions"}],"predecessor-version":[{"id":12309,"href":"https:\/\/akdenizolaygazetesi.com\/index.php?rest_route=\/wp\/v2\/posts\/12306\/revisions\/12309"}],"wp:featuredmedia":[{"embeddable":true,"href":"https:\/\/akdenizolaygazetesi.com\/index.php?rest_route=\/wp\/v2\/media\/12308"}],"wp:attachment":[{"href":"https:\/\/akdenizolaygazetesi.com\/index.php?rest_route=%2Fwp%2Fv2%2Fmedia&parent=12306"}],"wp:term":[{"taxonomy":"category","embeddable":true,"href":"https:\/\/akdenizolaygazetesi.com\/index.php?rest_route=%2Fwp%2Fv2%2Fcategories&post=12306"},{"taxonomy":"post_tag","embeddable":true,"href":"https:\/\/akdenizolaygazetesi.com\/index.php?rest_route=%2Fwp%2Fv2%2Ftags&post=12306"}],"curies":[{"name":"wp","href":"https:\/\/api.w.org\/{rel}","templated":true}]}}