{"id":1232,"date":"2020-11-04T18:21:49","date_gmt":"2020-11-04T15:21:49","guid":{"rendered":"http:\/\/mersinekonomipolitikagazetesi.com\/?p=1232"},"modified":"2020-11-04T18:21:49","modified_gmt":"2020-11-04T15:21:49","slug":"akdenizde-kuvvetli-yagis-uyarisi","status":"publish","type":"post","link":"https:\/\/akdenizolaygazetesi.com\/?p=1232","title":{"rendered":"Akdeniz&#8217;de kuvvetli ya\u011f\u0131\u015f uyar\u0131s\u0131"},"content":{"rendered":"<p>Akdeniz B\u00f6lgesi i\u00e7in sa\u011fanak ve g\u00f6k g\u00fcr\u00fclt\u00fcl\u00fc sa\u011fanak ya\u011f\u0131\u015f uyar\u0131s\u0131 yap\u0131ld\u0131.<br \/>\nMeteoroloji Genel M\u00fcd\u00fcrl\u00fc\u011f\u00fc&#8217;nden yap\u0131lan a\u00e7\u0131klamaya g\u00f6re, bu gece saatlerinden itibaren Antalya \u00e7evresi ile Isparta&#8217;n\u0131n g\u00fcney il\u00e7elerinde kuvvetli ya\u011f\u0131\u015f bekleniyor.<\/p>\n<p><span style=\"color: rgb(0, 0, 0); font-family: Tahoma, Arial, 'Times New Roman TUR', Verdana; font-size: 15px; line-height: normal;\">Pazartesi \u00f6\u011fle saatlerinden \u00f6nce Mersin&#8217;in Anamur, Bozyaz\u0131 ve Ayd\u0131nc\u0131k il\u00e7eleri, \u00f6\u011fle saatlerinden itibaren ise Adana&#8217;n\u0131n \u0130mamo\u011flu, Kozan ve Ceyhan il\u00e7eleri ile Osmaniye, Hatay ve Kahramanmara\u015f&#8217;\u0131n bat\u0131s\u0131nda kuvvetli, yer yer \u00e7ok kuvvetli sa\u011fanak ve kuvvetli ya\u011f\u0131\u015f bekleniyor.<\/span><br style=\"color: rgb(0, 0, 0); font-family: Tahoma, Arial, 'Times New Roman TUR', Verdana; font-size: 15px; line-height: normal;\" \/><br \/>\n<span style=\"color: rgb(0, 0, 0); font-family: Tahoma, Arial, 'Times New Roman TUR', Verdana; font-size: 15px; line-height: normal;\">Ya\u011f\u0131\u015flar\u0131n yerel kuvvetli olaca\u011f\u0131 tahmin edildi\u011finden meydana gelebilecek sel, su bask\u0131n\u0131, y\u0131ld\u0131r\u0131m, r\u00fczgar, hortum, ula\u015f\u0131mda aksama ve dolu ya\u011f\u0131\u015f\u0131na kar\u015f\u0131 tedbirli olunmas\u0131 istenildi.<\/span><\/p>\n","protected":false},"excerpt":{"rendered":"<p>Akdeniz B\u00f6lgesi i\u00e7in sa\u011fanak ve g\u00f6k g\u00fcr\u00fclt\u00fcl\u00fc sa\u011fanak ya\u011f\u0131\u015f uyar\u0131s\u0131 yap\u0131ld\u0131. Meteoroloji Genel M\u00fcd\u00fcrl\u00fc\u011f\u00fc&#8217;nden yap\u0131lan a\u00e7\u0131klamaya g\u00f6re, bu gece saatlerinden itibaren Antalya \u00e7evresi ile Isparta&#8217;n\u0131n g\u00fcney il\u00e7elerinde kuvvetli ya\u011f\u0131\u015f bekleniyor. &hellip; <a href=\"https:\/\/akdenizolaygazetesi.com\/?p=1232\" class=\"more-link\">Devam\u0131n\u0131 Oku&#8230;<\/a><\/p>\n","protected":false},"author":1,"featured_media":0,"comment_status":"open","ping_status":"open","sticky":false,"template":"","format":"standard","meta":[],"categories":[],"tags":[],"_links":{"self":[{"href":"https:\/\/akdenizolaygazetesi.com\/index.php?rest_route=\/wp\/v2\/posts\/1232"}],"collection":[{"href":"https:\/\/akdenizolaygazetesi.com\/index.php?rest_route=\/wp\/v2\/posts"}],"about":[{"href":"https:\/\/akdenizolaygazetesi.com\/index.php?rest_route=\/wp\/v2\/types\/post"}],"author":[{"embeddable":true,"href":"https:\/\/akdenizolaygazetesi.com\/index.php?rest_route=\/wp\/v2\/users\/1"}],"replies":[{"embeddable":true,"href":"https:\/\/akdenizolaygazetesi.com\/index.php?rest_route=%2Fwp%2Fv2%2Fcomments&post=1232"}],"version-history":[{"count":0,"href":"https:\/\/akdenizolaygazetesi.com\/index.php?rest_route=\/wp\/v2\/posts\/1232\/revisions"}],"wp:attachment":[{"href":"https:\/\/akdenizolaygazetesi.com\/index.php?rest_route=%2Fwp%2Fv2%2Fmedia&parent=1232"}],"wp:term":[{"taxonomy":"category","embeddable":true,"href":"https:\/\/akdenizolaygazetesi.com\/index.php?rest_route=%2Fwp%2Fv2%2Fcategories&post=1232"},{"taxonomy":"post_tag","embeddable":true,"href":"https:\/\/akdenizolaygazetesi.com\/index.php?rest_route=%2Fwp%2Fv2%2Ftags&post=1232"}],"curies":[{"name":"wp","href":"https:\/\/api.w.org\/{rel}","templated":true}]}}