{"id":12327,"date":"2021-05-12T12:56:14","date_gmt":"2021-05-12T09:56:14","guid":{"rendered":"http:\/\/akdenizolaygazetesi.com\/?p=12327"},"modified":"2021-05-12T12:56:50","modified_gmt":"2021-05-12T09:56:50","slug":"buyuksehir-mevsimlik-tarim-iscilerinin-de-yaninda","status":"publish","type":"post","link":"https:\/\/akdenizolaygazetesi.com\/?p=12327","title":{"rendered":"B\u00dcY\u00dcK\u015eEH\u0130R, MEVS\u0130ML\u0130K TARIM \u0130\u015e\u00c7\u0130LER\u0130N\u0130N DE YANINDA"},"content":{"rendered":"<p>Mersin B\u00fcy\u00fck\u015fehir Belediyesi, meyve ve sebze \u00fcretiminin \u00f6nemli bir par\u00e7as\u0131 olan mevsimlik tar\u0131m i\u015f\u00e7ilerine destek vermeye devam ediyor. Suriyeli mevsimlik tar\u0131m i\u015f\u00e7ilerinin ve \u00e7ocuklar\u0131n\u0131n ya\u015fam ko\u015fullar\u0131n\u0131n d\u00fczeltilmesi i\u00e7in ulusal ve uluslararas\u0131 kurulu\u015flarla ortak \u00e7al\u0131\u015fmalar y\u00fcr\u00fcten B\u00fcy\u00fck\u015fehir Belediyesi, Ramazan Bayram\u0131 \u00f6ncesi de deste\u011fini s\u00fcrd\u00fcrd\u00fc.<\/p>\n<p>Hem bayramlar\u0131n\u0131 kutlad\u0131lar hem koli deste\u011fi sundular<\/p>\n<p>Tarsus il\u00e7esi Karg\u0131l\u0131 Mahallesi\u2019nde ya\u015fayan mevsimlik tar\u0131m i\u015f\u00e7ilerinin \u00e7ad\u0131rlar\u0131n\u0131 ziyaret eden B\u00fcy\u00fck\u015fehir Belediyesi personeli, g\u0131da kolisi deste\u011finde bulundu. Mersin B\u00fcy\u00fck\u015fehir Belediye Ba\u015fkan\u0131 Vahap Se\u00e7er\u2019in selamlar\u0131n\u0131 da ileten B\u00fcy\u00fck\u015fehir Belediyesi ekipleri, tar\u0131m i\u015f\u00e7ilerinin bayramlar\u0131n\u0131 da kutlad\u0131. Sosyal Hizmetler Dairesi\u2019nin \u00f6nc\u00fcl\u00fc\u011f\u00fcnde ilerleyen g\u00fcnlerde tar\u0131m i\u015f\u00e7ilerine g\u0131da kolisi deste\u011fi devam edecek.<\/p>\n<p>\u201cMevsimlik tar\u0131m i\u015f\u00e7ilerinin, tar\u0131msal \u00fcretimin devaml\u0131l\u0131\u011f\u0131 ad\u0131na ciddi emekleri var\u201d<\/p>\n<p>B\u00fcy\u00fck\u015fehir Belediyesi Sosyal Hizmetler Dairesi Ba\u015fkanl\u0131\u011f\u0131 Uyum Masas\u0131\u2019nda g\u00f6rev yapan \u00c7a\u011fan Co\u015fkuner, ger\u00e7ekle\u015ftirdikleri g\u0131da kolisi yard\u0131m\u0131 ile ilgili bilgi vererek, \u201cMevsimlik tar\u0131m i\u015f\u00e7ileri y\u0131l boyunca tar\u0131msal \u00fcretimin devaml\u0131l\u0131\u011f\u0131 ad\u0131na ciddi emekleri olan gruplar. Onlar\u0131n ya\u015fam ko\u015fullar\u0131n\u0131 daha iyi hale getirebilmek ad\u0131na ge\u00e7ti\u011fimiz aylarda da k\u0131\u015fl\u0131k ekipman ve hijyen seti yard\u0131m\u0131 gibi \u00e7e\u015fitli desteklerimiz olmu\u015ftu. Bug\u00fcn de bayramdan \u00f6nce Ramazan kolilerimizi ihtiya\u00e7 sahibi mevsimlik tar\u0131m i\u015f\u00e7ilerine ula\u015ft\u0131rd\u0131k\u201d dedi.<\/p>\n","protected":false},"excerpt":{"rendered":"<p>Mersin B\u00fcy\u00fck\u015fehir Belediyesi, meyve ve sebze \u00fcretiminin \u00f6nemli bir par\u00e7as\u0131 olan mevsimlik tar\u0131m i\u015f\u00e7ilerine destek vermeye devam ediyor. Suriyeli mevsimlik tar\u0131m i\u015f\u00e7ilerinin ve \u00e7ocuklar\u0131n\u0131n ya\u015fam ko\u015fullar\u0131n\u0131n d\u00fczeltilmesi i\u00e7in ulusal ve &hellip; <a href=\"https:\/\/akdenizolaygazetesi.com\/?p=12327\" class=\"more-link\">Devam\u0131n\u0131 Oku&#8230;<\/a><\/p>\n","protected":false},"author":2,"featured_media":12329,"comment_status":"open","ping_status":"open","sticky":false,"template":"","format":"standard","meta":[],"categories":[8,1,2,3],"tags":[],"_links":{"self":[{"href":"https:\/\/akdenizolaygazetesi.com\/index.php?rest_route=\/wp\/v2\/posts\/12327"}],"collection":[{"href":"https:\/\/akdenizolaygazetesi.com\/index.php?rest_route=\/wp\/v2\/posts"}],"about":[{"href":"https:\/\/akdenizolaygazetesi.com\/index.php?rest_route=\/wp\/v2\/types\/post"}],"author":[{"embeddable":true,"href":"https:\/\/akdenizolaygazetesi.com\/index.php?rest_route=\/wp\/v2\/users\/2"}],"replies":[{"embeddable":true,"href":"https:\/\/akdenizolaygazetesi.com\/index.php?rest_route=%2Fwp%2Fv2%2Fcomments&post=12327"}],"version-history":[{"count":1,"href":"https:\/\/akdenizolaygazetesi.com\/index.php?rest_route=\/wp\/v2\/posts\/12327\/revisions"}],"predecessor-version":[{"id":12328,"href":"https:\/\/akdenizolaygazetesi.com\/index.php?rest_route=\/wp\/v2\/posts\/12327\/revisions\/12328"}],"wp:featuredmedia":[{"embeddable":true,"href":"https:\/\/akdenizolaygazetesi.com\/index.php?rest_route=\/wp\/v2\/media\/12329"}],"wp:attachment":[{"href":"https:\/\/akdenizolaygazetesi.com\/index.php?rest_route=%2Fwp%2Fv2%2Fmedia&parent=12327"}],"wp:term":[{"taxonomy":"category","embeddable":true,"href":"https:\/\/akdenizolaygazetesi.com\/index.php?rest_route=%2Fwp%2Fv2%2Fcategories&post=12327"},{"taxonomy":"post_tag","embeddable":true,"href":"https:\/\/akdenizolaygazetesi.com\/index.php?rest_route=%2Fwp%2Fv2%2Ftags&post=12327"}],"curies":[{"name":"wp","href":"https:\/\/api.w.org\/{rel}","templated":true}]}}