{"id":1233,"date":"2020-11-04T18:21:49","date_gmt":"2020-11-04T15:21:49","guid":{"rendered":"http:\/\/mersinekonomipolitikagazetesi.com\/?p=1233"},"modified":"2020-11-04T18:21:49","modified_gmt":"2020-11-04T15:21:49","slug":"28-turkmen-soleninde-muazzez-ersoy-sahne-aldi","status":"publish","type":"post","link":"https:\/\/akdenizolaygazetesi.com\/?p=1233","title":{"rendered":"28. T\u00fcrkmen \u015e\u00f6leni&#8217;nde Muazzez Ersoy sahne ald\u0131"},"content":{"rendered":"<p>Mersin&#8217;in Erdemli il\u00e7esinde bu y\u0131l 28.&#8217;si ger\u00e7ekle\u015ftirilen T\u00fcrkmen \u015e\u00f6leni&#8217;nde sahne alan Muazzez Ersoy, Y\u00f6r\u00fckleri co\u015fturdu. Ersoy, sahnede \u00e7i\u00e7ek ya\u011fmuruna tutuldu.<\/p>\n<p><span style=\"color: rgb(0, 0, 0); font-family: Tahoma, Arial, 'Times New Roman TUR', Verdana; font-size: 15px; line-height: normal;\">Akdeniz Mehter Tak\u0131m\u0131 e\u015fli\u011finde \u0130stiklal Mar\u015f\u0131&#8217;n\u0131n okunmas\u0131yla ba\u015flayan \u015f\u00f6lende y\u00f6resel halk oyunlar\u0131 ve modern dans g\u00f6sterileri ger\u00e7ekle\u015ftirildi. Mersin B\u00fcy\u00fck \u015eehir Belediye Ba\u015fkan\u0131 Burhanettin Kocamaz bir ara halay ba\u015f\u0131na ge\u00e7erek, oyuna e\u015flik etti.<\/span><br style=\"color: rgb(0, 0, 0); font-family: Tahoma, Arial, 'Times New Roman TUR', Verdana; font-size: 15px; line-height: normal;\" \/><br \/>\n<span style=\"color: rgb(0, 0, 0); font-family: Tahoma, Arial, 'Times New Roman TUR', Verdana; font-size: 15px; line-height: normal;\">Talat G\u00f6ktepe \u00c7aml\u0131\u011f\u0131&#8217;nda ger\u00e7ekle\u015ftirilen \u015f\u00f6lenin a\u00e7\u0131l\u0131\u015f\u0131nda konu\u015fan Erdemli Belediye Ba\u015fkan\u0131 M\u00fckerrem Tollu, T\u00fcrk k\u00fclt\u00fcr\u00fcn\u00fcn en g\u00fczel \u015fekli ile sergilendi\u011fi ve gelecek ku\u015faklara aktar\u0131ld\u0131\u011f\u0131 geleneksel T\u00fcrkmen \u015f\u00f6leninin bu y\u0131l 28.&#8217;sini d\u00fczenlemekten duydu\u011fu mutlulu\u011fu dile getirdi.<\/span><br style=\"color: rgb(0, 0, 0); font-family: Tahoma, Arial, 'Times New Roman TUR', Verdana; font-size: 15px; line-height: normal;\" \/><br \/>\n<span style=\"color: rgb(0, 0, 0); font-family: Tahoma, Arial, 'Times New Roman TUR', Verdana; font-size: 15px; line-height: normal;\">Tollu, &#8220;Erdemli&#8217;de birlikten yana, dirlikten yana, dayan\u0131\u015fmadan yana karde\u015fli\u011fimizin geli\u015fmesinden yana y\u0131llard\u0131r icra edilen T\u00fcrkmen \u015e\u00f6leni, ger\u00e7ekten Erdemlimizin markas\u0131 haline gelmi\u015ftir. Bu markan\u0131n ger\u00e7ek sahipleri siz de\u011ferli halk\u0131m\u0131zd\u0131r. Herkese \u00e7ok te\u015fekk\u00fcr ediyorum. Allah sizlerden binlerce kere raz\u0131 olsun&#8221; dedi.<\/span><br style=\"color: rgb(0, 0, 0); font-family: Tahoma, Arial, 'Times New Roman TUR', Verdana; font-size: 15px; line-height: normal;\" \/><br \/>\n<span style=\"color: rgb(0, 0, 0); font-family: Tahoma, Arial, 'Times New Roman TUR', Verdana; font-size: 15px; line-height: normal;\">Mersin B\u00fcy\u00fck\u015fehir Belediye Ba\u015fkan\u0131 Burhanettin Kocamaz ise, &#8220;Zaman zaman kesintilere u\u011frayan \u015f\u00f6lenin 1978&#8217;den buyana ger\u00e7ekle\u015ftirildi\u011fini, bunda eme\u011fi ge\u00e7enlere \u015f\u00fckran bor\u00e7lu olduklar\u0131n\u0131 belirtti.<\/span><br style=\"color: rgb(0, 0, 0); font-family: Tahoma, Arial, 'Times New Roman TUR', Verdana; font-size: 15px; line-height: normal;\" \/><br \/>\n<span style=\"color: rgb(0, 0, 0); font-family: Tahoma, Arial, 'Times New Roman TUR', Verdana; font-size: 15px; line-height: normal;\">Konu\u015fmas\u0131nda birlik ve beraberlik vurgusu yapan Kocamaz, &#8220;Bizler bir oldu\u011fumuz, diri oldu\u011fumuz, iri oldu\u011fumuz s\u00fcrece Allah&#8217;\u0131n izniyle aram\u0131za sokulmak istenen fitne ve fesatlara f\u0131rsat vermeyece\u011fiz, aynen bug\u00fcne kadar oldu\u011fu gibi&#8221; diye konu\u015ftu.<\/span><br style=\"color: rgb(0, 0, 0); font-family: Tahoma, Arial, 'Times New Roman TUR', Verdana; font-size: 15px; line-height: normal;\" \/><br \/>\n<br style=\"color: rgb(0, 0, 0); font-family: Tahoma, Arial, 'Times New Roman TUR', Verdana; font-size: 15px; line-height: normal;\" \/><br \/>\n<span style=\"color: rgb(0, 0, 0); font-family: Tahoma, Arial, 'Times New Roman TUR', Verdana; font-size: 15px; line-height: normal;\">Ersoy y\u00fcz\u00fcne gelen \u00e7i\u00e7e\u011fe \u00f6p\u00fcc\u00fckle te\u015fekk\u00fcr etti<\/span><br style=\"color: rgb(0, 0, 0); font-family: Tahoma, Arial, 'Times New Roman TUR', Verdana; font-size: 15px; line-height: normal;\" \/><br \/>\n<span style=\"color: rgb(0, 0, 0); font-family: Tahoma, Arial, 'Times New Roman TUR', Verdana; font-size: 15px; line-height: normal;\">\u015e\u00f6lenin daha \u00f6nceki y\u0131llarda bir\u00e7ok kez sahne alan \u00fcnl\u00fc sanat\u00e7\u0131 Muazzez Ersoy da T\u00fcrkmen \u015e\u00f6leni&#8217;nde olmaktan duydu\u011fu memnuniyeti dile getirdi. K\u0131br\u0131s&#8217;ta sahne ald\u0131\u011f\u0131n\u0131 birka\u00e7 saatlik bir uykuyla \u015f\u00f6lene acele ederek kat\u0131ld\u0131\u011f\u0131n\u0131 belirterek, &#8220;\u00c7ok h\u0131zl\u0131 bir \u015fekilde makyaj\u0131m\u0131 yapt\u0131m, zaten \u00e7ok boyanmama gerek yok diye d\u00fc\u015f\u00fcn\u00fcyorum&#8221; deyince hayranlar\u0131ndan b\u00fcy\u00fck alk\u0131\u015f ald\u0131.<\/span><br style=\"color: rgb(0, 0, 0); font-family: Tahoma, Arial, 'Times New Roman TUR', Verdana; font-size: 15px; line-height: normal;\" \/><br \/>\n<span style=\"color: rgb(0, 0, 0); font-family: Tahoma, Arial, 'Times New Roman TUR', Verdana; font-size: 15px; line-height: normal;\">Bir ara hayranlar\u0131n\u0131n sahneye att\u0131\u011f\u0131 \u00e7i\u00e7ekler Ersoy&#8217;un y\u00fcz\u00fcne geldi. Yerde onlarca \u00e7i\u00e7e\u011fi g\u00f6ren Ersoy, &#8220;Te\u015fekk\u00fcr ediyorum hayat\u0131m&#8221; diyerek \u00e7i\u00e7ekler i\u00e7in hayranlar\u0131na \u00f6p\u00fcc\u00fckle kar\u015f\u0131l\u0131k verdi.<\/span><br style=\"color: rgb(0, 0, 0); font-family: Tahoma, Arial, 'Times New Roman TUR', Verdana; font-size: 15px; line-height: normal;\" \/><br \/>\n<span style=\"color: rgb(0, 0, 0); font-family: Tahoma, Arial, 'Times New Roman TUR', Verdana; font-size: 15px; line-height: normal;\">Ersoy, &#8220;Sizlerle burada g\u00fczel bulu\u015fmalar ya\u015fad\u0131m. Bu g\u00fcn\u00fcm\u00fczde \u0130n\u015fallah \u00e7ok b\u00fcy\u00fck bir keyifle ge\u00e7ecek&#8221; dedi.<\/span><br style=\"color: rgb(0, 0, 0); font-family: Tahoma, Arial, 'Times New Roman TUR', Verdana; font-size: 15px; line-height: normal;\" \/><br \/>\n<span style=\"color: rgb(0, 0, 0); font-family: Tahoma, Arial, 'Times New Roman TUR', Verdana; font-size: 15px; line-height: normal;\">\u015e\u00f6lene KKTC Mersin Ba\u015fkonsolosu Ay\u015fen Volkan \u0130nan\u0131ro\u011flu da kat\u0131ld\u0131.<\/span><\/p>\n","protected":false},"excerpt":{"rendered":"<p>Mersin&#8217;in Erdemli il\u00e7esinde bu y\u0131l 28.&#8217;si ger\u00e7ekle\u015ftirilen T\u00fcrkmen \u015e\u00f6leni&#8217;nde sahne alan Muazzez Ersoy, Y\u00f6r\u00fckleri co\u015fturdu. Ersoy, sahnede \u00e7i\u00e7ek ya\u011fmuruna tutuldu. Akdeniz Mehter Tak\u0131m\u0131 e\u015fli\u011finde \u0130stiklal Mar\u015f\u0131&#8217;n\u0131n okunmas\u0131yla ba\u015flayan \u015f\u00f6lende y\u00f6resel &hellip; <a href=\"https:\/\/akdenizolaygazetesi.com\/?p=1233\" class=\"more-link\">Devam\u0131n\u0131 Oku&#8230;<\/a><\/p>\n","protected":false},"author":1,"featured_media":0,"comment_status":"open","ping_status":"open","sticky":false,"template":"","format":"standard","meta":[],"categories":[],"tags":[],"_links":{"self":[{"href":"https:\/\/akdenizolaygazetesi.com\/index.php?rest_route=\/wp\/v2\/posts\/1233"}],"collection":[{"href":"https:\/\/akdenizolaygazetesi.com\/index.php?rest_route=\/wp\/v2\/posts"}],"about":[{"href":"https:\/\/akdenizolaygazetesi.com\/index.php?rest_route=\/wp\/v2\/types\/post"}],"author":[{"embeddable":true,"href":"https:\/\/akdenizolaygazetesi.com\/index.php?rest_route=\/wp\/v2\/users\/1"}],"replies":[{"embeddable":true,"href":"https:\/\/akdenizolaygazetesi.com\/index.php?rest_route=%2Fwp%2Fv2%2Fcomments&post=1233"}],"version-history":[{"count":0,"href":"https:\/\/akdenizolaygazetesi.com\/index.php?rest_route=\/wp\/v2\/posts\/1233\/revisions"}],"wp:attachment":[{"href":"https:\/\/akdenizolaygazetesi.com\/index.php?rest_route=%2Fwp%2Fv2%2Fmedia&parent=1233"}],"wp:term":[{"taxonomy":"category","embeddable":true,"href":"https:\/\/akdenizolaygazetesi.com\/index.php?rest_route=%2Fwp%2Fv2%2Fcategories&post=1233"},{"taxonomy":"post_tag","embeddable":true,"href":"https:\/\/akdenizolaygazetesi.com\/index.php?rest_route=%2Fwp%2Fv2%2Ftags&post=1233"}],"curies":[{"name":"wp","href":"https:\/\/api.w.org\/{rel}","templated":true}]}}