{"id":12337,"date":"2021-05-12T13:03:07","date_gmt":"2021-05-12T10:03:07","guid":{"rendered":"http:\/\/akdenizolaygazetesi.com\/?p=12337"},"modified":"2021-05-12T13:03:44","modified_gmt":"2021-05-12T10:03:44","slug":"bayramlar-insanlari-birbirine-yakinlastiran-ayni-dusunce-ve-duygularda-bulusturan-gunlerdir","status":"publish","type":"post","link":"https:\/\/akdenizolaygazetesi.com\/?p=12337","title":{"rendered":"&#8220;Bayramlar insanlar\u0131 birbirine yak\u0131nla\u015ft\u0131ran, ayn\u0131 d\u00fc\u015f\u00fcnce ve duygularda bulu\u015fturan g\u00fcnlerdir&#8221;"},"content":{"rendered":"<p>Mersin Yat\u0131r\u0131mc\u0131 \u0130\u015f \u0130nsanlar\u0131 Derne\u011fi (MERYAD) Ba\u015fkan\u0131 Co\u015fkun Do\u011fmu\u015f, &#8221; Gelecek y\u0131llarda salg\u0131n\u0131n bitti\u011fi ve birlik beraberlik i\u00e7erisinde, yanyana ge\u00e7irece\u011fimiz bayramlar ya\u015famak dile\u011fiyle t\u00fcm islam aleminin Ramazan Bayram\u0131 kutlu olsun&#8221; dedi.<\/p>\n<p>Ba\u015fkan Do\u011fmu\u015f, Ramazan Bayram\u0131 dolay\u0131s\u0131yla bir mesaj yay\u0131nlad\u0131. Do\u011fmu\u015f, &#8220;Bayramlar  insanlar\u0131 birbirine yak\u0131nla\u015ft\u0131ran, ayn\u0131 d\u00fc\u015f\u00fcnce ve duygularda bulu\u015fturan, g\u00fcnl\u00fck kayg\u0131 ve s\u0131k\u0131nt\u0131lardan uzakla\u015ft\u0131ran, topluma umut, sevgi veren, birlik ve dirli\u011fi sa\u011flayan \u00f6zel bir g\u00fcnd\u00fcr. Hepimiz i\u00e7in b\u00fcy\u00fck anlamlar ta\u015f\u0131yan, birlik ve beraberli\u011fimizi kuvvetlendiren, dostluk ve bar\u0131\u015f ortam\u0131 olu\u015fturan bayramlar, ta\u015f\u0131d\u0131klar\u0131 anlam ve \u00f6neme uygun olarak kutlanmal\u0131, \u00f6zellikle bu g\u00fcnlerde birbirimize ve \u00fclkemize kar\u015f\u0131 sorumluluklar\u0131m\u0131z\u0131 daha \u00e7ok hat\u0131rlamal\u0131y\u0131z. Milli ve manevi de\u011ferlerimize sahip \u00e7\u0131karak, hayat\u0131m\u0131za sevgi, sayg\u0131, yard\u0131mla\u015fma, dayan\u0131\u015fma ve ho\u015fg\u00f6r\u00fc duygular\u0131n\u0131 egemen k\u0131ld\u0131\u011f\u0131m\u0131z s\u00fcrece daha g\u00fczel g\u00fcnlere ula\u015faca\u011f\u0131m\u0131za \u015f\u00fcphe yoktur.<br \/>\nBu duygularla Ramazan Bayram\u0131n\u0131z\u0131 en samimi duygular\u0131mla kutlar, bar\u0131\u015f, sevgi, karde\u015flik, dostluk ve huzur i\u00e7erisinde nice bayramlara kavu\u015fman\u0131z\u0131 temenni eder, sevgi ve sayg\u0131lar\u0131m\u0131 sunar\u0131m.&#8221; dedi.<\/p>\n","protected":false},"excerpt":{"rendered":"<p>Mersin Yat\u0131r\u0131mc\u0131 \u0130\u015f \u0130nsanlar\u0131 Derne\u011fi (MERYAD) Ba\u015fkan\u0131 Co\u015fkun Do\u011fmu\u015f, &#8221; Gelecek y\u0131llarda salg\u0131n\u0131n bitti\u011fi ve birlik beraberlik i\u00e7erisinde, yanyana ge\u00e7irece\u011fimiz bayramlar ya\u015famak dile\u011fiyle t\u00fcm islam aleminin Ramazan Bayram\u0131 kutlu olsun&#8221; &hellip; <a href=\"https:\/\/akdenizolaygazetesi.com\/?p=12337\" class=\"more-link\">Devam\u0131n\u0131 Oku&#8230;<\/a><\/p>\n","protected":false},"author":2,"featured_media":12339,"comment_status":"open","ping_status":"open","sticky":false,"template":"","format":"standard","meta":[],"categories":[8,1,2,3,5,6],"tags":[],"_links":{"self":[{"href":"https:\/\/akdenizolaygazetesi.com\/index.php?rest_route=\/wp\/v2\/posts\/12337"}],"collection":[{"href":"https:\/\/akdenizolaygazetesi.com\/index.php?rest_route=\/wp\/v2\/posts"}],"about":[{"href":"https:\/\/akdenizolaygazetesi.com\/index.php?rest_route=\/wp\/v2\/types\/post"}],"author":[{"embeddable":true,"href":"https:\/\/akdenizolaygazetesi.com\/index.php?rest_route=\/wp\/v2\/users\/2"}],"replies":[{"embeddable":true,"href":"https:\/\/akdenizolaygazetesi.com\/index.php?rest_route=%2Fwp%2Fv2%2Fcomments&post=12337"}],"version-history":[{"count":2,"href":"https:\/\/akdenizolaygazetesi.com\/index.php?rest_route=\/wp\/v2\/posts\/12337\/revisions"}],"predecessor-version":[{"id":12340,"href":"https:\/\/akdenizolaygazetesi.com\/index.php?rest_route=\/wp\/v2\/posts\/12337\/revisions\/12340"}],"wp:featuredmedia":[{"embeddable":true,"href":"https:\/\/akdenizolaygazetesi.com\/index.php?rest_route=\/wp\/v2\/media\/12339"}],"wp:attachment":[{"href":"https:\/\/akdenizolaygazetesi.com\/index.php?rest_route=%2Fwp%2Fv2%2Fmedia&parent=12337"}],"wp:term":[{"taxonomy":"category","embeddable":true,"href":"https:\/\/akdenizolaygazetesi.com\/index.php?rest_route=%2Fwp%2Fv2%2Fcategories&post=12337"},{"taxonomy":"post_tag","embeddable":true,"href":"https:\/\/akdenizolaygazetesi.com\/index.php?rest_route=%2Fwp%2Fv2%2Ftags&post=12337"}],"curies":[{"name":"wp","href":"https:\/\/api.w.org\/{rel}","templated":true}]}}