{"id":12342,"date":"2021-05-14T10:38:59","date_gmt":"2021-05-14T07:38:59","guid":{"rendered":"http:\/\/akdenizolaygazetesi.com\/?p=12342"},"modified":"2021-05-14T10:41:17","modified_gmt":"2021-05-14T07:41:17","slug":"bayramlar-birlik-ve-beraberlik-demektir","status":"publish","type":"post","link":"https:\/\/akdenizolaygazetesi.com\/?p=12342","title":{"rendered":"&#8220;Bayramlar, Birlik ve Beraberlik Demektir&#8221;"},"content":{"rendered":"<p>Toroslar Belediye Ba\u015fkan\u0131 Ats\u0131z Af\u015f\u0131n Y\u0131lmaz; \u201cMillet\u00e7e g\u00f6n\u00fcl g\u00f6n\u00fcle, b\u00fcy\u00fck bir dayan\u0131\u015fma \u00f6rne\u011fi sergiledi\u011fimiz bu zor g\u00fcnler de ge\u00e7ecek ve daha sa\u011fl\u0131kl\u0131, mutlu, huzurlu, g\u00fczel g\u00fcnlere kavu\u015faca\u011f\u0131z&#8221; dedi.<\/p>\n<p>Ba\u015fkan Y\u0131lmaz, koronavir\u00fcs tedbirleri kapsam\u0131nda sosyal mesafe kural\u0131yla k\u0131l\u0131nan bayram namaz\u0131 \u00e7\u0131k\u0131\u015f\u0131 Ayvagedi\u011fi Mahallesi&#8217;nde hem\u015fehrileriyle bir araya geldi.<\/p>\n<p>Hem\u015fehrilerinin bayram\u0131n\u0131 g\u00f6n\u00fcl selam\u0131yla kutlay\u0131p, \u015feker ve kolonya ikram\u0131nda bulunan Ba\u015fkan Y\u0131lmaz, \u00e7ocuklara da Nutuk ve boyama kitab\u0131 hediye etti.<\/p>\n<p>&#8220;Bayramlar, Birlik ve Beraberlik Demektir&#8221;<\/p>\n<p>Ba\u015fkan Y\u0131lmaz, salg\u0131n nedeniyle bu y\u0131l da iftar sofralar\u0131nda bir araya gelemediklerini ancak Toroslar&#8217;da Ramazan ay\u0131n\u0131n ho\u015fg\u00f6r\u00fcs\u00fcn\u00fc yine birlikte hissettiklerini belirterek; &#8220;Tam kapanma s\u00fcrecini geride b\u0131rak\u0131yoruz. Bu zorlu s\u00fcre\u00e7te kaybetti\u011fimiz vatanda\u015flar\u0131m\u0131za Allah&#8217;tan rahmet, yak\u0131nlar\u0131na ba\u015fsa\u011fl\u0131\u011f\u0131 diliyorum. Sa\u011fl\u0131kl\u0131 g\u00fcnlere d\u00f6nebilmemiz i\u00e7in rehavete kap\u0131lmadan hep birlikte tedbirlere uymaya devam etmeliyiz. G\u00f6n\u00fcllerimizin bir oldu\u011funu bilmenin mutlulu\u011fu i\u00e7erisinde daha nice bayramlar\u0131 hep birlikte kutlayaca\u011f\u0131z. Bu duygu ve d\u00fc\u015f\u00fcncelerle, \u015fehitlerimizin k\u0131ymetli ailelerinin, kahraman gazilerimizin ve aziz milletimizin Ramazan Bayram\u0131&#8217;n\u0131 tebrik ediyorum&#8221; diye konu\u015ftu.<\/p>\n<p>Ba\u015fkan Y\u0131lmaz, daha sonra \u015eehit Jandarma Uzman \u00c7avu\u015f Durmu\u015f Tek&#8217;i kabri ba\u015f\u0131nda ziyaret ederek, dua etti. T\u00fcm \u015fehitlerimize Allah&#8217;tan rahmet dileyen Ba\u015fkan Y\u0131lmaz; &#8220;Vatan\u0131m\u0131z\u0131n b\u00f6l\u00fcnmez b\u00fct\u00fcnl\u00fc\u011f\u00fc i\u00e7in gece g\u00fcnd\u00fcz demeden fedakarca \u00e7al\u0131\u015fan t\u00fcm g\u00fcvenlik g\u00fc\u00e7lerimize kolayl\u0131klar ve ba\u015far\u0131lar diliyorum. Allah ordumuzu muzaffer eylesin&#8221; ifadelerini kulland\u0131.<\/p>\n","protected":false},"excerpt":{"rendered":"<p>Toroslar Belediye Ba\u015fkan\u0131 Ats\u0131z Af\u015f\u0131n Y\u0131lmaz; \u201cMillet\u00e7e g\u00f6n\u00fcl g\u00f6n\u00fcle, b\u00fcy\u00fck bir dayan\u0131\u015fma \u00f6rne\u011fi sergiledi\u011fimiz bu zor g\u00fcnler de ge\u00e7ecek ve daha sa\u011fl\u0131kl\u0131, mutlu, huzurlu, g\u00fczel g\u00fcnlere kavu\u015faca\u011f\u0131z&#8221; dedi. Ba\u015fkan Y\u0131lmaz, &hellip; <a href=\"https:\/\/akdenizolaygazetesi.com\/?p=12342\" class=\"more-link\">Devam\u0131n\u0131 Oku&#8230;<\/a><\/p>\n","protected":false},"author":2,"featured_media":12344,"comment_status":"open","ping_status":"open","sticky":false,"template":"","format":"standard","meta":[],"categories":[34,1,3,5],"tags":[],"_links":{"self":[{"href":"https:\/\/akdenizolaygazetesi.com\/index.php?rest_route=\/wp\/v2\/posts\/12342"}],"collection":[{"href":"https:\/\/akdenizolaygazetesi.com\/index.php?rest_route=\/wp\/v2\/posts"}],"about":[{"href":"https:\/\/akdenizolaygazetesi.com\/index.php?rest_route=\/wp\/v2\/types\/post"}],"author":[{"embeddable":true,"href":"https:\/\/akdenizolaygazetesi.com\/index.php?rest_route=\/wp\/v2\/users\/2"}],"replies":[{"embeddable":true,"href":"https:\/\/akdenizolaygazetesi.com\/index.php?rest_route=%2Fwp%2Fv2%2Fcomments&post=12342"}],"version-history":[{"count":2,"href":"https:\/\/akdenizolaygazetesi.com\/index.php?rest_route=\/wp\/v2\/posts\/12342\/revisions"}],"predecessor-version":[{"id":12345,"href":"https:\/\/akdenizolaygazetesi.com\/index.php?rest_route=\/wp\/v2\/posts\/12342\/revisions\/12345"}],"wp:featuredmedia":[{"embeddable":true,"href":"https:\/\/akdenizolaygazetesi.com\/index.php?rest_route=\/wp\/v2\/media\/12344"}],"wp:attachment":[{"href":"https:\/\/akdenizolaygazetesi.com\/index.php?rest_route=%2Fwp%2Fv2%2Fmedia&parent=12342"}],"wp:term":[{"taxonomy":"category","embeddable":true,"href":"https:\/\/akdenizolaygazetesi.com\/index.php?rest_route=%2Fwp%2Fv2%2Fcategories&post=12342"},{"taxonomy":"post_tag","embeddable":true,"href":"https:\/\/akdenizolaygazetesi.com\/index.php?rest_route=%2Fwp%2Fv2%2Ftags&post=12342"}],"curies":[{"name":"wp","href":"https:\/\/api.w.org\/{rel}","templated":true}]}}