{"id":12346,"date":"2021-05-14T10:43:41","date_gmt":"2021-05-14T07:43:41","guid":{"rendered":"http:\/\/akdenizolaygazetesi.com\/?p=12346"},"modified":"2021-05-14T10:44:11","modified_gmt":"2021-05-14T07:44:11","slug":"buyuksehir-engelli-bireylerin-onundeki-engelleri-kaldiriyor","status":"publish","type":"post","link":"https:\/\/akdenizolaygazetesi.com\/?p=12346","title":{"rendered":"B\u00dcY\u00dcK\u015eEH\u0130R, ENGELL\u0130 B\u0130REYLER\u0130N \u00d6N\u00dcNDEK\u0130 ENGELLER\u0130 KALDIRIYOR"},"content":{"rendered":"<p>\u00d6zel gereksinimli bireylerin hayatlar\u0131n\u0131 kolayla\u015ft\u0131r\u0131c\u0131 hizmetler \u00fcreten, daha etkin ve daha h\u0131zl\u0131 hizmet verebilmek i\u00e7in Engelliler ve Sa\u011fl\u0131k Hizmetleri Daire Ba\u015fkanl\u0131klar\u0131n\u0131 tek bir \u00e7at\u0131 alt\u0131nda toplayan Mersin B\u00fcy\u00fck\u015fehir Belediyesi, \u00f6zel gereksinimli vatanda\u015flar i\u00e7in her alanda projelerini hayata ge\u00e7irmeye devam ediyor. Engelli bireylere y\u00f6nelik sosyal, k\u00fclt\u00fcrel ve sportif faaliyetlerin yan\u0131 s\u0131ra onlara y\u00f6nelik temel belediyecilik hizmetlerini de ger\u00e7ekle\u015ftiren B\u00fcy\u00fck\u015fehir, \u2018Engelsiz Mersin\u2019i yaratmak i\u00e7in ad\u0131mlar atmaya devam ediyor.<\/p>\n<p>\u00d6zel gereksinimli bireyler i\u00e7in yeni hizmetler \u00fcreteceklerini belirten Mersin B\u00fcy\u00fck\u015fehir Belediye Ba\u015fkan\u0131 Vahap Se\u00e7er, \u201cDezavantajl\u0131 yurtta\u015flar\u0131m\u0131za hizmet ederken, bunu bir himmet ya da l\u00fctuf gibi g\u00f6stermeden yapmak zorunday\u0131z. T\u00fcrkiye sosyal bir devlettir. Sosyal bir devlet olan \u00fclkemizde t\u00fcm bireyleri, \u00f6zellikle de engelli bireyleri korumak, kollamak ve daima onlar\u0131n yan\u0131nda olmak, bir Belediye Ba\u015fkan\u0131 olarak benim \u00f6nceliklerim aras\u0131ndad\u0131r\u201d ifadelerine yer vermi\u015fti.<\/p>\n<p>B\u00fcy\u00fck\u015fehir, \u2018Engelsiz Mersin\u2019i yaratma yolunda ilerliyor<\/p>\n<p>Engelli bireyler i\u00e7in B\u00fcy\u00fck\u015fehir Belediyesi taraf\u0131ndan hizmete sunulan Engelsiz Ya\u015fam Merkezi\u2019nde revir, engelli transfer arac\u0131 hizmeti, mesleki yeterlilik kazand\u0131racak kurslar, at\u00f6lyeler, hobi bah\u00e7esi ve fitness salonu yer al\u0131yor. Mola Evi ile ayr\u0131ca duyu b\u00fct\u00fcnleme odas\u0131 olu\u015fturularak fizyoterapistler ile \u00f6\u011frencilere hizmet veriliyor. Veri taban\u0131na kay\u0131tl\u0131 43 bin 107 \u00f6zel gereksinimli yurtta\u015f\u0131n ya\u015fad\u0131\u011f\u0131 Mersin\u2019de, \u00f6zellikle pandemi d\u00f6neminde hem engelli vatanda\u015flara hem de ailelerine hizmet ula\u015ft\u0131ran B\u00fcy\u00fck\u015fehir, Mola Evi\u2019ne kay\u0131tl\u0131 134 engelli bireye 2020 y\u0131l\u0131ndan bug\u00fcne kadar toplam 891 seans hizmeti verdi.<\/p>\n<p>Engelli birey ve ailelilerine y\u00f6nelik olarak evde sa\u011fl\u0131k, ev temizli\u011fi, ki\u015fisel bak\u0131m, evde fizyoterapi, psiko-sosyal destek hizmeti veren ve k\u00fc\u00e7\u00fck tamirat ve tadilat i\u015flerini de yapan B\u00fcy\u00fck\u015fehir Belediyesi, transfer arac\u0131 hizmeti, ak\u00fcl\u00fc ara\u00e7 \u015farj istasyonu hizmeti ile medikal malzeme deste\u011fini de s\u00fcrd\u00fcr\u00fcyor.<\/p>\n<p>\u00d6zel bireyler sosyal hayata uyum sa\u011fl\u0131yor<\/p>\n<p>Toplumsal hayata daha fazla kat\u0131lmak i\u00e7in meslek kurslar\u0131 da a\u00e7an B\u00fcy\u00fck\u015fehir Belediyesi\u2019nin bu kurslar\u0131ndan toplam 154 engelli birey faydalan\u0131yor. Engelli bireyler i\u00e7in sosyal, k\u00fclt\u00fcrel ve sportif faaliyetlere de \u00f6nem veren B\u00fcy\u00fck\u015fehir Belediyesi taraf\u0131ndan \u2018Gez, G\u00f6r, Hisset Projesi\u2019 kapsam\u0131nda i\u015fitme engelli \u00f6\u011frencilere Tarsus Do\u011fa Park\u0131 gezisi, g\u00f6rme engelli bireylere do\u011fa y\u00fcr\u00fcy\u00fc\u015f\u00fc etkinlikleri d\u00fczenlendi. Engelli bireylerle Tarsus Gen\u00e7lik Kamp\u0131 gezisi, Karbo\u011faz\u0131 gezisi, Gelincik Tepesi\u2019nde Down Sendromlu bireylere yama\u00e7 para\u015f\u00fct\u00fc ve u\u00e7urtma \u015fenli\u011fi etkinlikleri d\u00fczenleyen B\u00fcy\u00fck\u015fehir Belediyesi\u2019nin 8 Mart D\u00fcnya Kad\u0131nlar G\u00fcn\u00fc dolay\u0131s\u0131yla Adnan Menderes Bulvar\u0131 sahilinde a\u00e7t\u0131\u011f\u0131 sergide, engelli bireylerin el sanatlar\u0131 kursunda \u00fcrettikleri \u00fcr\u00fcnler sergilendi.<\/p>\n<p>\u201cEngelli yurtta\u015flar\u0131m\u0131z\u0131n hayatlar\u0131n\u0131 kolayla\u015ft\u0131rmak istiyoruz\u201d<\/p>\n<p>Engelli bireylere y\u00f6nelik sosyal, k\u00fclt\u00fcrel ve sportif faaliyetlerin yan\u0131 s\u0131ra onlara y\u00f6nelik temel belediyecilik hizmetlerini de ger\u00e7ekle\u015ftiren B\u00fcy\u00fck\u015fehir Belediyesi, \u00f6zellikle yol yap\u0131m ve bak\u0131m \u00e7al\u0131\u015fmalar\u0131 ile paralel olarak y\u00fcr\u00fct\u00fclen kald\u0131r\u0131m \u00e7al\u0131\u015fmalar\u0131nda engelli vatanda\u015flar\u0131 d\u00fc\u015f\u00fcnerek hareket ediyor. Yeni yap\u0131lan kald\u0131r\u0131mlara hissedilebilir karolar d\u00f6\u015fendi\u011fini ve engelli rampalar\u0131 olu\u015fturuldu\u011funu kaydeden Ba\u015fkan Se\u00e7er, \u201cYapt\u0131\u011f\u0131m\u0131z kald\u0131r\u0131m \u00e7al\u0131\u015fmalar\u0131n\u0131n tamam\u0131nda, engelli yurtta\u015flar\u0131m\u0131z i\u00e7in hissedilebilir karo ve engelli rampalar olu\u015fturuluyor. Mersin\u2019de ya\u015fayan engelli yurtta\u015flar\u0131m\u0131z\u0131n hayatlar\u0131n\u0131 kolayla\u015ft\u0131rmak, bizim hassasiyet g\u00f6sterdi\u011fimiz ve \u00f6nceliklerimiz aras\u0131nda yer alan bir konudur\u201d ifadelerine yer vermi\u015fti.<\/p>\n<p>Se\u00e7er, engelli bireyler i\u00e7in projelerin devam edece\u011fini de belirterek, \u201cK\u00fclt\u00fcr Park i\u00e7erisinde ve Erdemli\u2019de de birer Mola Evi a\u00e7\u0131lmas\u0131 i\u00e7in \u00e7al\u0131\u015fmalar\u0131m\u0131z devam ediyor\u201d a\u00e7\u0131klamas\u0131nda bulunmu\u015ftu.<\/p>\n","protected":false},"excerpt":{"rendered":"<p>\u00d6zel gereksinimli bireylerin hayatlar\u0131n\u0131 kolayla\u015ft\u0131r\u0131c\u0131 hizmetler \u00fcreten, daha etkin ve daha h\u0131zl\u0131 hizmet verebilmek i\u00e7in Engelliler ve Sa\u011fl\u0131k Hizmetleri Daire Ba\u015fkanl\u0131klar\u0131n\u0131 tek bir \u00e7at\u0131 alt\u0131nda toplayan Mersin B\u00fcy\u00fck\u015fehir Belediyesi, \u00f6zel &hellip; <a href=\"https:\/\/akdenizolaygazetesi.com\/?p=12346\" class=\"more-link\">Devam\u0131n\u0131 Oku&#8230;<\/a><\/p>\n","protected":false},"author":2,"featured_media":12348,"comment_status":"open","ping_status":"open","sticky":false,"template":"","format":"standard","meta":[],"categories":[34,1,2,3,5],"tags":[],"_links":{"self":[{"href":"https:\/\/akdenizolaygazetesi.com\/index.php?rest_route=\/wp\/v2\/posts\/12346"}],"collection":[{"href":"https:\/\/akdenizolaygazetesi.com\/index.php?rest_route=\/wp\/v2\/posts"}],"about":[{"href":"https:\/\/akdenizolaygazetesi.com\/index.php?rest_route=\/wp\/v2\/types\/post"}],"author":[{"embeddable":true,"href":"https:\/\/akdenizolaygazetesi.com\/index.php?rest_route=\/wp\/v2\/users\/2"}],"replies":[{"embeddable":true,"href":"https:\/\/akdenizolaygazetesi.com\/index.php?rest_route=%2Fwp%2Fv2%2Fcomments&post=12346"}],"version-history":[{"count":2,"href":"https:\/\/akdenizolaygazetesi.com\/index.php?rest_route=\/wp\/v2\/posts\/12346\/revisions"}],"predecessor-version":[{"id":12349,"href":"https:\/\/akdenizolaygazetesi.com\/index.php?rest_route=\/wp\/v2\/posts\/12346\/revisions\/12349"}],"wp:featuredmedia":[{"embeddable":true,"href":"https:\/\/akdenizolaygazetesi.com\/index.php?rest_route=\/wp\/v2\/media\/12348"}],"wp:attachment":[{"href":"https:\/\/akdenizolaygazetesi.com\/index.php?rest_route=%2Fwp%2Fv2%2Fmedia&parent=12346"}],"wp:term":[{"taxonomy":"category","embeddable":true,"href":"https:\/\/akdenizolaygazetesi.com\/index.php?rest_route=%2Fwp%2Fv2%2Fcategories&post=12346"},{"taxonomy":"post_tag","embeddable":true,"href":"https:\/\/akdenizolaygazetesi.com\/index.php?rest_route=%2Fwp%2Fv2%2Ftags&post=12346"}],"curies":[{"name":"wp","href":"https:\/\/api.w.org\/{rel}","templated":true}]}}