{"id":1235,"date":"2020-11-04T18:21:49","date_gmt":"2020-11-04T15:21:49","guid":{"rendered":"http:\/\/mersinekonomipolitikagazetesi.com\/?p=1235"},"modified":"2020-11-04T18:21:49","modified_gmt":"2020-11-04T15:21:49","slug":"silifkede-bisiklet-kriteryumu-yogun-ilgi-gordu","status":"publish","type":"post","link":"https:\/\/akdenizolaygazetesi.com\/?p=1235","title":{"rendered":"Silifke\u2019de Bisiklet Kriteryumu yo\u011fun ilgi g\u00f6rd\u00fc"},"content":{"rendered":"<p>Mersin&#8217;in Silifke il\u00e7esinde bu y\u0131l 44.\u2019s\u00fc kutlanmakta olan Uluslararas\u0131 M\u00fczik ve Folklor Festivali etkinlikleri kapsam\u0131nda Bisiklet Kriteryumu d\u00fczenlendi. Kriteryuma gen\u00e7 ya\u015fl\u0131 herkes yo\u011fun bir kat\u0131l\u0131m ger\u00e7ekle\u015ftirdi.<\/p>\n<p><span style=\"color: rgb(0, 0, 0); font-family: Tahoma, Arial, 'Times New Roman TUR', Verdana; font-size: 15px; line-height: normal;\">Bisiklet kriteryumuna yakla\u015f\u0131k 300 yar\u0131\u015fmac\u0131 kat\u0131ld\u0131. Silifke Belediye Ba\u015fkan\u0131 Dr. Mustafa Turgut\u2019un Atat\u00fcrk An\u0131t Meydan\u0131\u2019ndan start vererek ba\u015flatt\u0131\u011f\u0131 kriteryum, Hastane \u0131\u015f\u0131klar\u0131 ve Kaymakaml\u0131k Binas\u0131 \u00f6n\u00fcnden devam edip yine ba\u015flad\u0131\u011f\u0131 noktada son buldu. G\u00fcne\u015f Saat\u00e7ili\u011fin balon da\u011f\u0131tt\u0131\u011f\u0131 yar\u0131\u015fmalarda, halka \u00fccretsiz olarak dondurma ikram\u0131 da yap\u0131ld\u0131.\u00a0<\/span><br style=\"color: rgb(0, 0, 0); font-family: Tahoma, Arial, 'Times New Roman TUR', Verdana; font-size: 15px; line-height: normal;\" \/><br \/>\n<span style=\"color: rgb(0, 0, 0); font-family: Tahoma, Arial, 'Times New Roman TUR', Verdana; font-size: 15px; line-height: normal;\">Bisiklet kriteryumun da dereceye giren sporculara 44. y\u0131l an\u0131s\u0131na 44 \u00e7e\u015fit hediye verildi. Ge\u00e7ti\u011fimiz y\u0131l yakla\u015f\u0131k 200 ki\u015finin kat\u0131l\u0131m\u0131yla d\u00fczenlenen bisiklet kriteryumuna bu y\u0131l daha fazla bir kat\u0131l\u0131m ger\u00e7ekle\u015fti.<\/span><br style=\"color: rgb(0, 0, 0); font-family: Tahoma, Arial, 'Times New Roman TUR', Verdana; font-size: 15px; line-height: normal;\" \/><br \/>\n<span style=\"color: rgb(0, 0, 0); font-family: Tahoma, Arial, 'Times New Roman TUR', Verdana; font-size: 15px; line-height: normal;\">Bisiklet kriteryumuna kat\u0131lan t\u00fcm vatanda\u015flara te\u015fekk\u00fcr eden Belediye Ba\u015fkan\u0131 Dr. Mustafa Turgut, &#8220;44 y\u0131ld\u0131r kutlanan bu festivaller sayesinde Silifke, ad\u0131n\u0131 T\u00fcrkiye&#8217;ye oldu\u011fu gibi t\u00fcm d\u00fcnyaya duyurmu\u015ftur. Silifke halk\u0131, ge\u00e7mi\u015fine sahip \u00e7\u0131karak bu de\u011ferlerini korumu\u015ftur. Akdeniz\u2019in incisi olan bu g\u00fczel il\u00e7e, tarihi dokusu ve tabii g\u00fczellikleriyle yerli ve yabanc\u0131 turistlerin dikkatini \u00e7ekmektedir. Festival dolay\u0131s\u0131yla gelen konuklar\u0131m\u0131z, il\u00e7emizin tan\u0131t\u0131m\u0131na b\u00fcy\u00fck katk\u0131 sa\u011flamaktad\u0131rlar. Her y\u0131l farkl\u0131 bir \u00f6zelli\u011fini ve zenginli\u011fi kutlad\u0131\u011f\u0131m\u0131z festivalimizi art\u0131k Uluslararas\u0131 M\u00fczik ve Folklor Festivali olarak kutlayaca\u011f\u0131z. Bu festivalimiz kapsam\u0131nda d\u00fczenledi\u011fimiz konserler, yar\u0131\u015fmalar, turnuvalar, tiyatro etkinlikleri ve bisiklet kriteryumu gibi daha sayabilece\u011fimiz bir\u00e7ok etkinlikler yer al\u0131yor. Bunlardan bir tanesi de her y\u0131l geleneksel hale getirdi\u011fimiz bisiklet kriteryumu oldu. Kat\u0131l\u0131m sa\u011flayan gen\u00e7 ya\u015fl\u0131 b\u00fct\u00fcn vatanda\u015flar\u0131m\u0131za te\u015fekk\u00fcr ediyorum\u201d dedi.<\/span><\/p>\n","protected":false},"excerpt":{"rendered":"<p>Mersin&#8217;in Silifke il\u00e7esinde bu y\u0131l 44.\u2019s\u00fc kutlanmakta olan Uluslararas\u0131 M\u00fczik ve Folklor Festivali etkinlikleri kapsam\u0131nda Bisiklet Kriteryumu d\u00fczenlendi. Kriteryuma gen\u00e7 ya\u015fl\u0131 herkes yo\u011fun bir kat\u0131l\u0131m ger\u00e7ekle\u015ftirdi. Bisiklet kriteryumuna yakla\u015f\u0131k 300 &hellip; <a href=\"https:\/\/akdenizolaygazetesi.com\/?p=1235\" class=\"more-link\">Devam\u0131n\u0131 Oku&#8230;<\/a><\/p>\n","protected":false},"author":1,"featured_media":0,"comment_status":"open","ping_status":"open","sticky":false,"template":"","format":"standard","meta":[],"categories":[],"tags":[],"_links":{"self":[{"href":"https:\/\/akdenizolaygazetesi.com\/index.php?rest_route=\/wp\/v2\/posts\/1235"}],"collection":[{"href":"https:\/\/akdenizolaygazetesi.com\/index.php?rest_route=\/wp\/v2\/posts"}],"about":[{"href":"https:\/\/akdenizolaygazetesi.com\/index.php?rest_route=\/wp\/v2\/types\/post"}],"author":[{"embeddable":true,"href":"https:\/\/akdenizolaygazetesi.com\/index.php?rest_route=\/wp\/v2\/users\/1"}],"replies":[{"embeddable":true,"href":"https:\/\/akdenizolaygazetesi.com\/index.php?rest_route=%2Fwp%2Fv2%2Fcomments&post=1235"}],"version-history":[{"count":0,"href":"https:\/\/akdenizolaygazetesi.com\/index.php?rest_route=\/wp\/v2\/posts\/1235\/revisions"}],"wp:attachment":[{"href":"https:\/\/akdenizolaygazetesi.com\/index.php?rest_route=%2Fwp%2Fv2%2Fmedia&parent=1235"}],"wp:term":[{"taxonomy":"category","embeddable":true,"href":"https:\/\/akdenizolaygazetesi.com\/index.php?rest_route=%2Fwp%2Fv2%2Fcategories&post=1235"},{"taxonomy":"post_tag","embeddable":true,"href":"https:\/\/akdenizolaygazetesi.com\/index.php?rest_route=%2Fwp%2Fv2%2Ftags&post=1235"}],"curies":[{"name":"wp","href":"https:\/\/api.w.org\/{rel}","templated":true}]}}