{"id":12350,"date":"2021-05-14T10:44:55","date_gmt":"2021-05-14T07:44:55","guid":{"rendered":"http:\/\/akdenizolaygazetesi.com\/?p=12350"},"modified":"2021-05-14T10:45:20","modified_gmt":"2021-05-14T07:45:20","slug":"ekipler-turuncgil-agaci-zararlisi-akdeniz-meyve-sinegine-karsi-biyosidal-uygulama-yapiyor","status":"publish","type":"post","link":"https:\/\/akdenizolaygazetesi.com\/?p=12350","title":{"rendered":"EK\u0130PLER, TURUN\u00c7G\u0130L A\u011eACI ZARARLISI AKDEN\u0130Z MEYVE S\u0130NE\u011e\u0130NE KAR\u015eI B\u0130YOS\u0130DAL UYGULAMA YAPIYOR"},"content":{"rendered":"<p>Mersin B\u00fcy\u00fck\u015fehir Belediyesi \u00c7evre Koruma ve Kontrol Dairesi Ba\u015fkanl\u0131\u011f\u0131 Temizlik \u015eube M\u00fcd\u00fcrl\u00fc\u011f\u00fc \u0130la\u00e7lama Birimi, Akdeniz B\u00f6lgesi i\u00e7in \u00f6nemli sorun olu\u015fturan Akdeniz Meyve Sine\u011fi ile etkin bir \u015fekilde m\u00fccadele ediyor. Akdeniz Meyve Sine\u011fi\u2019ne kar\u015f\u0131 B\u00fcy\u00fck\u015fehir Belediyesi Toptanc\u0131 Hal Kompleksi\u2019ndeki \u00e7\u00f6p konteynerleri ve meyve at\u0131klar\u0131n\u0131n topland\u0131\u011f\u0131 noktalar biyosidal uygulama ile ila\u00e7lan\u0131rken, kentteki turun\u00e7gil a\u011fa\u00e7lar\u0131 da insektisit uygulamas\u0131 ile detayl\u0131 bir \u015fekilde ila\u00e7lan\u0131yor.<\/p>\n<p>A\u011f\u0131rl\u0131kl\u0131 olarak turun\u00e7gil bitkilerinde g\u00f6r\u00fclen ve \u00fcreyen Akdeniz Meyve Sine\u011fi, m\u00fccadele edilmedi\u011finde di\u011fer meyve a\u011fa\u00e7lar\u0131na ge\u00e7erek yay\u0131labiliyor. Bu sebeple, ila\u00e7lama m\u00fccadelesini kent genelinde etkin bir \u015fekilde s\u00fcrd\u00fcren B\u00fcy\u00fck\u015fehir Belediyesi, genel olarak Temmuz-A\u011fustos ve Eyl\u00fcl-Ekim aylar\u0131nda Akdeniz Meyve Sine\u011fi ile m\u00fccadele ederken, di\u011fer aylarda da d\u00fczenli olarak tedbir amac\u0131yla ye\u015fil alanlardaki ila\u00e7lamalar\u0131 aral\u0131ks\u0131z s\u00fcrd\u00fcr\u00fcyor.<\/p>\n<p>\u201cAkdeniz Meyve Sine\u011fi, \u015fehrimizde b\u00fcy\u00fck sorun olu\u015fturuyor\u201d<\/p>\n<p>\u00c7evre Koruma ve Kontrol Dairesi Ba\u015fkanl\u0131\u011f\u0131 \u0130la\u00e7lama Birimi\u2019nde Saha Denetim Sorumlusu olarak g\u00f6rev yapan B\u00fclent G\u00fcl, \u201cAkdeniz Meyve Sine\u011fi turun\u00e7gil a\u011fa\u00e7lar\u0131nda ve bu a\u011fa\u00e7larda yeti\u015fen meyvelerde \u00fcreme yapan, di\u011fer a\u011fa\u00e7lara ve meyve a\u011fa\u00e7lar\u0131na da yay\u0131lan bir zararl\u0131. Geli\u015fme, yavrulama ve \u00fcreme d\u00f6nemini her ne kadar turun\u00e7gil bitkisinde ge\u00e7irse de daha sonras\u0131nda elma, \u015feftali gibi meyve a\u011fa\u00e7lar\u0131na konup, zarar veriyor. Dolay\u0131s\u0131yla \u015fehrimizde de b\u00fcy\u00fck sorun te\u015fkil ediyor\u201d dedi.<\/p>\n<p>\u201c\u0130la\u00e7lamam\u0131z\u0131 periyodik olarak yap\u0131yoruz\u201d<\/p>\n<p>Akdeniz Meyve Sine\u011fi ile yo\u011funlukla m\u00fccadele ettikleri aylar\u0131 anlatan G\u00fcl,  \u201cZararl\u0131lar\u0131n g\u00f6r\u00fcld\u00fc\u011f\u00fc Eyl\u00fcl ve Ekim aylar\u0131nda, Temmuz, A\u011fustos aylar\u0131 gibi bu d\u00f6nemlerde sorumluluk alan\u0131m\u0131zda bulunan turun\u00e7gil a\u011fa\u00e7lar\u0131nda periyodik olarak ila\u00e7lamam\u0131z\u0131 yap\u0131yoruz. Bu zararl\u0131lar\u0131n takibini de titizlikle s\u00fcrd\u00fcr\u00fcyoruz. Biz \u00fczerimize d\u00fc\u015feni yap\u0131yor, tar\u0131m ila\u00e7lar\u0131 ile turun\u00e7gil a\u011fa\u00e7lar\u0131n\u0131, biyosidal \u00fcr\u00fcnler ile meyve at\u0131klar\u0131n\u0131n oldu\u011fu yerleri, \u00e7\u00f6p konteynerlerinin ila\u00e7lamas\u0131n\u0131 d\u00fczenli olarak yap\u0131yoruz\u201d diye konu\u015ftu.<\/p>\n<p>\u201cMeyve at\u0131klar\u0131 bu zararl\u0131n\u0131n ya\u015fam d\u00f6ng\u00fcs\u00fcn\u00fcn devam etmesini sa\u011fl\u0131yor\u201d<\/p>\n<p>Vatanda\u015flara da Akdeniz Meyve Sine\u011fi ile m\u00fccadele etme konusunda ricada bulunan G\u00fcl, \u201cHal B\u00f6lgesi\u2019nde ya da di\u011fer b\u00f6lgelerde sokaklara at\u0131lan elma, armut, \u015feftali gibi \u00f6zellikle \u015f\u0131ral\u0131 meyvelerde ya\u015fam d\u00f6ng\u00fcs\u00fcn\u00fc devam ettirdi\u011fi i\u00e7in bu tip meyve at\u0131klar\u0131 bu zararl\u0131n\u0131n ya\u015fam d\u00f6ng\u00fcs\u00fcn\u00fcn devam etmesini sa\u011fl\u0131yor. Bunun i\u00e7in vatanda\u015flar\u0131m\u0131zdan ricam\u0131z \u015fudur. Bu tip at\u0131klar\u0131n\u0131 yollara, yerlere, \u00e7\u00f6plere a\u00e7\u0131k olarak atmas\u0131nlar. Bunlar\u0131 po\u015fetleyip ats\u0131nlar. Bunun d\u0131\u015f\u0131nda kendi \u00f6zel m\u00fclk\u00fcnde bah\u00e7eleri olan, sitelerinde bah\u00e7eleri olan, \u00e7ift\u00e7i vatanda\u015flar\u0131m\u0131z\u0131n bu zararl\u0131lara kar\u015f\u0131 ila\u00e7la m\u00fccadele uygulamalar\u0131n\u0131 rica ediyoruz. \u00c7\u00fcnk\u00fc bu topyek\u00fbn m\u00fccadele ile ortadan kald\u0131r\u0131labilecek bir zararl\u0131d\u0131r\u201d dedi.<\/p>\n<p>\u0130la\u00e7lama personeli \u00c7ardak: \u201cY\u0131l\u0131n 365 g\u00fcn\u00fc ila\u00e7lama \u00e7al\u0131\u015fmalar\u0131na devam ediyoruz\u201d<\/p>\n<p>\u00c7evre Koruma ve Kontrol Dairesi Ba\u015fkanl\u0131\u011f\u0131\u2019nda \u0130la\u00e7lama Personeli olarak g\u00f6rev yapan Ahmet \u00c7ardak da \u201cMersin genelinde larva d\u00f6nemlerinde ha\u015ferelerin geli\u015fmelerini engellemek amac\u0131yla y\u0131l\u0131n 365 g\u00fcn\u00fc ila\u00e7lama \u00e7al\u0131\u015fmalar\u0131na devam ediyoruz. Ayn\u0131 zamanda Mersin genelinde t\u00fcm ha\u015fere ila\u00e7lamas\u0131n\u0131 etkin bir \u015fekilde y\u00fcr\u00fct\u00fcyoruz\u201d diye konu\u015ftu.<\/p>\n","protected":false},"excerpt":{"rendered":"<p>Mersin B\u00fcy\u00fck\u015fehir Belediyesi \u00c7evre Koruma ve Kontrol Dairesi Ba\u015fkanl\u0131\u011f\u0131 Temizlik \u015eube M\u00fcd\u00fcrl\u00fc\u011f\u00fc \u0130la\u00e7lama Birimi, Akdeniz B\u00f6lgesi i\u00e7in \u00f6nemli sorun olu\u015fturan Akdeniz Meyve Sine\u011fi ile etkin bir \u015fekilde m\u00fccadele ediyor. Akdeniz &hellip; <a href=\"https:\/\/akdenizolaygazetesi.com\/?p=12350\" class=\"more-link\">Devam\u0131n\u0131 Oku&#8230;<\/a><\/p>\n","protected":false},"author":2,"featured_media":12352,"comment_status":"open","ping_status":"open","sticky":false,"template":"","format":"standard","meta":[],"categories":[34,1,3,5],"tags":[],"_links":{"self":[{"href":"https:\/\/akdenizolaygazetesi.com\/index.php?rest_route=\/wp\/v2\/posts\/12350"}],"collection":[{"href":"https:\/\/akdenizolaygazetesi.com\/index.php?rest_route=\/wp\/v2\/posts"}],"about":[{"href":"https:\/\/akdenizolaygazetesi.com\/index.php?rest_route=\/wp\/v2\/types\/post"}],"author":[{"embeddable":true,"href":"https:\/\/akdenizolaygazetesi.com\/index.php?rest_route=\/wp\/v2\/users\/2"}],"replies":[{"embeddable":true,"href":"https:\/\/akdenizolaygazetesi.com\/index.php?rest_route=%2Fwp%2Fv2%2Fcomments&post=12350"}],"version-history":[{"count":1,"href":"https:\/\/akdenizolaygazetesi.com\/index.php?rest_route=\/wp\/v2\/posts\/12350\/revisions"}],"predecessor-version":[{"id":12351,"href":"https:\/\/akdenizolaygazetesi.com\/index.php?rest_route=\/wp\/v2\/posts\/12350\/revisions\/12351"}],"wp:featuredmedia":[{"embeddable":true,"href":"https:\/\/akdenizolaygazetesi.com\/index.php?rest_route=\/wp\/v2\/media\/12352"}],"wp:attachment":[{"href":"https:\/\/akdenizolaygazetesi.com\/index.php?rest_route=%2Fwp%2Fv2%2Fmedia&parent=12350"}],"wp:term":[{"taxonomy":"category","embeddable":true,"href":"https:\/\/akdenizolaygazetesi.com\/index.php?rest_route=%2Fwp%2Fv2%2Fcategories&post=12350"},{"taxonomy":"post_tag","embeddable":true,"href":"https:\/\/akdenizolaygazetesi.com\/index.php?rest_route=%2Fwp%2Fv2%2Ftags&post=12350"}],"curies":[{"name":"wp","href":"https:\/\/api.w.org\/{rel}","templated":true}]}}