{"id":12353,"date":"2021-05-14T10:46:08","date_gmt":"2021-05-14T07:46:08","guid":{"rendered":"http:\/\/akdenizolaygazetesi.com\/?p=12353"},"modified":"2021-05-14T10:46:35","modified_gmt":"2021-05-14T07:46:35","slug":"buyuksehir-kentteki-engelleri-kaldiriyor-kenti-mis-gibi-yapiyor","status":"publish","type":"post","link":"https:\/\/akdenizolaygazetesi.com\/?p=12353","title":{"rendered":"B\u00dcY\u00dcK\u015eEH\u0130R, KENTTEK\u0130 ENGELLER\u0130 KALDIRIYOR, KENT\u0130 M\u0130S G\u0130B\u0130 YAPIYOR"},"content":{"rendered":"<p>Mersin B\u00fcy\u00fck\u015fehir Belediyesi, kentin \u00e7e\u015fitli yerlerinde bulunan \u00e7\u00f6p kovalar\u0131n\u0131 yeniliyor. B\u00fcy\u00fck\u015fehir\u2019in kent genelinde s\u00fcrd\u00fcrd\u00fc\u011f\u00fc \u00e7al\u0131\u015fmalarla kald\u0131r\u0131mlar \u00f6zel gereksinimli bireylerin kullan\u0131m\u0131na uygun hale getirilirken, bir yandan da \u00e7\u00f6p kovalar\u0131 daha temiz ve modern olan yenileriyle de\u011fi\u015ftiriliyor.<\/p>\n<p>Kald\u0131r\u0131mlar da \u00e7\u00f6p kovalar\u0131 da yenileniyor<\/p>\n<p>B\u00fcy\u00fck\u015fehir Belediyesi ekipleri, \u2018Engelsiz Kald\u0131r\u0131m\u2019 \u00e7al\u0131\u015fmalar\u0131n\u0131 s\u00fcrd\u00fcr\u00fcyor. Yol Yap\u0131m Bak\u0131m ve Onar\u0131m Dairesi ekipleri taraf\u0131ndan y\u0131llard\u0131r ya\u015fanan \u00e7\u00f6kmelerden dolay\u0131 bozulan ve \u00f6zel gereksinimli vatanda\u015flar\u0131n y\u00fcr\u00fcmekte zorland\u0131\u011f\u0131 kald\u0131r\u0131mlar vatanda\u015flar\u0131n kullan\u0131m\u0131na uygun hale getirilerek yeniden d\u00fczenleniyor. Rampa ve hissedilebilir karo d\u00fczenlemeleri ile vatanda\u015flar\u0131n ya\u015fam\u0131n\u0131 zorla\u015ft\u0131ran engeller ortadan kald\u0131r\u0131l\u0131yor.<\/p>\n<p>\u00c7evre Koruma ve Kontrol Dairesi ekipleri de caddelerdeki yenilenen kald\u0131r\u0131mlara daha temiz \u00e7\u00f6p kutular\u0131 yerle\u015ftiriyor. Ekipler \u015fimdiye kadar Cengiz Topel Caddesi, Kuvayi Milliye Caddesi ve Atat\u00fcrk Caddelerinde yer alan \u00e7\u00f6p kovalar\u0131n\u0131 yeni ask\u0131l\u0131 \u00e7\u00f6p kovalar\u0131 ile de\u011fi\u015ftirerek vatanda\u015flar\u0131n kullan\u0131m\u0131na sundu. \u00c7al\u0131\u015fmalar, Mersin merkez ve il\u00e7elerde t\u00fcm h\u0131zla s\u00fcr\u00fcyor.<\/p>\n","protected":false},"excerpt":{"rendered":"<p>Mersin B\u00fcy\u00fck\u015fehir Belediyesi, kentin \u00e7e\u015fitli yerlerinde bulunan \u00e7\u00f6p kovalar\u0131n\u0131 yeniliyor. B\u00fcy\u00fck\u015fehir\u2019in kent genelinde s\u00fcrd\u00fcrd\u00fc\u011f\u00fc \u00e7al\u0131\u015fmalarla kald\u0131r\u0131mlar \u00f6zel gereksinimli bireylerin kullan\u0131m\u0131na uygun hale getirilirken, bir yandan da \u00e7\u00f6p kovalar\u0131 daha temiz &hellip; <a href=\"https:\/\/akdenizolaygazetesi.com\/?p=12353\" class=\"more-link\">Devam\u0131n\u0131 Oku&#8230;<\/a><\/p>\n","protected":false},"author":2,"featured_media":12355,"comment_status":"open","ping_status":"open","sticky":false,"template":"","format":"standard","meta":[],"categories":[1,3,5],"tags":[],"_links":{"self":[{"href":"https:\/\/akdenizolaygazetesi.com\/index.php?rest_route=\/wp\/v2\/posts\/12353"}],"collection":[{"href":"https:\/\/akdenizolaygazetesi.com\/index.php?rest_route=\/wp\/v2\/posts"}],"about":[{"href":"https:\/\/akdenizolaygazetesi.com\/index.php?rest_route=\/wp\/v2\/types\/post"}],"author":[{"embeddable":true,"href":"https:\/\/akdenizolaygazetesi.com\/index.php?rest_route=\/wp\/v2\/users\/2"}],"replies":[{"embeddable":true,"href":"https:\/\/akdenizolaygazetesi.com\/index.php?rest_route=%2Fwp%2Fv2%2Fcomments&post=12353"}],"version-history":[{"count":1,"href":"https:\/\/akdenizolaygazetesi.com\/index.php?rest_route=\/wp\/v2\/posts\/12353\/revisions"}],"predecessor-version":[{"id":12354,"href":"https:\/\/akdenizolaygazetesi.com\/index.php?rest_route=\/wp\/v2\/posts\/12353\/revisions\/12354"}],"wp:featuredmedia":[{"embeddable":true,"href":"https:\/\/akdenizolaygazetesi.com\/index.php?rest_route=\/wp\/v2\/media\/12355"}],"wp:attachment":[{"href":"https:\/\/akdenizolaygazetesi.com\/index.php?rest_route=%2Fwp%2Fv2%2Fmedia&parent=12353"}],"wp:term":[{"taxonomy":"category","embeddable":true,"href":"https:\/\/akdenizolaygazetesi.com\/index.php?rest_route=%2Fwp%2Fv2%2Fcategories&post=12353"},{"taxonomy":"post_tag","embeddable":true,"href":"https:\/\/akdenizolaygazetesi.com\/index.php?rest_route=%2Fwp%2Fv2%2Ftags&post=12353"}],"curies":[{"name":"wp","href":"https:\/\/api.w.org\/{rel}","templated":true}]}}