{"id":12356,"date":"2021-05-14T10:47:26","date_gmt":"2021-05-14T07:47:26","guid":{"rendered":"http:\/\/akdenizolaygazetesi.com\/?p=12356"},"modified":"2021-05-14T10:48:22","modified_gmt":"2021-05-14T07:48:22","slug":"baskan-secer-umut-ediyorum-bu-bayram-saglikli-bir-hayat-surecine-evrilmemize-vesile-olur","status":"publish","type":"post","link":"https:\/\/akdenizolaygazetesi.com\/?p=12356","title":{"rendered":"BA\u015eKAN SE\u00c7ER: \u201cUMUT ED\u0130YORUM BU BAYRAM, SA\u011eLIKLI B\u0130R HAYAT S\u00dcREC\u0130NE EVR\u0130LMEM\u0130ZE VES\u0130LE OLUR\u201d"},"content":{"rendered":"<p>Mersin B\u00fcy\u00fck\u015fehir Belediye Ba\u015fkan\u0131 Vahap Se\u00e7er, Ramazan Bayram\u0131\u2019n\u0131n birinci g\u00fcn\u00fcnde Toroslar il\u00e7esinde yer alan Akbelen Mezarl\u0131\u011f\u0131 \u015eehitli\u011fi ile Tarsus \u015eehitli\u011fi\u2019nde \u015fehit aileleri ve yak\u0131nlar\u0131 ile bir araya gelirken, \u015fehitlerin mezarlar\u0131na karanfil b\u0131rak\u0131p, \u015fehit aileleri ve yak\u0131nlar\u0131n\u0131n bayram\u0131n\u0131 kutlad\u0131.<\/p>\n<p>Mersin ve Tarsus \u015eehitli\u011fi\u2019nde yap\u0131lan ziyaretlere, Ba\u015fkan Se\u00e7er, CHP Mersin Milletvekili Cengiz G\u00f6k\u00e7el, CHP Mersin \u0130l Ba\u015fkan\u0131 Adil Aktay, CHP Toroslar \u0130l\u00e7e Ba\u015fkan\u0131 Burhanettin Erdo\u011fan, CHP Tarsus \u0130l\u00e7e Ba\u015fkan\u0131 Ozan Varal, T\u00fcrkiye Harp Malul\u00fc Gaziler \u015eehit, Dul ve Yetimleri Derne\u011fi Mersin \u015eube Ba\u015fkan\u0131 Fatih Tuncer, Meclis \u00fcyeleri, B\u00fcy\u00fck\u015fehir Belediyesi b\u00fcrokratlar\u0131 ve daire ba\u015fkanlar\u0131 kat\u0131ld\u0131.<\/p>\n<p>Mersin \u015eehitli\u011fi ve Tarsus \u015eehitli\u011fi\u2019nde Kur\u2019an-\u0131 Kerim tilaveti yap\u0131l\u0131p, \u015fehitler i\u00e7in dualar okunurken, B\u00fcy\u00fck\u015fehir Belediyesi personeli taraf\u0131ndan da \u015fehit aileleri ve yak\u0131nlar\u0131n\u0131n \u00e7ocuklar\u0131na oyuncak ve \u015feker da\u011f\u0131t\u0131m\u0131 yap\u0131ld\u0131. Ayr\u0131ca giri\u015fte, Sosyal Hizmetler Dairesi Ba\u015fkanl\u0131\u011f\u0131 \u015eehit Aileleri ve Gazi Hizmetleri \u015eube M\u00fcd\u00fcrl\u00fc\u011f\u00fc taraf\u0131ndan su, lokum, \u015feker ve kolonya ikram edildi.<\/p>\n<p>Se\u00e7er: \u201cUmut ediyorum bu bayram, sa\u011fl\u0131kl\u0131 bir hayat s\u00fcrecine evrilmemize vesile olur\u201d<\/p>\n<p>Ba\u015fkan Se\u00e7er, herkesin Ramazan Bayram\u0131\u2019n\u0131 kutlayarak, \u201cOla\u011fan\u00fcst\u00fc ko\u015fullarda, pandemi s\u00fcrecinde bir bayram kutlamaya \u00e7al\u0131\u015f\u0131yoruz. Buruk kutluyoruz. \u0130nsanlar sevdikleriyle, dostlar\u0131yla, arkada\u015flar\u0131yla, evlatlar\u0131yla kucakla\u015fam\u0131yor. Umut ediyorum bu bayram bir an \u00f6nce t\u00fcm d\u00fcnyada art\u0131k normalle\u015fmeye, sa\u011fl\u0131kl\u0131 bir hayat s\u00fcrecine evrilmemize vesile olur\u201d dedi.<\/p>\n<p>\u201cBu illetten kurtulman\u0131n en temel yolu bir an \u00f6nce a\u015f\u0131lama yap\u0131lmas\u0131\u201d<\/p>\n<p>Ba\u015fkan Se\u00e7er, Koronavir\u00fcs ile m\u00fccadelede a\u015f\u0131laman\u0131n \u00f6nemine dikkat \u00e7ekerek, \u015funlar\u0131 s\u00f6yledi:<\/p>\n<p>\u201cElbette ki sadece dualar yeterli kalm\u0131yor. Bunun yan\u0131nda bu s\u00fcreci noktalayacak baz\u0131 \u00e7al\u0131\u015fmalar\u0131 yapmak da y\u00f6neticilere d\u00fc\u015f\u00fcyor; merkezi y\u00f6netime, yerel y\u00f6netimlere. Herkes elinden geleni yap\u0131yor. Eksik ya da yeterli ama eksik olan taraflar\u0131 da var. Bu illetten kurtulman\u0131n en temel yolu bir an \u00f6nce n\u00fcfusun b\u00fcy\u00fck bir yo\u011funlu\u011funu, \u00f6zellikle risk alt\u0131nda olan ya\u015f gruplar\u0131n\u0131n a\u015f\u0131lanmas\u0131. Bunun art\u0131k e\u011filecek, b\u00fck\u00fclecek taraf\u0131 yok. Kapanma, kapanma s\u00fcresinin uzamas\u0131, insanlar\u0131 evlerine hapsetme\u2026 Bunlar farkl\u0131 yan etkileri de beraberinde getiriyor. Ba\u015fta ekonomik yan etkileri, di\u011fer taraftan psikolojik yan etkileri. B\u00fct\u00fcn bunlar\u0131 hesap etti\u011finiz zaman tek \u00e7are var; yani a\u015f\u0131lama yapacaks\u0131n\u0131z, ne yapacaksan\u0131z yapacaks\u0131n\u0131z. Hi\u00e7bir gerek\u00e7enin arkas\u0131na s\u0131\u011f\u0131nmayacaks\u0131n\u0131z. Bunun kayna\u011f\u0131n\u0131 yaratacaks\u0131n\u0131z, bulacaks\u0131n\u0131z, anla\u015facaks\u0131n\u0131z, getireceksiniz. Bir kere bunu s\u00f6ylemek laz\u0131m. Bu \u00f6nemli \u00e7\u00fcnk\u00fc. Hakikaten bir y\u0131l\u0131 a\u015fk\u0131n bir s\u00fcredir bununla bo\u011fu\u015fuyoruz. Nereye kadar bu insanlar bunun alt\u0131ndan kalkacak? Buna bakmak laz\u0131m.\u201d<\/p>\n<p>\u201cAziz \u015fehitlerimizin sayesinde bu vatan kurulmu\u015f\u201d<\/p>\n<p>Her \u015feye ra\u011fmen ya\u015fam\u0131n devam etti\u011fini vurgulayan Se\u00e7er, \u201cBug\u00fcn Ramazan Bayram\u0131\u2019n\u0131 idrak ediyoruz ve burada Akbelen Mezarl\u0131\u011f\u0131\u2019nda \u015eehitli\u011fimizdeyiz. Burada \u015fehit ailelerimiz vard\u0131. Onlarla beraber bir m\u00fcddet zaman ge\u00e7irdik, Kur\u2019an dinledik, onlarla sohbet ettik, \u015fehitlerimizin mek\u00e2nlar\u0131na, mezarlar\u0131na \u00e7i\u00e7ek b\u0131rakt\u0131k. Aziz \u015fehitlerimizin sayesinde bu vatan kurulmu\u015f. B\u00fcy\u00fck m\u00fccadelelerle, b\u00fcy\u00fck bedeller \u00f6deyerek bu toplum bu g\u00fczel \u00fclkede ya\u015fama imkan\u0131 buluyor. Bunlardan elbette ki bizler de baz\u0131 \u00e7\u0131kar\u0131mlar yapmak zorunday\u0131z. Bu \u00fclkeyi korumal\u0131y\u0131z, bu \u00fclkeyi sevmeliyiz, her \u015feyden \u00f6te g\u00f6rmeliyiz. Bunun i\u00e7in \u00e7al\u0131\u015f\u0131yoruz. Bunu da halk\u0131m\u0131z\u0131n bilmesini istiyorum. Dilimden d\u00f6k\u00fclen bu s\u00f6zc\u00fcklerin kalbimden, y\u00fcre\u011fimden geldi\u011fini bilmelerini istiyorum. Tabi daha g\u00fczel g\u00fcnler olacak. Bunun umuduyla, bunun azmiyle, bunun enerjisiyle de \u00e7al\u0131\u015f\u0131yoruz\u201d ifadelerini kulland\u0131.<\/p>\n<p>\u201c\u0130n\u015fallah gelecek g\u00fcnler bu g\u00fcnlerden \u00e7ok daha sa\u011fl\u0131kl\u0131, \u00f6zg\u00fcr, g\u00fczel olacak\u201d<\/p>\n<p>Ba\u015fkan Se\u00e7er, bayram s\u00fcrecinde her yerin kapal\u0131 oldu\u011funu fakat olas\u0131 sorunlara m\u00fcdahale edecek B\u00fcy\u00fck\u015fehir Belediyesi birimlerinin \u00e7al\u0131\u015fmaya devam etti\u011fini vurgulayarak, itfaiye, MESK\u0130 ve sa\u011fl\u0131k gibi birimlerin \u00e7al\u0131\u015fmalar\u0131n\u0131 s\u00fcrd\u00fcrd\u00fc\u011f\u00fcn\u00fc s\u00f6yledi. Se\u00e7er, \u015f\u00f6yle devam etti:<\/p>\n<p>\u201cVatanda\u015flar\u0131m\u0131z bir sorun ya\u015famalar\u0131 durumunda ALO 185 \u00c7a\u011fr\u0131 Merkezi TEKS\u0130N birimimizi arayarak, gerekli mesajlar\u0131n\u0131 b\u0131rakabilirler. Arkada\u015flar\u0131m\u0131z oradan derhal m\u00fcdahale edeceklerdir. \u00c7ok te\u015fekk\u00fcr ediyorum. Bug\u00fcn her \u015feye ra\u011fmen bayram. Kutsal bir g\u00fcn. Tekrar tekrar hem\u015fehrilerimizin, t\u00fcm yurtta\u015flar\u0131m\u0131z\u0131n bayram\u0131n\u0131 kutluyorum. \u0130n\u015fallah gelecek g\u00fcnler bu g\u00fcnlerden \u00e7ok daha sa\u011fl\u0131kl\u0131 olacak, \u00e7ok daha \u00f6zg\u00fcr olacak, \u00e7ok daha g\u00fczel olacak. Sevdiklerimizle bulu\u015faca\u011f\u0131z. Her taraf g\u00fcl\u00fcc\u00fcklerle dolu olsun. Bunu diliyorum.\u201d<\/p>\n","protected":false},"excerpt":{"rendered":"<p>Mersin B\u00fcy\u00fck\u015fehir Belediye Ba\u015fkan\u0131 Vahap Se\u00e7er, Ramazan Bayram\u0131\u2019n\u0131n birinci g\u00fcn\u00fcnde Toroslar il\u00e7esinde yer alan Akbelen Mezarl\u0131\u011f\u0131 \u015eehitli\u011fi ile Tarsus \u015eehitli\u011fi\u2019nde \u015fehit aileleri ve yak\u0131nlar\u0131 ile bir araya gelirken, \u015fehitlerin mezarlar\u0131na &hellip; <a href=\"https:\/\/akdenizolaygazetesi.com\/?p=12356\" class=\"more-link\">Devam\u0131n\u0131 Oku&#8230;<\/a><\/p>\n","protected":false},"author":2,"featured_media":12358,"comment_status":"open","ping_status":"open","sticky":false,"template":"","format":"standard","meta":[],"categories":[1,2,3,5],"tags":[],"_links":{"self":[{"href":"https:\/\/akdenizolaygazetesi.com\/index.php?rest_route=\/wp\/v2\/posts\/12356"}],"collection":[{"href":"https:\/\/akdenizolaygazetesi.com\/index.php?rest_route=\/wp\/v2\/posts"}],"about":[{"href":"https:\/\/akdenizolaygazetesi.com\/index.php?rest_route=\/wp\/v2\/types\/post"}],"author":[{"embeddable":true,"href":"https:\/\/akdenizolaygazetesi.com\/index.php?rest_route=\/wp\/v2\/users\/2"}],"replies":[{"embeddable":true,"href":"https:\/\/akdenizolaygazetesi.com\/index.php?rest_route=%2Fwp%2Fv2%2Fcomments&post=12356"}],"version-history":[{"count":2,"href":"https:\/\/akdenizolaygazetesi.com\/index.php?rest_route=\/wp\/v2\/posts\/12356\/revisions"}],"predecessor-version":[{"id":12359,"href":"https:\/\/akdenizolaygazetesi.com\/index.php?rest_route=\/wp\/v2\/posts\/12356\/revisions\/12359"}],"wp:featuredmedia":[{"embeddable":true,"href":"https:\/\/akdenizolaygazetesi.com\/index.php?rest_route=\/wp\/v2\/media\/12358"}],"wp:attachment":[{"href":"https:\/\/akdenizolaygazetesi.com\/index.php?rest_route=%2Fwp%2Fv2%2Fmedia&parent=12356"}],"wp:term":[{"taxonomy":"category","embeddable":true,"href":"https:\/\/akdenizolaygazetesi.com\/index.php?rest_route=%2Fwp%2Fv2%2Fcategories&post=12356"},{"taxonomy":"post_tag","embeddable":true,"href":"https:\/\/akdenizolaygazetesi.com\/index.php?rest_route=%2Fwp%2Fv2%2Ftags&post=12356"}],"curies":[{"name":"wp","href":"https:\/\/api.w.org\/{rel}","templated":true}]}}