{"id":1236,"date":"2020-11-04T18:21:49","date_gmt":"2020-11-04T15:21:49","guid":{"rendered":"http:\/\/mersinekonomipolitikagazetesi.com\/?p=1236"},"modified":"2020-11-04T18:21:49","modified_gmt":"2020-11-04T15:21:49","slug":"silifkede-halil-sezai-ruzgari-esti","status":"publish","type":"post","link":"https:\/\/akdenizolaygazetesi.com\/?p=1236","title":{"rendered":"Silifke\u2019de Halil Sezai r\u00fczgar\u0131 esti"},"content":{"rendered":"<p>\u00dcnl\u00fc sanat\u00e7\u0131 Halil Sezai, festival alan\u0131n\u0131 dolduran binlerce hayran\u0131yla &#8220;\u0130syan&#8221; \u015fark\u0131s\u0131n\u0131 s\u00f6yledi<\/p>\n<p><span style=\"color: rgb(0, 0, 0); font-family: Tahoma, Arial, 'Times New Roman TUR', Verdana; font-size: 15px; line-height: normal;\">\u00dcnl\u00fc sanat\u00e7\u0131 Halil Sezai, 44. Uluslararas\u0131 Silifke M\u00fczik ve Folklor Festivali&#8217;nin ikinci g\u00fcn\u00fcnde alan\u0131 dolduran binlerce hayran\u0131yla \u2018\u0130syan\u2019 \u015fark\u0131s\u0131n\u0131 s\u00f6yledi.<\/span><br style=\"color: rgb(0, 0, 0); font-family: Tahoma, Arial, 'Times New Roman TUR', Verdana; font-size: 15px; line-height: normal;\" \/><br \/>\n<span style=\"color: rgb(0, 0, 0); font-family: Tahoma, Arial, 'Times New Roman TUR', Verdana; font-size: 15px; line-height: normal;\">Halil Sezai, sahneye \u00e7\u0131kmadan \u00f6nce kendisine ikram edilen Silifke yo\u011furdunun tad\u0131na bakt\u0131. Daha sonra sevilen par\u00e7alar\u0131n\u0131 seslendiren \u00fcnl\u00fc sanat\u00e7\u0131, alan\u0131 dolduran hayranlar\u0131yla birlikte, &#8220;\u0130syan&#8221; adl\u0131 \u015fark\u0131s\u0131n\u0131 s\u00f6yledi.<\/span><br style=\"color: rgb(0, 0, 0); font-family: Tahoma, Arial, 'Times New Roman TUR', Verdana; font-size: 15px; line-height: normal;\" \/><br \/>\n<span style=\"color: rgb(0, 0, 0); font-family: Tahoma, Arial, 'Times New Roman TUR', Verdana; font-size: 15px; line-height: normal;\">Silifke\u2019de konser vermekten b\u00fcy\u00fck mutluluk duydu\u011funu belirten Halil Sezai, \u201cB\u00f6ylesine havas\u0131, suyu ve insan\u0131 g\u00fczel Silifke\u2019de konser vermekten \u00e7ok b\u00fcy\u00fck keyif ald\u0131m. \u015eahs\u0131m\u0131 ve ekibimi sizlerle bulu\u015fturan Belediye Ba\u015fkan\u0131m\u0131za te\u015fekk\u00fcr ediyorum. 44. Uluslararas\u0131 Silifke M\u00fczik ve Folklor Festivalimizin devam\u0131n\u0131 diliyorum\u201d dedi.<\/span><br style=\"color: rgb(0, 0, 0); font-family: Tahoma, Arial, 'Times New Roman TUR', Verdana; font-size: 15px; line-height: normal;\" \/><br \/>\n<span style=\"color: rgb(0, 0, 0); font-family: Tahoma, Arial, 'Times New Roman TUR', Verdana; font-size: 15px; line-height: normal;\">Halil Sezai, Silifkelilere m\u00fczik dolu bir gece ya\u015fatarak, yakla\u015f\u0131k iki saat sahnede kald\u0131. \u00dcnl\u00fc sanat\u00e7\u0131ya Silifke Belediye Ba\u015fkan\u0131 Dr. Mustafa Turgut taraf\u0131ndan \u00e7i\u00e7ek ve plaket takdim edildi. Ba\u015fkan Turgut, \u201cSiz de\u011ferli sanat\u00e7\u0131lar\u0131m\u0131z\u0131 il\u00e7emizde a\u011f\u0131rlamaktan b\u00fcy\u00fck gurur duyuyoruz. \u0130yi ki sizler gibi sanat\u00e7\u0131lar var. Ba\u015far\u0131lar\u0131n\u0131z\u0131n devam\u0131n\u0131 diliyorum\u201d diye konu\u015ftu.<\/span><\/p>\n","protected":false},"excerpt":{"rendered":"<p>\u00dcnl\u00fc sanat\u00e7\u0131 Halil Sezai, festival alan\u0131n\u0131 dolduran binlerce hayran\u0131yla &#8220;\u0130syan&#8221; \u015fark\u0131s\u0131n\u0131 s\u00f6yledi \u00dcnl\u00fc sanat\u00e7\u0131 Halil Sezai, 44. Uluslararas\u0131 Silifke M\u00fczik ve Folklor Festivali&#8217;nin ikinci g\u00fcn\u00fcnde alan\u0131 dolduran binlerce hayran\u0131yla \u2018\u0130syan\u2019 &hellip; <a href=\"https:\/\/akdenizolaygazetesi.com\/?p=1236\" class=\"more-link\">Devam\u0131n\u0131 Oku&#8230;<\/a><\/p>\n","protected":false},"author":1,"featured_media":0,"comment_status":"open","ping_status":"open","sticky":false,"template":"","format":"standard","meta":[],"categories":[],"tags":[],"_links":{"self":[{"href":"https:\/\/akdenizolaygazetesi.com\/index.php?rest_route=\/wp\/v2\/posts\/1236"}],"collection":[{"href":"https:\/\/akdenizolaygazetesi.com\/index.php?rest_route=\/wp\/v2\/posts"}],"about":[{"href":"https:\/\/akdenizolaygazetesi.com\/index.php?rest_route=\/wp\/v2\/types\/post"}],"author":[{"embeddable":true,"href":"https:\/\/akdenizolaygazetesi.com\/index.php?rest_route=\/wp\/v2\/users\/1"}],"replies":[{"embeddable":true,"href":"https:\/\/akdenizolaygazetesi.com\/index.php?rest_route=%2Fwp%2Fv2%2Fcomments&post=1236"}],"version-history":[{"count":0,"href":"https:\/\/akdenizolaygazetesi.com\/index.php?rest_route=\/wp\/v2\/posts\/1236\/revisions"}],"wp:attachment":[{"href":"https:\/\/akdenizolaygazetesi.com\/index.php?rest_route=%2Fwp%2Fv2%2Fmedia&parent=1236"}],"wp:term":[{"taxonomy":"category","embeddable":true,"href":"https:\/\/akdenizolaygazetesi.com\/index.php?rest_route=%2Fwp%2Fv2%2Fcategories&post=1236"},{"taxonomy":"post_tag","embeddable":true,"href":"https:\/\/akdenizolaygazetesi.com\/index.php?rest_route=%2Fwp%2Fv2%2Ftags&post=1236"}],"curies":[{"name":"wp","href":"https:\/\/api.w.org\/{rel}","templated":true}]}}