{"id":1237,"date":"2020-11-04T18:21:49","date_gmt":"2020-11-04T15:21:49","guid":{"rendered":"http:\/\/mersinekonomipolitikagazetesi.com\/?p=1237"},"modified":"2020-11-04T18:21:49","modified_gmt":"2020-11-04T15:21:49","slug":"gezendede-erik-festivali-coskusu","status":"publish","type":"post","link":"https:\/\/akdenizolaygazetesi.com\/?p=1237","title":{"rendered":"Gezende&#8217;de Erik Festivali co\u015fkusu"},"content":{"rendered":"<p>Mersin&#8217;in G\u00fclnar il\u00e7esine ba\u011fl\u0131 Gezende k\u00f6y\u00fcnde bu y\u0131l 10.&#8217;su ger\u00e7ekle\u015ftirilen Erik Festivali, renkli g\u00f6r\u00fcnt\u00fclere sahne oldu.<\/p>\n<p><span style=\"color: rgb(0, 0, 0); font-family: Tahoma, Arial, 'Times New Roman TUR', Verdana; font-size: 15px; line-height: normal;\">Mersin B\u00fcy\u00fck\u015fehir Belediye Ba\u015fkan\u0131 Burhanettin Kocamaz, festivalin a\u00e7\u0131l\u0131\u015f\u0131nda yapt\u0131\u011f\u0131 konu\u015fmada, Mersin\u2019in her taraf\u0131n\u0131n Allah\u2019\u0131n \u00f6zene bezene yaratt\u0131\u011f\u0131 bir b\u00f6lge oldu\u011funu s\u00f6yledi. Her yerde bu b\u00f6lgeye \u00f6zg\u00fc \u00e7ok \u00f6zel \u00fcr\u00fcnlerin yeti\u015fti\u011fine dikkat \u00e7eken Kocamaz, &#8220;G\u00fclnar\u0131m\u0131z\u0131n bu b\u00f6lgesinde de y\u0131llard\u0131r vatanda\u015flar\u0131m\u0131z\u0131n t\u0131rnaklar\u0131yla kaz\u0131yarak bug\u00fcnlere getirdi\u011fi erik \u00fcr\u00fcn\u00fc, insanlar\u0131 bir araya getiriyor. Ben bu konuda m\u00fccadele veren, gayret g\u00f6steren b\u00fct\u00fcn \u00fcretici vatanda\u015flar\u0131m\u0131za ve onlar\u0131 bir araya getiren herkese te\u015fekk\u00fcr ediyorum. Hi\u00e7 kimse tek ba\u015f\u0131na b\u00f6yle bir m\u00fccadeleyi veremez ama g\u00f6n\u00fcller birle\u015firse, g\u00f6vdeler birle\u015firse, insanlar bir araya gelirse \u00e7ok b\u00fcy\u00fck \u015feyleri ba\u015far\u0131rlar\u201d dedi.<\/span><br style=\"color: rgb(0, 0, 0); font-family: Tahoma, Arial, 'Times New Roman TUR', Verdana; font-size: 15px; line-height: normal;\" \/><br \/>\n<span style=\"color: rgb(0, 0, 0); font-family: Tahoma, Arial, 'Times New Roman TUR', Verdana; font-size: 15px; line-height: normal;\">\u201cMersin\u2019i topyek\u00fbn aya\u011fa kald\u0131rma \u00e7abas\u0131 i\u00e7erisindeyiz\u201d<\/span><br style=\"color: rgb(0, 0, 0); font-family: Tahoma, Arial, 'Times New Roman TUR', Verdana; font-size: 15px; line-height: normal;\" \/><br \/>\n<span style=\"color: rgb(0, 0, 0); font-family: Tahoma, Arial, 'Times New Roman TUR', Verdana; font-size: 15px; line-height: normal;\">Mersin B\u00fcy\u00fck\u015fehir Belediyesi denildi\u011fi zaman ge\u00e7mi\u015fte merkezdeki 4 il\u00e7eden bahsedildi\u011fini, fakat \u015fu anda Adana\u2019dan Antalya\u2019ya kadar olan \u00e7ok b\u00fcy\u00fck bir b\u00f6lgenin b\u00fcy\u00fck\u015fehir s\u0131n\u0131rlar\u0131 i\u00e7erisinde yer ald\u0131\u011f\u0131n\u0131 belirten Kocamaz, \u201cVilayet s\u0131n\u0131r\u0131yla, b\u00fcy\u00fck\u015fehir s\u0131n\u0131rlar\u0131 birle\u015ftirilmi\u015f durumda. \u015eu anda bizim hizmet alan\u0131m\u0131z \u0130stanbul\u2019un hizmet alan\u0131n\u0131n 3 kat\u0131ndan daha fazla. 1 milyon 783 bin insan\u0131m\u0131za hizmet veriyoruz ve buna yakla\u015f\u0131k 350 binleri bulan Suriyeliler d\u00e2hil de\u011fil. Dolay\u0131s\u0131yla onlar\u0131 da buna ekledi\u011finizde 2 milyon k\u00fcsur insan ya\u015f\u0131yor b\u00f6lgemizde. Tabi ki, hepsi hizmet bekliyor. Y\u0131llar\u0131n ihmaliyle \u00f6zellikle G\u00fclnar, Mut, Anamur, Bozyaz\u0131, Ayd\u0131nc\u0131k, Erdemli, Silifke, \u00c7aml\u0131yayla, Tarsus gibi b\u00f6lgelerin k\u0131rsal alan\u0131nda hizmet eksikli\u011fi \u00e7ok fazla. Ama Allah\u2019a binlerce kez \u015f\u00fck\u00fcrler olsun ki, biz g\u00f6reve geldi\u011fimiz andan itibaren \u00f6ncelikle eksikli\u011fi, hizmet a\u00e7\u0131\u011f\u0131 olan b\u00f6lgelerden ba\u015flayarak Mersin\u2019i topyek\u00fbn aya\u011fa kald\u0131rma \u00e7abas\u0131 i\u00e7erisindeyiz\u201d diye konu\u015ftu.<\/span><br style=\"color: rgb(0, 0, 0); font-family: Tahoma, Arial, 'Times New Roman TUR', Verdana; font-size: 15px; line-height: normal;\" \/><br \/>\n<span style=\"color: rgb(0, 0, 0); font-family: Tahoma, Arial, 'Times New Roman TUR', Verdana; font-size: 15px; line-height: normal;\">\u201cBiz sizin gibi bu da\u011flar\u0131n, bu ta\u015flar\u0131n insan\u0131y\u0131z\u201d<\/span><br style=\"color: rgb(0, 0, 0); font-family: Tahoma, Arial, 'Times New Roman TUR', Verdana; font-size: 15px; line-height: normal;\" \/><br \/>\n<span style=\"color: rgb(0, 0, 0); font-family: Tahoma, Arial, 'Times New Roman TUR', Verdana; font-size: 15px; line-height: normal;\">Ge\u00e7mi\u015fte bir\u00e7ok b\u00f6lgede eksiklikler bulundu\u011funu kaydeden Kocamaz, \u201cB\u0131rak\u0131n asfalt\u0131, stabilize yol dahi yoktu. \u0130\u00e7me suyuyla ilgili \u00e7ok b\u00fcy\u00fck problemler vard\u0131, sulama suyu ile ilgili \u00e7ok b\u00fcy\u00fck problemler vard\u0131. Ama biz sizin gibi bu da\u011flar\u0131n, bu ta\u015flar\u0131n insan\u0131y\u0131z. Biz sizin i\u00e7inizden geldik ve bu ihmale daha fazla devam edemezdik. Mersin B\u00fcy\u00fck\u015fehir Belediyesi olarak \u00f6ncelikle ihmal edilmi\u015f b\u00f6lgelerden ba\u015flay\u0131p Mersin\u2019in t\u00fcm\u00fcne e\u015fit hizmet verme gayreti i\u00e7indeyiz. Hi\u00e7bir il\u00e7emizi bir di\u011ferinden ay\u0131rm\u0131yoruz. Hizmetleri yaparken belediye ba\u015fkan\u0131 bizim partimizden olsun diye de d\u00fc\u015f\u00fcnm\u00fcyoruz. \u00c7\u00fcnk\u00fc hepsi bizim insan\u0131m\u0131z, bizim vatanda\u015f\u0131m\u0131z. B\u00fct\u00fcn il\u00e7eler Mersin\u2019in \u00f6z ve \u00f6z ortak de\u011feri. Tabi ki, biz ko\u015fturup \u00e7al\u0131\u015faca\u011f\u0131z, b\u00fct\u00e7emiz \u00e7er\u00e7evesinde eksiklikleri tamamlamaya gidermeye \u00e7al\u0131\u015faca\u011f\u0131z ve sizler de duan\u0131z\u0131 bizlerden eksik etmeyeceksiniz. \u00dcreticilerimizin \u00fcr\u00fcnlerinin kar\u015f\u0131l\u0131k bulmas\u0131n\u0131 temenni ediyorum ve al\u0131n terlerinin mutlaka de\u011ferlendirilmesi gerekti\u011fini d\u00fc\u015f\u00fcn\u00fcyorum. Allah bereketli ve bol kazan\u00e7lar versin\u201d ifadelerini kulland\u0131.<\/span><\/p>\n","protected":false},"excerpt":{"rendered":"<p>Mersin&#8217;in G\u00fclnar il\u00e7esine ba\u011fl\u0131 Gezende k\u00f6y\u00fcnde bu y\u0131l 10.&#8217;su ger\u00e7ekle\u015ftirilen Erik Festivali, renkli g\u00f6r\u00fcnt\u00fclere sahne oldu. Mersin B\u00fcy\u00fck\u015fehir Belediye Ba\u015fkan\u0131 Burhanettin Kocamaz, festivalin a\u00e7\u0131l\u0131\u015f\u0131nda yapt\u0131\u011f\u0131 konu\u015fmada, Mersin\u2019in her taraf\u0131n\u0131n Allah\u2019\u0131n &hellip; <a href=\"https:\/\/akdenizolaygazetesi.com\/?p=1237\" class=\"more-link\">Devam\u0131n\u0131 Oku&#8230;<\/a><\/p>\n","protected":false},"author":1,"featured_media":0,"comment_status":"open","ping_status":"open","sticky":false,"template":"","format":"standard","meta":[],"categories":[],"tags":[],"_links":{"self":[{"href":"https:\/\/akdenizolaygazetesi.com\/index.php?rest_route=\/wp\/v2\/posts\/1237"}],"collection":[{"href":"https:\/\/akdenizolaygazetesi.com\/index.php?rest_route=\/wp\/v2\/posts"}],"about":[{"href":"https:\/\/akdenizolaygazetesi.com\/index.php?rest_route=\/wp\/v2\/types\/post"}],"author":[{"embeddable":true,"href":"https:\/\/akdenizolaygazetesi.com\/index.php?rest_route=\/wp\/v2\/users\/1"}],"replies":[{"embeddable":true,"href":"https:\/\/akdenizolaygazetesi.com\/index.php?rest_route=%2Fwp%2Fv2%2Fcomments&post=1237"}],"version-history":[{"count":0,"href":"https:\/\/akdenizolaygazetesi.com\/index.php?rest_route=\/wp\/v2\/posts\/1237\/revisions"}],"wp:attachment":[{"href":"https:\/\/akdenizolaygazetesi.com\/index.php?rest_route=%2Fwp%2Fv2%2Fmedia&parent=1237"}],"wp:term":[{"taxonomy":"category","embeddable":true,"href":"https:\/\/akdenizolaygazetesi.com\/index.php?rest_route=%2Fwp%2Fv2%2Fcategories&post=1237"},{"taxonomy":"post_tag","embeddable":true,"href":"https:\/\/akdenizolaygazetesi.com\/index.php?rest_route=%2Fwp%2Fv2%2Ftags&post=1237"}],"curies":[{"name":"wp","href":"https:\/\/api.w.org\/{rel}","templated":true}]}}