{"id":12370,"date":"2021-05-16T11:45:15","date_gmt":"2021-05-16T08:45:15","guid":{"rendered":"http:\/\/akdenizolaygazetesi.com\/?p=12370"},"modified":"2021-05-16T11:45:57","modified_gmt":"2021-05-16T08:45:57","slug":"insanlar-cocuklarina-as-pisiremiyor","status":"publish","type":"post","link":"https:\/\/akdenizolaygazetesi.com\/?p=12370","title":{"rendered":"\u201c\u0130NSANLAR \u00c7OCUKLARINA A\u015e P\u0130\u015e\u0130REM\u0130YOR\u201d"},"content":{"rendered":"<p>Mersin B\u00fcy\u00fck\u015fehir Belediye Ba\u015fkan\u0131 Vahap Se\u00e7er, Gazeteci Ahmet \u00d6zdemir\u2019in sundu\u011fu \u2018Ba\u015fkan \u00d6zel\u2019 program\u0131na konuk oldu. Ba\u015fkan Se\u00e7er\u2019in \u00f6nemli a\u00e7\u0131klamalarda bulundu\u011fu program, Kanal 33, SUN TV, KOZA TV ve \u0130\u00c7EL TV ekranlar\u0131ndan canl\u0131 olarak yay\u0131nland\u0131. Ba\u015fkan Se\u00e7er, programda sosyal politikalardan alt ve \u00fcst yap\u0131 \u00e7al\u0131\u015fmalar\u0131na, MESK\u0130 hizmetlerinden tar\u0131msal desteklere, kad\u0131n istihdam\u0131ndan Metro ihalesine kadar bir\u00e7ok konu hakk\u0131nda de\u011ferlendirmelerde bulundu.<br \/>\n\u201cBu bayram kimse gelemedi Mersin\u2019e, biz selam s\u00f6yleyelim herkese\u201d<br \/>\nHerkesin bayram\u0131n\u0131 kutlayarak s\u00f6zlerine ba\u015flayan Ba\u015fkan Se\u00e7er, pandemiden dolay\u0131 bayramda Mersin\u2019e gelemeyen yurtta\u015flar\u0131n bayramlar\u0131n\u0131 kutlamak i\u00e7in billboardlara \u00e7\u0131kt\u0131klar\u0131n\u0131n an\u0131msat\u0131lmas\u0131 \u00fczerine, \u201cBu bayram kimse gelemedi Mersin&#8217;e, Biz selam s\u00f6yleyelim herkese. T\u00fcm illerimize hatta yurtd\u0131\u015f\u0131nda bizlerle g\u00f6n\u00fcl ba\u011f\u0131 kurmu\u015f karde\u015flerimize, hem\u015fehrilerimize, t\u00fcm vatanda\u015flar\u0131m\u0131za da selam g\u00f6ndermi\u015f olal\u0131m istedik, bunu ama\u00e7 ettik. Biz de bunlar\u0131 billboardlara ta\u015f\u0131mak istedik. B\u00f6yle bir g\u00fczel mesajla sadece Mersin\u2019deki hem\u015fehrilerimizin de\u011fil, t\u00fcm \u00fclkemizde hatta yurt d\u0131\u015f\u0131nda olan vatanda\u015flar\u0131m\u0131z\u0131n bayram\u0131n\u0131 kutlamak istedik\u201d dedi.<br \/>\n\u201cSosyal politikalar bizim i\u00e7in olmazsa olmaz\u201d<br \/>\nPandemi s\u00fcrecinde Mersin B\u00fcy\u00fck\u015fehir Belediyesi olarak seferber olduklar\u0131 hizmetleri anlatan Ba\u015fkan Se\u00e7er, sosyal belediyecilik anlay\u0131\u015f\u0131yla hareket ettiklerini, kentteki ihtiya\u00e7 sahibi vatanda\u015flar\u0131 unutmad\u0131klar\u0131n\u0131 s\u00f6yledi. Mersin\u2019in sosyo-ekonomik yap\u0131s\u0131 hakk\u0131nda a\u00e7\u0131klamalarda bulunan Ba\u015fkan Se\u00e7er, \u201cSosyal politikalar bizim i\u00e7in olmazsa olmaz. Tabi ki kentin \u00fcst yap\u0131s\u0131, alt yap\u0131s\u0131, park\u0131, sanat\u0131, k\u00fclt\u00fcr\u00fc bunlar hep olacak. Hep konu\u015faca\u011f\u0131z, hep yapaca\u011f\u0131z. Onlara y\u00f6nelik de vizyonumuz, projelerimiz var ama insanlar a\u00e7 iken, yoksul iken, bak\u0131ma ihtiyac\u0131 var iken de onlar\u0131 g\u00f6rmemezlikten gelemeyiz. Kendimize sanal, pembe bir tablo \u00e7izemeyiz. Mersin&#8217;in b\u00f6yle bir y\u00f6n\u00fc var. Onun i\u00e7in y\u00f6netime geldik ve sosyal politikalarla ba\u015flad\u0131k\u201d dedi.<br \/>\n\u201cBizim \u015fikayet etmek, af dilemek gibi bir l\u00fcks\u00fcm\u00fcz, g\u00f6revimiz yok\u201d<br \/>\nBa\u015fkan Se\u00e7er, uygulad\u0131klar\u0131 sosyal projelerin de\u011ferinin pandemi gibi ola\u011fan\u00fcst\u00fc ko\u015fullarda daha iyi ortaya \u00e7\u0131kt\u0131\u011f\u0131n\u0131 belirterek, \u015funlar\u0131 s\u00f6yledi:<br \/>\n\u201cPandemi tedbirlerinin yan etkileri de oldu. \u0130nsanlar\u0131 eve kapat\u0131yoruz. \u0130yi g\u00fczel de \u015fu anda 14 ay bitti. \u0130nsanlara \u2018eve kapan\u0131n\u2019 demekle olmuyor. \u2018Efendim kendinizi koruyun. Maske, mesafe, hijyen, bir araya gelmeyin\u2019. \u0130yi g\u00fczel de bu insanlar ne yiyecek, ne i\u00e7ecek? Buna bakmak laz\u0131m. Helallik istemekle bu i\u015fler olmuyor. Bizim \u015fikayet etmek, af dilemek gibi bir l\u00fcks\u00fcm\u00fcz, bir g\u00f6revimiz yok. Biz y\u00f6neticiyiz. Biz hesab\u0131, helali sand\u0131kta isteriz. Hesap verilebilirse g\u00f6reve devam ederiz. E\u011fer hesap veremezsek, helallik alamazsak da g\u00f6revimize son verir, bunu da halk yapar. Dolay\u0131s\u0131yla biz \u015fikayet etmeden, ama, fakat, lakin demeden, halk\u0131n \u015fu anda i\u00e7inde bulundu\u011fu olumsuzluklar\u0131 ortadan kald\u0131rman\u0131n \u00e7arelerini bulmal\u0131y\u0131z. Devletiz biz, imkan bizde, vergi bize \u00f6deniyor, \u00fclkenin kaynaklar\u0131n\u0131 sevk ve idare edenler bizleriz, onlar\u0131 en etkili ve en ak\u0131c\u0131 \u015fekilde kullanacak olan bizim alaca\u011f\u0131m\u0131z kararlar. Bizim yapaca\u011f\u0131m\u0131z y\u00f6nlendirmeler, bizim uygulayaca\u011f\u0131m\u0131z politikalar\u2026 \u015eimdi bir kere burada ger\u00e7ekleri ortaya koymak laz\u0131m. \u0130nsanlar\u0131 a\u015f\u0131lama zorunlulu\u011fumuz var. Amerika, \u0130ngiltere, Fransa, \u0130spanya, Almanya b\u00f6yle yapt\u0131 diye \u015fu anda normalle\u015fmeye d\u00f6nd\u00fc. Bunlar\u0131 da g\u00f6rmek laz\u0131m. \u0130nsanlar\u0131m\u0131z\u0131 kapatarak, bu s\u00fcreci uzatarak bir \u00e7are olamay\u0131z. Biz a\u015f\u0131 bulup getirmek zorunday\u0131z. Bu ger\u00e7ekler \u0131\u015f\u0131\u011f\u0131nda konu\u015fursak bizim yapaca\u011f\u0131m\u0131z i\u015f \u015fu: Bir an \u00f6nce vatanda\u015flar\u0131m\u0131z\u0131n \u00f6nemli bir kesimini a\u015f\u0131lamak, nokta. Di\u011ferleri kal\u0131c\u0131 bir \u00e7\u00f6z\u00fcm de\u011fil.\u201d<br \/>\n\u201c\u0130htiya\u00e7 sahibi olmayan yurtta\u015flar\u0131m\u0131z pandemiden dolay\u0131 ihtiya\u00e7 sahibi oldu\u201d<br \/>\nBa\u015fkan Se\u00e7er, pandeminin getirdi\u011fi ekonomik s\u0131k\u0131nt\u0131lar y\u00fcz\u00fcnden kendine yetebilen esnaf\u0131n bile \u015fu an ihtiya\u00e7 sahibi oldu\u011funu ifade ederek, \u201c\u0130nsanlar mutfakta tencere kaynatam\u0131yor, \u00e7ocuklar\u0131na a\u015f pi\u015firemiyor\u201d dedi.  Alo 185 TEKS\u0130N \u00c7a\u011fr\u0131 Merkezi vas\u0131tas\u0131yla vatanda\u015flar\u0131n talepte bulundu\u011funu belirten Se\u00e7er, \u201cBizim kay\u0131tlar\u0131m\u0131z var, vatanda\u015flar\u0131m\u0131za ge\u00e7en y\u0131l 170 bin koli g\u0131da katk\u0131s\u0131 yapt\u0131k. Biz onlardan yola \u00e7\u0131karak bu y\u0131l da g\u0131da kolilerimizi bize talep gelmeden da\u011f\u0131tmaya ba\u015flad\u0131k. Hem Ramazan, hem de kapanma vesilesiyle g\u00fcn itibariyle konu\u015fuyorum, 100 bini ge\u00e7tik ve talepler devam ediyor. Emin olabilirsiniz ki Alo 185\u2019te \u015fu ana kadar 40 binin \u00fczerinde bize \u00e7a\u011fr\u0131 geldi. Biz bunu talebe d\u00f6n\u00fc\u015ft\u00fcrd\u00fck. Bir di\u011fer konu da bug\u00fcne kadar hi\u00e7bir \u015fekilde ihtiya\u00e7 sahibi olmayan yurtta\u015flar\u0131m\u0131z bu pandemiden dolay\u0131, bu kapanmalardan sonra ihtiya\u00e7 sahibi oldu. Bizim esnaf\u0131m\u0131z var, kendine yeten insanlard\u0131. En az\u0131ndan g\u00fcn kazan\u0131p, g\u00fcn yerdi. \u015eimdi onlar da i\u015finden oldu\u201d diye konu\u015ftu.<br \/>\n\u00c7\u00f6lyak hastas\u0131 vatanda\u015flar i\u00e7in yap\u0131lan g\u0131da kolilerine de de\u011finen Ba\u015fkan Se\u00e7er, sistemlerinde kay\u0131tl\u0131 olan 200\u2019e yak\u0131n \u00e7\u00f6lyak hastas\u0131na \u00f6zel gl\u00fctensiz g\u0131da kolileri haz\u0131rlay\u0131p da\u011f\u0131tt\u0131klar\u0131n\u0131 belirtti. Tam kapanmadan dolay\u0131 \u00e7ift\u00e7inin \u00fcretti\u011fi \u00fcr\u00fcnlerin elinde kald\u0131\u011f\u0131n\u0131, hem \u00fcreticiye hem de vatanda\u015f\u0131n derdine derman olmak ad\u0131na bu \u00fcr\u00fcnleri al\u0131p vatanda\u015flara \u00fccretsiz da\u011f\u0131tt\u0131klar\u0131n\u0131 hat\u0131rlatan Se\u00e7er, bu s\u00fcre\u00e7lerde g\u00f6n\u00fcl ba\u011f\u0131 ve b\u00fcy\u00fck bir \u00f6zveri ile da\u011f\u0131t\u0131mlar\u0131 ger\u00e7ekle\u015ftiren b\u00fct\u00fcn belediye personeline te\u015fekk\u00fcrlerini iletti.<br \/>\n\u201cBen kent i\u00e7in m\u00fccadele ediyorum, kent i\u00e7in var\u0131m\u201d<br \/>\n\u201cPandemi s\u00fcrecinde yerel y\u00f6netimler ile merkezi y\u00f6netim ortakla\u015fa \u00e7al\u0131\u015fmalar y\u00fcr\u00fctm\u00fc\u015f olsayd\u0131 insanlar\u0131n ma\u011fduriyeti daha m\u0131 az olurdu?\u201d sorusu \u00fczerine konu\u015fan Ba\u015fkan Se\u00e7er, \u015funlar\u0131 s\u00f6yledi:<br \/>\n\u201cBen bir siyaset\u00e7iyim. Ankara siyasetini de biliyorum. \u015eu anda yerel siyaset\u00e7iyim, yerel siyaseti de biliyorum. Bu kutupla\u015fman\u0131n, ayr\u0131mc\u0131l\u0131\u011f\u0131n bize hi\u00e7bir faydas\u0131 yok. Merkezi y\u00f6netimdekiler \u2018Biz ayr\u0131mc\u0131l\u0131k yapm\u0131yoruz\u2019 diyorlarsa ben bunun do\u011fru oldu\u011funa inanmam. \u00c7\u00fcnk\u00fc uygulamalarda b\u00f6yle bir \u015fey g\u00f6rm\u00fcyorum. Hi\u00e7 kimse b\u00f6yle \u015firinli\u011fin arkas\u0131na s\u0131\u011f\u0131nmas\u0131n. Ben Mersin B\u00fcy\u00fck\u015fehir Belediye Ba\u015fkan\u0131y\u0131m. Merkezi h\u00fck\u00fcmetin atad\u0131\u011f\u0131 b\u00fcrokratlar\u0131n bana daha yak\u0131n olmas\u0131n\u0131, benimle yard\u0131mla\u015fmalar\u0131n\u0131, b\u00fcrokrasiye i\u015flerimin tak\u0131lmamas\u0131n\u0131 arzu ederim. Ben zaten kent i\u00e7in m\u00fccadele ediyorum. Ben kent i\u00e7in var\u0131m. Neticede biz vatanda\u015f\u0131n verdi\u011fi yetkiyle onlar\u0131n kaynaklar\u0131n\u0131 yasalar \u00e7er\u00e7evesinde kullan\u0131yoruz. Devletin kurumlar\u0131, devletin makamlar\u0131 bir siyasi partinin g\u00fcd\u00fcm\u00fcnde olamaz. Demokrasi hepimize laz\u0131m. Bug\u00fcn bana laz\u0131m olan demokrasi, yar\u0131n iktidar partisinin mensuplar\u0131na da laz\u0131m olacak. Bug\u00fcn bana laz\u0131m olan hukuk, yar\u0131n iktidar partisinin siyasilerine de laz\u0131m olacak. Birbirimize bug\u00fcn biz bu noktaday\u0131z, yar\u0131n siz bu noktalara gelirsiniz gibi parmak sallayan, birbirimize mesaj g\u00f6nderen bir havada da olmamal\u0131y\u0131z ama realitede bu s\u0131k\u0131nt\u0131 ya\u015f\u0131yoruz. \u0130craatlar\u0131m\u0131zda kaynak bulmakta s\u0131k\u0131nt\u0131 ya\u015f\u0131yoruz. Kurumlarda i\u015fimizin g\u00f6r\u00fclmesi gecikiyor, imzalar gecikiyor. Meclis\u2019te baz\u0131 konular\u0131n \u00e7ok daha seri g\u00f6r\u00fc\u015f\u00fclmesi gerekiyor, daha h\u0131zl\u0131 ge\u00e7mesi laz\u0131m. Bizim kaynak aray\u0131\u015flar\u0131m\u0131za yard\u0131mc\u0131 olmalar\u0131 laz\u0131m ki biz bunlar\u0131 hizmete d\u00f6n\u00fc\u015ft\u00fcrelim.\u201d<br \/>\n\u201c\u015eu anda bizim 38 noktada \u00e7al\u0131\u015fmalar\u0131m\u0131z devam ediyor\u201d<br \/>\nBa\u015fkan Se\u00e7er, tam kapanma s\u00fcrecinde alt ve \u00fcst yap\u0131 hizmetlerinin de aral\u0131ks\u0131z devam etti\u011fini vurgulayarak, \u201c\u015eu anda bizim 38 noktada \u00e7al\u0131\u015fmalar\u0131m\u0131z devam ediyor. Bu y\u0131lba\u015f\u0131 itibar\u0131 ile 555 bin ton asfalt kullanm\u0131\u015f\u0131z, yollar yapm\u0131\u015f\u0131z. Sadece 2021 y\u0131l\u0131 i\u00e7in programlad\u0131\u011f\u0131m\u0131z o kadar 550 bin ton. Yani 2 y\u0131lda yol yap\u0131m\u0131nda kulland\u0131\u011f\u0131m\u0131z malzemeyi biz sadece 2021 y\u0131l\u0131 i\u00e7in programlam\u0131\u015f\u0131z. Demek ki pandemiye ra\u011fmen \u00fcst yap\u0131 konusunda s\u00fcrati art\u0131rm\u0131\u015f\u0131z. Ge\u00e7en y\u0131l pandemiden dolay\u0131 \u00fcst yap\u0131, alt yap\u0131 baz\u0131 ihaleleri iptal etmi\u015ftik, projeleri rafa kald\u0131rm\u0131\u015ft\u0131k. \u2018Pandemi s\u00fcrecini atlatal\u0131m daha sonra devam ederiz\u2019 demi\u015ftik ve son s\u00fcratle devam ediyoruz. Yol asfalt birimimiz 38 noktada, 155 ara\u00e7la 427 personelle \u00e7al\u0131\u015f\u0131yor. Bu kendi ara\u00e7lar\u0131m\u0131z ve personellerimiz. Bir de tabi ki \u00f6zel \u015firketlerin yapt\u0131\u011f\u0131 yani ihale etti\u011fimiz b\u00f6lgeler var. \u015eu anda yo\u011fun olarak \u015fehir merkezinde \u00e7al\u0131\u015f\u0131yoruz\u201d dedi. Ba\u015fkan Se\u00e7er, tamamlanan ve devam eden alt ve \u00fcst yap\u0131 \u00e7al\u0131\u015fmalar\u0131n\u0131 tek tek anlatt\u0131.<br \/>\nKent ula\u015f\u0131m\u0131n\u0131n rahatlamas\u0131 i\u00e7in kav\u015fak \u00e7al\u0131\u015fmalar\u0131n\u0131n \u00f6nemli oldu\u011funu vurgulayan Se\u00e7er, \u201cSevgi Kav\u015fa\u011f\u0131 bitti. \u015eimdi G\u00f6\u00e7men Kav\u015fa\u011f\u0131 ba\u015flayacak. Oradaki eksiklerimizi de g\u00f6rerek yeni bir anlay\u0131\u015fta bir proje yapt\u0131k G\u00f6\u00e7men Kav\u015fa\u011f\u0131\u2019na. En ge\u00e7 Temmuz\u2019da oran\u0131n in\u015faat\u0131 ba\u015flayacak herhangi bir aksilik \u00e7\u0131kmazsa in\u015fallah. \u015eu an Hal Kav\u015fa\u011f\u0131\u2019n\u0131n \u00e7al\u0131\u015fmas\u0131 var. Oras\u0131 da \u00e7ok yo\u011fun bir yer. T\u0131rm\u0131l Sanayi\u2019nin \u00c7evre Yolu\u2019na otobana ba\u011flant\u0131 yolunun oldu\u011fu b\u00f6lge. Oran\u0131n da k\u00f6pr\u00fcl\u00fc kav\u015fak \u00e7al\u0131\u015fmas\u0131 yap\u0131lacak. Bunlar da 2021 y\u0131l\u0131 yani bu y\u0131l i\u00e7erisinde ba\u015flayaca\u011f\u0131m\u0131z projelerimiz olacak. 2023-2024\u2019te k\u00f6pr\u00fcl\u00fc kav\u015fak \u00e7al\u0131\u015fmalar\u0131m\u0131z devam edecek. Kipa var. Oras\u0131 \u00e7ok \u00f6nemli, orada da \u00e7al\u0131\u015fma yap\u0131yoruz\u201d dedi.<br \/>\nBa\u015fkan Se\u00e7er, Karayollar\u0131\u2019n\u0131n uhdesinde olan Akbelen\u2019de yap\u0131lacak olan kav\u015fak \u00e7al\u0131\u015fmas\u0131n\u0131n \u00e7ok \u00f6nemli oldu\u011funu, bunun h\u0131zla bitirilmesi gerekti\u011fini belirterek, \u201cProjesi yap\u0131lm\u0131\u015f hatta ihalesi yap\u0131lm\u0131\u015f ama \u00f6denek sorunu, para sorunu var diye bana gelen bilgiler. Karayollar\u0131\u2019n\u0131n yetkililerine de buradan seslenmek istiyorum: \u2018Oran\u0131n yap\u0131lmas\u0131 laz\u0131m\u2019 Vatanda\u015f taraf\u0131ndan da \u00e7ok talep gelen bir yer. \u00c7ok s\u0131k\u0131nt\u0131 ya\u015f\u0131yor vatanda\u015flar. Bizim uhdemizde olsa benim de \u00f6ncelik verece\u011fim bir yerdi oras\u0131. Sevgi Kav\u015fa\u011f\u0131\u2019ndan \u00f6nce ya da yapaca\u011f\u0131m\u0131z G\u00f6\u00e7men Kav\u015fa\u011f\u0131\u2019ndan \u00f6nce oray\u0131 yapacakt\u0131k. O kadar elzem, \u00f6nemli bir yer\u201d dedi.<br \/>\n\u201cEvde sa\u011fl\u0131k ve bak\u0131m hizmetlerini geldi\u011fim g\u00fcnden bu yana \u00e7ok \u00f6nemsiyorum\u201d<br \/>\nSosyal yard\u0131mlar\u0131n devam edece\u011fine dikkat \u00e7eken Ba\u015fkan Se\u00e7er, evde sa\u011fl\u0131k ve bak\u0131m hizmetlerini de anlatt\u0131. Bu hizmetle hasta, kronik rahats\u0131zl\u0131\u011f\u0131 olan, bakacak kimsesi veya ekonomik imkan\u0131 olmayan ya\u015f alm\u0131\u015f yurtta\u015flar\u0131n bak\u0131m\u0131n\u0131 yapt\u0131klar\u0131n\u0131 belirten Ba\u015fkan Se\u00e7er, \u201cBiz belediye olarak bu y\u0131l\u0131n ilk 4 ay\u0131 itibariyle bu n\u00fcfusun yakla\u015f\u0131k y\u00fczde 2.9\u2019una hizmet veriyoruz. Bu \u00f6nemli bir rakam. Yani Bakanl\u0131k n\u00fcfusun y\u00fczde 3.5\u2019una ula\u015fabiliyor, yard\u0131mc\u0131 oluyor, hizmet veriyor. Biz belediye olarak n\u00fcfusun y\u00fczde 2.9\u2019una hizmet verebiliyoruz. Evde sa\u011fl\u0131k ve bak\u0131m hizmetlerini ben geldi\u011fim g\u00fcnden bu yana \u00e7ok \u00f6nemsiyorum ve \u00e7ok olumlu d\u00f6n\u00fc\u015fler al\u0131yoruz\u201d diye konu\u015ftu.<br \/>\nEngelli vatanda\u015flar i\u00e7in  hayata ge\u00e7irdikleri hizmetlere de\u011finen Ba\u015fkan Se\u00e7er, Toroslar il\u00e7esinin ard\u0131ndan Tarsus\u2019ta a\u00e7\u0131lacak olan \u2018Mola Evi\u2019 i\u00e7in in\u015faat \u00e7al\u0131\u015fmalar\u0131n\u0131n s\u00fcrd\u00fc\u011f\u00fcn\u00fc s\u00f6yledi. K\u00fclt\u00fcr Park\u2019\u0131n Mersin \u0130dman Yurdu ile Hilton aras\u0131ndaki k\u0131s\u0131mda da bir \u00e7al\u0131\u015fma y\u00fcr\u00fcteceklerini duyuran Se\u00e7er, \u201cOrada \u015fu anda tahkimat \u00e7al\u0131\u015fmas\u0131 ba\u015flad\u0131. Sonra parkta da d\u00fczenleme yapaca\u011f\u0131z. O k\u0131s\u0131mda Mola Evi de yapaca\u011f\u0131z. Engelliler ve Sa\u011fl\u0131k Hizmetleri Dairesi Ba\u015fkanl\u0131\u011f\u0131m\u0131z\u0131n emrine vermek \u00fczere bir Mola Evi de ger\u00e7ekle\u015ftirece\u011fiz. Bunlar\u0131n say\u0131s\u0131n\u0131 art\u0131raca\u011f\u0131z. Engelliler i\u00e7in belediyemiz her alanda \u00e7al\u0131\u015fmalar\u0131n\u0131 daha da tahkim ederek devam ediyor\u201d dedi.<br \/>\n\u201cAyn\u0131 otob\u00fcsleri ayn\u0131 \u015fartlarda alsak 103 milyon lira fazla para \u00f6dememiz laz\u0131m\u201d<br \/>\nToplu ta\u015f\u0131ma filosunu yenileyip, kente daha modern ve konforlu toplu ta\u015f\u0131ma ara\u00e7lar\u0131 kazand\u0131rmak istediklerini vurgulayan Ba\u015fkan Se\u00e7er, CNG yak\u0131t t\u00fcketimine sahip 87 Sar\u0131 Limon\u2019un 48 ay vade ile 152 milyon 600 bin liraya al\u0131nd\u0131\u011f\u0131n\u0131 belirtti. D\u00f6vizdeki art\u0131\u015fa dikkat \u00e7eken ve otob\u00fcs al\u0131m\u0131nda do\u011fru bir zamanlama hamlesi yapt\u0131klar\u0131n\u0131 ifade eden Se\u00e7er, \u201cAyn\u0131 otob\u00fcsleri ayn\u0131 \u015fartlarda alsak 103 milyon lira fazla para \u00f6dememiz laz\u0131m. Yeni fiyat\u0131yla 255 milyon 500 k\u00fcsur bin lira. Onu ka\u00e7a alm\u0131\u015ft\u0131k? 152 bin k\u00fcsura. Ke\u015fke biz bu kadar farkl\u0131 bir tabloyla kar\u015f\u0131la\u015fmasayd\u0131k\u201d dedi.<br \/>\nBa\u015fkan Se\u00e7er, Cumhurba\u015fkan\u0131 taraf\u0131ndan yat\u0131r\u0131m program\u0131na al\u0131nmay\u0131 bekleyen krediyle filoyu daha da g\u00fc\u00e7lendirmek istediklerini vurgulayarak, \u201cBiz \u015fimdi EBRD kredisi ald\u0131k. 22 milyon avro. 7 milyonu da hibe. Faizini masraf\u0131n\u0131 koyun, 22 alaca\u011f\u0131z. 2 y\u0131l \u00f6demeyece\u011fiz. 8 y\u0131l \u00f6deyece\u011fiz. Yani toplam 10 y\u0131lda 18 \u00f6deyece\u011fiz. 5 milyon avro cebimizde kalacak. B\u00f6yle bir kredi bulduk. \u015eu anda Cumhurba\u015fkanl\u0131\u011f\u0131\u2019nda, yat\u0131r\u0131m program\u0131na al\u0131nmas\u0131n\u0131 bekliyor. Buradan da tekrar duyurmak istiyorum. \u0130mzaland\u0131\u011f\u0131 anda, Hazine\u2019nin onaylad\u0131\u011f\u0131 anda para haz\u0131r. Yakla\u015f\u0131k 100-110, o para ka\u00e7 otob\u00fcse denk gelirse tekrar otob\u00fcs al\u0131m\u0131na \u00e7\u0131kaca\u011f\u0131z\u201d diye konu\u015ftu.<br \/>\n\u201cBundan sonraki s\u00fcre\u00e7te \u00e7ok daha h\u0131zl\u0131 hareket edece\u011fiz\u201d<br \/>\n51 ak\u0131ll\u0131 durak ve 600 yeni durak yapt\u0131klar\u0131n\u0131 belirten Ba\u015fkan Se\u00e7er, 500 adetlik yeni durak yap\u0131m\u0131 i\u00e7in de ihaleye \u00e7\u0131kt\u0131klar\u0131n\u0131 duyurdu. Tevfik S\u0131rr\u0131 G\u00fcr Lisesi \u00f6n\u00fcnde katl\u0131 otopark \u00e7al\u0131\u015fmas\u0131 s\u00fcrd\u00fcrd\u00fcklerini vurgulayan Ba\u015fkan Se\u00e7er, B\u00fcy\u00fck\u015fehir olarak bir\u00e7ok alanda yer s\u0131k\u0131nt\u0131s\u0131 \u00e7ektiklerini s\u00f6zlerine ekledi. Ba\u015fkan Se\u00e7er, g\u00f6revde 2 y\u0131l\u0131 tamamlad\u0131klar\u0131n\u0131 belirterek, \u201c\u015e\u00f6yle d\u00fc\u015f\u00fcn\u00fcn olay\u0131; arabay\u0131 birinci vitese al\u0131rs\u0131n\u0131z, hareket ettirirsiniz. Sonra 2\u2019nci vites, 3\u2019\u00fcnc\u00fc vites, 4\u2019\u00fcnc\u00fc vitese art\u0131r\u0131rs\u0131n\u0131z. \u0130lk kalk\u0131\u015fta diyelim ki 100 metre mesafeyi 20 saniyede kat edersiniz ama s\u00fcratlendikten sonra 100 metre mesafeyi 1 saniyede, 2 saniyede kat etmeye ba\u015flars\u0131n\u0131z. \u0130n\u015fallah biz de bundan sonraki s\u00fcre\u00e7te \u00e7ok daha h\u0131zl\u0131 hareket edece\u011fiz, \u00e7ok daha hizmetlerimiz g\u00f6zle g\u00f6r\u00fcl\u00fcr olacak, h\u0131zl\u0131 olacak\u201d dedi.<br \/>\nBa\u015fkan Se\u00e7er, Metro ihalesini de\u011ferlendirdi<br \/>\nMetro ihalesiyle ilgili de de\u011ferlendirmelerde bulunan Ba\u015fkan Se\u00e7er, \u201cBizim ihalenin yakla\u015f\u0131k maliyeti \u00e7ok d\u00fc\u015f\u00fck kald\u0131. \u00c7\u00fcnk\u00fc 1,5 y\u0131l \u00f6nce haz\u0131rlanm\u0131\u015f. Yani demir fiyatlar\u0131 3 lirayken, \u015fimdi at\u0131yorum kilosu 7 lira olmu\u015f ya da \u00e7imento fiyatlar\u0131 1 birimken haz\u0131rlanm\u0131\u015f, olmu\u015f 2 birim ya da di\u011fer girdi maliyetleri. Hal b\u00f6yle olunca biz K\u0130K\u2019e fikir sorduk. Arkada\u015f, biz \u00e7\u0131kt\u0131k ihaleye, \u00e7ok y\u00fcksek rakamlar at\u0131ld\u0131. Zaten bir ge\u00e7erli teklif vard\u0131, o da y\u00fcksekti. Biz ondan g\u00f6r\u00fc\u015f bekledik. Dediler ki \u2018bu ihaleye giren firmalar\u0131 tekrar davet edebilirsiniz, teklif alabilirsiniz\u2019 ve onlar tekrar bize teklif verdiler. 3 teklif geldi. 4, biri te\u015fekk\u00fcr att\u0131. Di\u011ferleri rakam att\u0131. \u015eimdi onun \u00fczerinde dosya inceleniyor. Her \u015fey kanuni \u00e7er\u00e7evede olacak ve bu a\u00e7\u0131k ihale. Buna herkes girdi. Yani biz \u00e7a\u011f\u0131r\u0131p sana veriyoruz, sana veriyoruz gibi bir y\u00f6ntem kullanmad\u0131k. Devam ediyor. Mutlaka neticelenecek\u201d dedi.<br \/>\n\u201cKald\u0131r\u0131m i\u015fgalinden o kald\u0131r\u0131m\u0131 i\u015fgal edenin d\u0131\u015f\u0131nda kimse memnun de\u011fil\u201d<br \/>\nBa\u015fkan Se\u00e7er, kentin temiz bir g\u00f6r\u00fcnt\u00fcye kavu\u015fabilmesi ad\u0131na yeni ad\u0131mlar att\u0131klar\u0131na dikkat \u00e7ekti. \u00d6nceki g\u00fcnlerde yap\u0131lan MESDEM \u00fcst kurul toplant\u0131s\u0131nda tabela kirlili\u011fi ve kald\u0131r\u0131m i\u015fgallerinin g\u00fcndeme geldi\u011fini belirten Se\u00e7er, \u201cO tabelay\u0131 asan\u0131n d\u0131\u015f\u0131nda kimse memnun de\u011fil. Kald\u0131r\u0131m i\u015fgalinden o kald\u0131r\u0131m\u0131 i\u015fgal edenin d\u0131\u015f\u0131nda kimse memnun de\u011fil. B\u00fct\u00fcn vatanda\u015f \u015fikayet ediyor. Ben pandemi s\u00fcrecinden dolay\u0131 bekliyorum. Benim sorumluluk alanlar\u0131m var, ana caddeler, bulvarlar. Oralarda tabela kirlili\u011fi, kald\u0131r\u0131m i\u015fgalleri, hepsini ortadan kald\u0131rmaya karar vermi\u015fiz. Mersin g\u00fczel bir kent diyoruz, ya\u015fanabilir bir kent diyoruz. Bunlar\u0131 sa\u011flamak zorunday\u0131z. Benim oy kayg\u0131m yok. Belli bir m\u00fcddet sonra g\u00f6recekler ki o g\u00fcn bana itiraz edenler, bana k\u0131zan, kald\u0131r\u0131m i\u015fgali yapan, gereksiz yere tabela asan esnaf\u0131m\u0131z dahi bir m\u00fcddet sonra yapt\u0131\u011f\u0131m\u0131z\u0131n do\u011fru bir uygulama oldu\u011funu g\u00f6recek\u201d dedi.<br \/>\nMersin\u2019in d\u00f6rt bir yan\u0131 kad\u0131n eme\u011fi ile dolu<br \/>\nBa\u015fkan Se\u00e7er, kad\u0131n istihdam\u0131na verdikleri \u00f6nemi hat\u0131rlatarak, B\u00fcy\u00fck\u015fehir Belediyesi\u2019nin her kademesinde kad\u0131n y\u00f6neticilerin ve personelin bulundu\u011funu vurgulad\u0131. \u00d6ncelikli olarak evdeki kad\u0131n i\u015f g\u00fcc\u00fcn\u00fc a\u00e7\u0131\u011fa \u00e7\u0131karmay\u0131 hedeflediklerini ve bu y\u00f6nde \u00e7al\u0131\u015fmalar yapt\u0131klar\u0131n\u0131 anlatan Se\u00e7er, kad\u0131nlar\u0131 \u00f6nceleyerek hayata ge\u00e7irdikleri Evimiz At\u00f6lye, \u2018Kaz\u2019an\u00e7 Projesi, hayvanc\u0131l\u0131k destek projeleri ve kentin d\u00f6rt bir yan\u0131nda a\u00e7\u0131lan \u00fcretici stantlar\u0131ndan bahsetti. Se\u00e7er, Mersin\u2019deki t\u00fcm kad\u0131n kooperatiflerine verdikleri desteklerle kad\u0131nlar\u0131n kazan\u00e7 elde etmelerinin yan\u0131 s\u0131ra sosyal hayata da daha \u00e7ok kar\u0131\u015ft\u0131klar\u0131n\u0131 s\u00f6yledi.<br \/>\n\u201cTar\u0131ma \u00f6nemli katk\u0131lar veriyoruz\u201d<br \/>\nTar\u0131ma \u00e7ok \u00f6nemli katk\u0131lar verdiklerini, \u00fcretim alanlar\u0131nda y\u00f6reye \u00f6zg\u00fc fide, fidan ve makine destekleri sunduklar\u0131n\u0131 kaydeden Ba\u015fkan Se\u00e7er, ge\u00e7en y\u0131l 60 kilometre sulama borusu yard\u0131m\u0131 yapt\u0131klar\u0131n,\u0131 bu y\u0131l ise deste\u011fi 100 kilometreye \u00e7\u0131kar\u0131p \u00f6n\u00fcm\u00fczdeki g\u00fcnlerde da\u011f\u0131t\u0131m\u0131n\u0131 yapacaklar\u0131n\u0131n m\u00fcjdesini verdi. Se\u00e7er, ayr\u0131ca, ar\u0131c\u0131lara yap\u0131lan ekipman deste\u011fi, s\u00fct \u00fcreticilerine yap\u0131lan s\u00fct so\u011futma tanklar\u0131 deste\u011fi ve \u00fcz\u00fcm s\u0131kma makinesi, hamur yo\u011furma makinesi gibi tar\u0131msal alanda \u00fcreticiyi g\u00fc\u00e7lendiren destekleri anlatt\u0131.<br \/>\n\u201cBu y\u0131l bas\u0131n\u00e7tan dolay\u0131 su \u00e7\u0131kmayan yerlerin sorununu ortadan kald\u0131raca\u011f\u0131z\u201d<br \/>\nMESK\u0130\u2019nin \u00e7al\u0131\u015fmalar\u0131na dair de a\u00e7\u0131klamalarda bulunan Ba\u015fkan Se\u00e7er, \u015fu ifadeleri kulland\u0131:<br \/>\n\u201cEn me\u015fakkatli g\u00f6revi Mersin Su ve Kanalizasyon \u0130daresi yap\u0131yor. Belediyeye ba\u011fl\u0131 kurulu\u015ftur. Asl\u0131nda yat\u0131r\u0131mlar\u0131n en \u00e7ok oldu\u011fu yerdir. Vatanda\u015fla da i\u00e7 i\u00e7e olan yerdir. \u00c7\u00fcnk\u00fc kanalizasyon, su, ya\u011fmur suyu vatanda\u015flar\u0131m\u0131z\u0131n direk hayat\u0131na dokunan konular bunlar ama en \u00e7ok \u015fikayet al\u0131nan konu da odur. Hak veriyorum. Vatanda\u015f her zaman hakl\u0131d\u0131r. Haftal\u0131k olarak Alo 185\u2019ten bana raporlar gelir. Cevaplanan \u00e7a\u011fr\u0131lar, kayda al\u0131nan, bitirilen, aksayan, geciken ne varsa ben her \u015feyi g\u00f6r\u00fcyorum orda. Onun i\u00e7in y\u00f6nlendiriyorum. Zaten bayramdan sonra geni\u015f bir tan\u0131t\u0131m yapaca\u011f\u0131z. Art\u0131k bu uygulama telefonlara indirilebilecek. Oradan direk bizlere ula\u015fabilecekler. Bize ula\u015fmak \u00e7ok kolay. Ama bakt\u0131\u011f\u0131n\u0131z zaman en \u00e7ok gelen \u00e7a\u011fr\u0131lar su kesilmesi, kanalizasyon, kanal a\u00e7ma, bir de vidanj\u00f6r. Ta\u015fucu \u00e7ok yo\u011fundu ama azald\u0131. Neden? Biliyorsunuz oran\u0131n kanalizasyonunu Silifke\u2019ye ba\u011flad\u0131k. Silifke\u2019nin ar\u0131tmas\u0131n\u0131 da b\u00fcy\u00fctece\u011fiz. Kanalizasyonlar\u0131 devreye soktu\u011fumuz takdirde bunlar\u0131 ortadan kald\u0131raca\u011f\u0131z. \u00d6rne\u011fin Ye\u015filovac\u0131k. Orada ger\u00e7ekten \u00e7ok b\u00fcy\u00fck bir s\u0131k\u0131nt\u0131 ya\u015f\u0131yoruz. Turizm b\u00f6lgesi. Anamur i\u00e7me suyu s\u0131k\u0131nt\u0131s\u0131 ya\u015f\u0131yor. Biliyorsunuz Anamur\u2019a 100 y\u0131ll\u0131k bir proje yap\u0131yoruz. Otluca Projesi. Karg\u0131p\u0131nar\u0131, T\u00f6m\u00fck kanalizasyon sorunu ya\u015f\u0131yor. \u015eu an kendi imkanlar\u0131m\u0131zla Elvanl\u0131\u2019dan, T\u00f6m\u00fck\u2019ten a\u015fa\u011f\u0131 do\u011fru indirdik o b\u00f6lgelerde i\u00e7me suyu sorununu hallediyoruz. 13 milyon liral\u0131k bir yat\u0131r\u0131m devam ediyor. Kanalizasyon \u00e7ok \u00f6nemli. FRIT-II kapsam\u0131nda 10 milyon Euro civar\u0131nda bir kredi \u00e7\u0131karma imkan\u0131m\u0131z oldu. Pandemi dolay\u0131s\u0131yla i\u015fler a\u011f\u0131r y\u00fcr\u00fcd\u00fc. \u00c7ok k\u0131sa s\u00fcre i\u00e7erisinde, bu bizle alakal\u0131 bir \u015fey de\u011fil yol alm\u0131\u015f gidiyor. Bu FRIT-II kapsam\u0131nda yurt d\u0131\u015f\u0131 hibe kredisi \u0130ller Bankas\u0131\u2019n\u0131n uhdesinde y\u00fcr\u00fcyor. Yine Akdeniz il\u00e7emizdeki Homurlu b\u00f6lgemizde FRIT-II kapsam\u0131nda kanalizasyon projesi var. Mezitli\u2019de i\u00e7mesuyu projesi i\u00e7in 17 milyon Euro hibe ald\u0131k. \u015eu anda ihale a\u015famas\u0131nda. Kuyuluk\u2019u bitirdik, Kumkuyu\u2019yu bitirdik. \u015eu an \u00e7evre d\u00fczenlemesini yap\u0131yoruz. Oradaki vatanda\u015flar\u0131m\u0131z \u00e7ok mutlular ger\u00e7ekten. \u0130nsanlar\u0131n sorunlar\u0131n\u0131 giderdi\u011fim zaman, hizmet yapt\u0131\u011f\u0131m zaman bana bir te\u015fekk\u00fcr geldi\u011finde \u00e7ok mutlu oluyorum. G\u00f6zne\u2019de kanalizasyon sorunu vard\u0131, orada ba\u015flad\u0131k. Su sorunu bitti. Ge\u00e7en y\u0131l ya\u015fam\u0131\u015ft\u0131k. Cehennem Deresi\u2019nden yeni isale hatt\u0131k \u00e7ektik. Yeni depolar yapt\u0131k. \u00d6nemli bir \u015fey s\u00f6yleyece\u011fim. \u00d6zellikle y\u00fcksek yerlere, baz\u0131 noktalara su \u00e7\u0131km\u0131yordu. Kocavilayet, Yeni\u015fehir il\u00e7esi de \u00f6nemli bir b\u00f6lge su s\u0131k\u0131nt\u0131s\u0131 ya\u015f\u0131yordu. Tarsus Berdan\u2019dan ald\u0131\u011f\u0131m\u0131z su miktar\u0131n\u0131 \u00e7ok k\u00fc\u00e7\u00fck miktarda y\u00fczde 10 art\u0131rd\u0131k. Bu \u00e7ok \u00f6nemli bir miktard\u0131r.\u201d<br \/>\n\u201cSCADA ile sular\u0131 \u00e7ald\u0131rmayaca\u011f\u0131z\u201d<br \/>\nBa\u015fkan Se\u00e7er, suda kay\u0131p-ka\u00e7a\u011f\u0131n \u00f6nlenmesinin \u00f6nemine de de\u011finerek, \u201cSCADA ile sular\u0131 \u00e7ald\u0131rmayaca\u011f\u0131z. Derdim garip gureba ile de\u011fil. 10 metrek\u00fcp, 5 metrek\u00fcp su kullanm\u0131\u015f adam\u0131n yiyecek ekme\u011fi yok feda olsun. Ama karun gibi zengin m\u00fcteahhitler, in\u015faat yap\u0131yorlar enselerindeyim. Koca koca i\u015fletmeler milyon dolar ciro yap\u0131yorlar enselerindeyim. Bedava tahsis yapt\u0131rm\u0131\u015f 100 d\u00f6n\u00fcm, 150 d\u00f6n\u00fcm bah\u00e7e yeti\u015ftiriyor adam Milli Emlak\u2019tan. Son 10 y\u0131lda \u00e7ok moda oldu biliyorsunuz Hazine arazileri hep tahsis edildi. Cevizi ekiyor, bademi ekiyor nas\u0131l olsa bedava ald\u0131k, suyu da MESK\u0130\u2019den al\u0131yor, o da bedava. Bir adam buluyor i\u00e7eriden onlar\u0131 da tespit ediyoruz. Hepsini ortaya \u00e7\u0131kar\u0131yoruz, if\u015fa ediyoruz, i\u015ften at\u0131yoruz. Biz burada vatanda\u015flar\u0131m\u0131za su yeti\u015ftirelim derken, insanlar susuzluktan k\u0131r\u0131l\u0131rken; onlar a\u00e7\u0131yorlar ceviz suluyorlar, badem suluyorlar. Bunlara g\u00f6z a\u00e7t\u0131rmayaca\u011f\u0131z\u201d dedi.<\/p>\n","protected":false},"excerpt":{"rendered":"<p>Mersin B\u00fcy\u00fck\u015fehir Belediye Ba\u015fkan\u0131 Vahap Se\u00e7er, Gazeteci Ahmet \u00d6zdemir\u2019in sundu\u011fu \u2018Ba\u015fkan \u00d6zel\u2019 program\u0131na konuk oldu. Ba\u015fkan Se\u00e7er\u2019in \u00f6nemli a\u00e7\u0131klamalarda bulundu\u011fu program, Kanal 33, SUN TV, KOZA TV ve \u0130\u00c7EL TV &hellip; <a href=\"https:\/\/akdenizolaygazetesi.com\/?p=12370\" class=\"more-link\">Devam\u0131n\u0131 Oku&#8230;<\/a><\/p>\n","protected":false},"author":2,"featured_media":12372,"comment_status":"open","ping_status":"open","sticky":false,"template":"","format":"standard","meta":[],"categories":[8,34,1,2,3,5,6],"tags":[],"_links":{"self":[{"href":"https:\/\/akdenizolaygazetesi.com\/index.php?rest_route=\/wp\/v2\/posts\/12370"}],"collection":[{"href":"https:\/\/akdenizolaygazetesi.com\/index.php?rest_route=\/wp\/v2\/posts"}],"about":[{"href":"https:\/\/akdenizolaygazetesi.com\/index.php?rest_route=\/wp\/v2\/types\/post"}],"author":[{"embeddable":true,"href":"https:\/\/akdenizolaygazetesi.com\/index.php?rest_route=\/wp\/v2\/users\/2"}],"replies":[{"embeddable":true,"href":"https:\/\/akdenizolaygazetesi.com\/index.php?rest_route=%2Fwp%2Fv2%2Fcomments&post=12370"}],"version-history":[{"count":2,"href":"https:\/\/akdenizolaygazetesi.com\/index.php?rest_route=\/wp\/v2\/posts\/12370\/revisions"}],"predecessor-version":[{"id":12373,"href":"https:\/\/akdenizolaygazetesi.com\/index.php?rest_route=\/wp\/v2\/posts\/12370\/revisions\/12373"}],"wp:featuredmedia":[{"embeddable":true,"href":"https:\/\/akdenizolaygazetesi.com\/index.php?rest_route=\/wp\/v2\/media\/12372"}],"wp:attachment":[{"href":"https:\/\/akdenizolaygazetesi.com\/index.php?rest_route=%2Fwp%2Fv2%2Fmedia&parent=12370"}],"wp:term":[{"taxonomy":"category","embeddable":true,"href":"https:\/\/akdenizolaygazetesi.com\/index.php?rest_route=%2Fwp%2Fv2%2Fcategories&post=12370"},{"taxonomy":"post_tag","embeddable":true,"href":"https:\/\/akdenizolaygazetesi.com\/index.php?rest_route=%2Fwp%2Fv2%2Ftags&post=12370"}],"curies":[{"name":"wp","href":"https:\/\/api.w.org\/{rel}","templated":true}]}}