{"id":12374,"date":"2021-05-16T11:47:31","date_gmt":"2021-05-16T08:47:31","guid":{"rendered":"http:\/\/akdenizolaygazetesi.com\/?p=12374"},"modified":"2021-05-16T11:48:03","modified_gmt":"2021-05-16T08:48:03","slug":"dogu-tukistan-uygur-halki-icin-harekete-gecilmeli","status":"publish","type":"post","link":"https:\/\/akdenizolaygazetesi.com\/?p=12374","title":{"rendered":"\u201cDO\u011eU T\u00dcK\u0130STAN UYGUR HALKI \u0130\u00c7\u0130N HAREKETE GE\u00c7\u0130LMEL\u0130\u201d"},"content":{"rendered":"<p>Mersin Barosu Ba\u015fkan\u0131 Bilgin Ye\u015filbo\u011faz ile birlikte 71 baro ba\u015fkan\u0131 yapt\u0131\u011f\u0131 ortak yaz\u0131l\u0131 a\u00e7\u0131klamas\u0131nda, \u00c7in h\u00fck\u00fcmetinin Do\u011fu T\u00fcrkistan\u2019daki Uygur T\u00fcrklerine uygulad\u0131\u011f\u0131 zul\u00fcm ve insan haklar\u0131 ihlallerinin \u2018insanl\u0131\u011fa kar\u015f\u0131 su\u00e7lar\u2019 kapsam\u0131nda oldu\u011funu belirterek uluslararas\u0131 t\u00fcm kurumlar\u0131, engelleyici yapt\u0131r\u0131mlar\u0131 derhal g\u00fcndeme almaya, uluslararas\u0131 kamuoyunu ise Do\u011fu T\u00fcrkistan Uygur halk\u0131 i\u00e7in harekete ge\u00e7meye \u00e7a\u011f\u0131rd\u0131.<\/p>\n<p>71 baro ba\u015fkan\u0131 ortak a\u00e7\u0131klamas\u0131nda \u015fu ifadelere yer verdi:<\/p>\n<p>\u201c1949 Y\u0131l\u0131ndan beri \u00c7in Halk Cumhuriyeti y\u00f6netimi alt\u0131nda bulunan Do\u011fu T\u00fcrkistan\u2019da, insan haklar\u0131 ihlalleri hayat\u0131n t\u00fcm alanlar\u0131nda varl\u0131\u011f\u0131n\u0131 art\u0131rarak devam ettirmektedir. \u00c7in H\u00fck\u00fcmeti, \u00f6zellikle b\u00f6lgede ya\u015fayan yerle\u015fik halktan kurtulmak i\u00e7in uygulamaya koydu\u011fu ve 2018 y\u0131l\u0131nda uydu g\u00f6r\u00fcnt\u00fcleri ve tan\u0131kl\u0131klarla ispatland\u0131ktan sonra kabul etti\u011fi \u201ctoplama kamplar\u0131n\u0131\u201d su\u00e7u ve su\u00e7luyu gizlemek suretiyle \u201cmeslek edindirme kursu\u201d olarak d\u00fcnyaya kabul ettirmeye \u00e7al\u0131\u015fmakta, bu \u015fekilde Do\u011fu T\u00fcrkistanl\u0131lar\u0131 ter\u00f6rizm, ayr\u0131mc\u0131l\u0131k ve a\u015f\u0131r\u0131l\u0131ktan ar\u0131nd\u0131raca\u011f\u0131n\u0131 iddia etmektedir. Esas\u0131nda bu kamplarda insanl\u0131\u011fa kar\u015f\u0131 su\u00e7 kategorisinde say\u0131lan su\u00e7lar i\u015flenmekte olup kamplarda kalan bir\u00e7ok insandan tekrar haber al\u0131namamaktad\u0131r.<\/p>\n<p>Bir milleti ve bir dini inanc\u0131 ortadan kald\u0131rmaya y\u00f6nelik sistematik faaliyetlerin varl\u0131\u011f\u0131 g\u00f6z \u00f6n\u00fcne al\u0131nd\u0131\u011f\u0131nda bahse konu fiillerin \u2018\u2019\u0130nsanl\u0131\u011fa Kar\u015f\u0131 Su\u00e7lar\u2019\u2019 kapsam\u0131nda oldu\u011fu yads\u0131namaz bir ger\u00e7ektir.<br \/>\n\u00c7in H\u00fck\u00fcmeti\u2019nin \u201cA\u015f\u0131r\u0131l\u0131kla M\u00fccadele D\u00fczenlemesi\u201dni kabul etti\u011fi Mart 2017\u2019den bu yana, Do\u011fu T\u00fcrkistan b\u00f6lgesinde kamplara kapat\u0131lan Uygur T\u00fcrklerinin say\u0131s\u0131 h\u0131zla artmaktad\u0131r. D\u00fczenlemeye g\u00f6re \u201cnormal\u201d olmayan sakal b\u0131rakmak, pe\u00e7e veya ba\u015f\u00f6rt\u00fcs\u00fc takmak, namaz k\u0131lmak, oru\u00e7 tutmak, alkol almamak ya da \u0130slam veya Uygur k\u00fclt\u00fcr\u00fcyle ilgili kitaplar veya yaz\u0131lar bulundurmak da dahil olmak \u00fczere, dini veya k\u00fclt\u00fcrel aidiyetin a\u00e7\u0131k veya hatta \u00f6zel alanda sergilenmesi \u201ca\u015f\u0131r\u0131l\u0131k\u201d olarak de\u011ferlendirilmektedir.<\/p>\n<p>\u201cDO\u011eU T\u00dcK\u0130STAN UYGUR HALKI \u0130\u00c7\u0130N HAREKETE GE\u00c7\u0130LMEL\u0130\u201d<\/p>\n<p>\u00c7al\u0131\u015fma veya e\u011fitim amac\u0131yla \u00f6zellikle M\u00fcsl\u00fcman n\u00fcfusun a\u011f\u0131rl\u0131kl\u0131 oldu\u011fu \u00fclkelere gitmek ya da \u00c7in d\u0131\u015f\u0131nda ya\u015fayan insanlarla ileti\u015fim kurmak da insanlar\u0131 \u015f\u00fcpheli konumuna d\u00fc\u015f\u00fcren temel sebepler aras\u0131nda bulunmaktad\u0131r. Erkek-kad\u0131n, gen\u00e7-ya\u015fl\u0131, kentli-ta\u015fral\u0131 fark etmeksizin herkes, g\u00f6zalt\u0131na al\u0131nma tehlikesi alt\u0131ndad\u0131r. Uluslararas\u0131 Af \u00d6rg\u00fct\u00fc\u2019n\u00fcn yay\u0131mlad\u0131\u011f\u0131 \u2018 \u00c7in: Neredeler? Sincan Uygur \u00d6zerk B\u00f6lgesi\u2019ndeki toplu g\u00f6zalt\u0131lar hakk\u0131nda cevap verme zaman\u0131 \u2018 adl\u0131 raporunda bu ihlaller tan\u0131k raporlar\u0131yla ispat edilmi\u015ftir. Uluslararas\u0131 Af \u00d6rg\u00fct\u00fc Do\u011fu Asya Direkt\u00f6r\u00fc Nicholas Bequelin\u2019in konuya ili\u015fkin, \u201c\u00c7in h\u00fck\u00fcmetinin etnik az\u0131nl\u0131klar\u0131 hedef alan kirli politikalar\u0131n\u0131 s\u00fcrd\u00fcrmesine izin verilmemeli. D\u00fcnyan\u0131n her yerinden h\u00fck\u00fcmetler, Sincan Uygur \u00d6zerk B\u00f6lgesi\u2019nde ya\u015fanan kabus nedeniyle \u00c7in\u2019e hesap sormal\u0131d\u0131r\u201d a\u00e7\u0131klamas\u0131 da durumun vehametini g\u00f6zler \u00f6n\u00fcne sermektedir.<\/p>\n<p>Bir millet tamamen ink\u00e2r edilmekte, ibadet \u00f6zg\u00fcrl\u00fc\u011f\u00fc yok say\u0131lmakta, T\u00fcrk\u00e7e isimler ve yaz\u0131lar yasaklanmakta, Do\u011fu T\u00fcrkistan b\u00f6lgesine kasten Sincan ad\u0131 verilmektedir. Bu uygulamalar ile millet bilinci yok edilmeye \u00e7al\u0131\u015f\u0131lmaktad\u0131r. Bahse konu b\u00f6lgenin kadim bir \u00c7in topra\u011f\u0131 oldu\u011fu iddia edilerek b\u00f6lgenin tarihi ve de\u011ferleri yok say\u0131lmaktad\u0131r. B\u00fct\u00fcn ilgilileri bu noktada sorumluluk almaya, k\u0131ymetli vatanda\u015flar\u0131m\u0131z\u0131 ve sivil toplum kurulu\u015flar\u0131m\u0131z\u0131 ise konuyu g\u00fcndemde tutmaya; BM Genel Kurulu olmak \u00fczere uluslararas\u0131 t\u00fcm kurumlar\u0131, engelleyici yapt\u0131r\u0131mlar\u0131 derhal g\u00fcndeme almaya \u00e7a\u011f\u0131r\u0131yor, uluslararas\u0131 kamuoyunu Do\u011fu T\u00fcrkistan Uygur halk\u0131 i\u00e7in harekete ge\u00e7meye davet ediyoruz.<\/p>\n<p>Barolar olarak, Avukatl\u0131k mesle\u011finin ruhu gere\u011fi bir haks\u0131zl\u0131\u011fa sessiz kalman\u0131n da ba\u015fkaca bir haks\u0131zl\u0131k oldu\u011funu d\u00fc\u015f\u00fcnerek ma\u011fdur ve mazlum Do\u011fu T\u00fcrkistan Uygur T\u00fcrkleri\u2019nin yan\u0131nda olmaya devam edece\u011fimizi kamuoyuna sayg\u0131yla beyan ederiz.<\/p>\n","protected":false},"excerpt":{"rendered":"<p>Mersin Barosu Ba\u015fkan\u0131 Bilgin Ye\u015filbo\u011faz ile birlikte 71 baro ba\u015fkan\u0131 yapt\u0131\u011f\u0131 ortak yaz\u0131l\u0131 a\u00e7\u0131klamas\u0131nda, \u00c7in h\u00fck\u00fcmetinin Do\u011fu T\u00fcrkistan\u2019daki Uygur T\u00fcrklerine uygulad\u0131\u011f\u0131 zul\u00fcm ve insan haklar\u0131 ihlallerinin \u2018insanl\u0131\u011fa kar\u015f\u0131 su\u00e7lar\u2019 kapsam\u0131nda &hellip; <a href=\"https:\/\/akdenizolaygazetesi.com\/?p=12374\" class=\"more-link\">Devam\u0131n\u0131 Oku&#8230;<\/a><\/p>\n","protected":false},"author":2,"featured_media":12376,"comment_status":"open","ping_status":"open","sticky":false,"template":"","format":"standard","meta":[],"categories":[1,2,3,5],"tags":[],"_links":{"self":[{"href":"https:\/\/akdenizolaygazetesi.com\/index.php?rest_route=\/wp\/v2\/posts\/12374"}],"collection":[{"href":"https:\/\/akdenizolaygazetesi.com\/index.php?rest_route=\/wp\/v2\/posts"}],"about":[{"href":"https:\/\/akdenizolaygazetesi.com\/index.php?rest_route=\/wp\/v2\/types\/post"}],"author":[{"embeddable":true,"href":"https:\/\/akdenizolaygazetesi.com\/index.php?rest_route=\/wp\/v2\/users\/2"}],"replies":[{"embeddable":true,"href":"https:\/\/akdenizolaygazetesi.com\/index.php?rest_route=%2Fwp%2Fv2%2Fcomments&post=12374"}],"version-history":[{"count":2,"href":"https:\/\/akdenizolaygazetesi.com\/index.php?rest_route=\/wp\/v2\/posts\/12374\/revisions"}],"predecessor-version":[{"id":12377,"href":"https:\/\/akdenizolaygazetesi.com\/index.php?rest_route=\/wp\/v2\/posts\/12374\/revisions\/12377"}],"wp:featuredmedia":[{"embeddable":true,"href":"https:\/\/akdenizolaygazetesi.com\/index.php?rest_route=\/wp\/v2\/media\/12376"}],"wp:attachment":[{"href":"https:\/\/akdenizolaygazetesi.com\/index.php?rest_route=%2Fwp%2Fv2%2Fmedia&parent=12374"}],"wp:term":[{"taxonomy":"category","embeddable":true,"href":"https:\/\/akdenizolaygazetesi.com\/index.php?rest_route=%2Fwp%2Fv2%2Fcategories&post=12374"},{"taxonomy":"post_tag","embeddable":true,"href":"https:\/\/akdenizolaygazetesi.com\/index.php?rest_route=%2Fwp%2Fv2%2Ftags&post=12374"}],"curies":[{"name":"wp","href":"https:\/\/api.w.org\/{rel}","templated":true}]}}