{"id":1238,"date":"2020-11-04T18:21:49","date_gmt":"2020-11-04T15:21:49","guid":{"rendered":"http:\/\/mersinekonomipolitikagazetesi.com\/?p=1238"},"modified":"2020-11-04T18:21:49","modified_gmt":"2020-11-04T15:21:49","slug":"beylice-mahallesi-sosyal-yasam-merkezi-hizmete-acildi","status":"publish","type":"post","link":"https:\/\/akdenizolaygazetesi.com\/?p=1238","title":{"rendered":"Beylice Mahallesi Sosyal Ya\u015fam Merkezi hizmete a\u00e7\u0131ld\u0131"},"content":{"rendered":"<p>Mersin\u2019in Tarsus il\u00e7esinde belediyenin k\u0131rsal mahalleleri \u015fehirle\u015ftirmek amac\u0131yla ba\u015flatt\u0131\u011f\u0131 Sosyal Ya\u015fam Merkezlerinin a\u00e7\u0131l\u0131\u015flar\u0131 devam ediyor. Beylice Mahallesi\u2019ndeki eski okul binas\u0131 ve bah\u00e7esi oyun gruplar\u0131, voleybol, basketbol sahalar\u0131, oturma gruplar\u0131, d\u00fc\u011f\u00fcn salonundan olu\u015fan sosyal ya\u015fam merkezine d\u00f6n\u00fc\u015ft\u00fcr\u00fcld\u00fc.<\/p>\n<p><span style=\"color: rgb(0, 0, 0); font-family: Tahoma, Arial, 'Times New Roman TUR', Verdana; font-size: 15px; line-height: normal;\">A\u00e7\u0131l\u0131\u015f kapsam\u0131nda \u2018Bereket Diyar\u0131 Tarsus K\u00f6y \u015eenlikleri\u2019nin \u00fc\u00e7\u00fcnc\u00fcs\u00fc de ger\u00e7ekle\u015ftirildi. Program\u0131n a\u00e7\u0131l\u0131\u015f konu\u015fmas\u0131n\u0131 yapan Beylice Mahalle Muhtar\u0131 Cumali Atda\u011f yap\u0131lan hizmetler i\u00e7in te\u015fekk\u00fcr ederek, \u201cBelediyemizin Sosyal Ya\u015fam Merkezi uygulamalar\u0131n\u0131n ikincisi k\u00f6y\u00fcm\u00fczde ger\u00e7ekle\u015fti\u011fi i\u00e7in \u00e7ok mutluyuz. Hepimize hay\u0131rl\u0131 u\u011furlu olsun. Say\u0131n belediye ba\u015fkan\u0131m\u0131za ve ekibine, eme\u011fi ge\u00e7enlere te\u015fekk\u00fcr ediyoruz\u201d dedi.<\/span><br style=\"color: rgb(0, 0, 0); font-family: Tahoma, Arial, 'Times New Roman TUR', Verdana; font-size: 15px; line-height: normal;\" \/><br \/>\n<span style=\"color: rgb(0, 0, 0); font-family: Tahoma, Arial, 'Times New Roman TUR', Verdana; font-size: 15px; line-height: normal;\">At\u0131l vaziyette olan b\u00fct\u00fcn k\u00f6y okullar\u0131n\u0131n yap\u0131m\u0131na talip olduklar\u0131n\u0131 belirten Belediye ba\u015fkan\u0131 \u015eevket Can, ilk olarak harabe halde olan \u0130bri\u015fim Mahallesi\u2019ndeki K\u00f6y Okulunu Sosyal Ya\u015fam Merkezi haline getirerek vatanda\u015f\u0131n hizmetine sunduklar\u0131n\u0131 s\u00f6yledi.<\/span><br style=\"color: rgb(0, 0, 0); font-family: Tahoma, Arial, 'Times New Roman TUR', Verdana; font-size: 15px; line-height: normal;\" \/><br \/>\n<br style=\"color: rgb(0, 0, 0); font-family: Tahoma, Arial, 'Times New Roman TUR', Verdana; font-size: 15px; line-height: normal;\" \/><br \/>\n<span style=\"color: rgb(0, 0, 0); font-family: Tahoma, Arial, 'Times New Roman TUR', Verdana; font-size: 15px; line-height: normal;\">&#8220;\u00c7\u0131rakl\u0131\u011f\u0131n\u0131 yapmad\u0131\u011f\u0131n\u0131z bir i\u015fin ustal\u0131\u011f\u0131n\u0131 yapamazs\u0131n\u0131z&#8221;<\/span><br style=\"color: rgb(0, 0, 0); font-family: Tahoma, Arial, 'Times New Roman TUR', Verdana; font-size: 15px; line-height: normal;\" \/><br \/>\n<span style=\"color: rgb(0, 0, 0); font-family: Tahoma, Arial, 'Times New Roman TUR', Verdana; font-size: 15px; line-height: normal;\">\u201cK\u00f6ylerimiz \u015fehirle\u015fiyor, \u015fehrimiz g\u00fczelle\u015fiyor\u201d slogan\u0131yla yola \u00e7\u0131kt\u0131klar\u0131n\u0131 ifade eden Ba\u015fkan Can, b\u00fct\u00fcn k\u0131rsal mahalleleri \u015fehirle\u015ftireceklerini s\u00f6yledi. Can, \u201c2014 Yerel se\u00e7imlerinden sonra B\u00fcy\u00fck\u015fehir yasas\u0131yla birlikte k\u00f6ylerimiz mahalle haline d\u00f6n\u00fc\u015ft\u00fc. K\u00f6ylerimiz hizmetlerinin bir k\u0131sm\u0131n\u0131 b\u00fcy\u00fck\u015fehirden bir k\u0131sm\u0131n\u0131 da Tarsus Belediyesi\u2019nden almaktalar. Bizler \u2018k\u00f6yl\u00fc milletin efendisidir\u2019 diyen Atam\u0131z\u0131n izindeyiz. K\u00f6yl\u00fc vatanda\u015flar\u0131m\u0131z bizlerden duas\u0131n\u0131 ve deste\u011fini esirgemedi. Tarsus\u2019umuzun b\u00fct\u00fcn k\u00f6yleri vatanseverdir, milletini sever, bayra\u011f\u0131n\u0131 sever, dinimizi sever, kitab\u0131m\u0131z\u0131 sever. Allah\u2019a \u00e7ok \u015f\u00fck\u00fcr Tarsus\u2019un hi\u00e7 bir k\u00f6y\u00fcnden vatan haini \u00e7\u0131kmad\u0131. Bizde yerel y\u00f6netim olarak k\u00f6ylerimiz \u015fehirle\u015fecek, \u015fehrimiz g\u00fczelle\u015fecek diyerek yola \u00e7\u0131kt\u0131k. \u015eu an da Beylice mahallemizde g\u00fczel bir sosyal ya\u015fam merkezi olu\u015fturduk. Hedefimiz 129 k\u00f6y\u00fcm\u00fczde b\u00f6yle sosyal ya\u015fam merkezi alanlar\u0131 olu\u015fturmak. Tarsusumuzda 89 k\u00f6y okulu kapal\u0131. Bu okullarla ilgili yapt\u0131\u011f\u0131m\u0131z tahsis isteme yaz\u0131s\u0131na olumlu cevap geldi ve 21 k\u00f6y okulu belediyemize tahsis edildi. Bizde bu 21 k\u00f6y okulu ile ilgili \u00e7al\u0131\u015fmaya ba\u015flad\u0131k. \u0130n\u015fallah bu y\u0131l\u0131n sonuna kadar Beylice mahallemizdeki gibi 21 mekan\u0131 daha yap\u0131p hizmete sokaca\u011f\u0131z. Parke \u00e7al\u0131\u015fmas\u0131 ile ilgili \u015fu an da 5 ayr\u0131 k\u00f6yde parke \u00e7al\u0131\u015fmalar\u0131m\u0131z devam ediyor. B\u00fcy\u00fck\u015fehir Belediye Ba\u015fkan\u0131m\u0131z Burhanettin Kocamaz\u2019\u0131n da deste\u011fiyle k\u00f6ylerimize her t\u00fcrl\u00fc hizmeti getirmeye devam edece\u011fiz. Daha \u00f6nceden 45 mahalleye hizmet ediyorduk. \u015eu anda 179 mahalleye hizmet etmeye ba\u015flad\u0131k. Atalar\u0131m\u0131z\u0131n bir s\u00f6z\u00fc vard\u0131r. \u00c7\u0131rakl\u0131\u011f\u0131n\u0131 yapmad\u0131\u011f\u0131n\u0131z bir i\u015fin ustal\u0131\u011f\u0131n\u0131 yapamazs\u0131n\u0131z. \u015eevket Can bu i\u015fin \u00e7\u0131rakl\u0131\u011f\u0131ndan geliyor. Bu i\u015fin mutfa\u011f\u0131ndan geliyor. Allah\u2019\u0131n izniyle, sizlerin duas\u0131 ve deste\u011fiyle 179 mahallede destan yaz\u0131yoruz. Destan\u2019\u0131 hizmetle yaz\u0131yoruz. Destan\u2019\u0131 birlik ve beraberli\u011fimizle yaz\u0131yoruz. Destan\u0131m\u0131z\u0131 hakkaniyeti uygulayarak yaz\u0131yoruz. Destan\u0131m\u0131z\u0131 e\u015fit hizmet anlay\u0131\u015f\u0131m\u0131z\u0131 uygulayarak yaz\u0131yoruz. Tarsus\u2019ta birinci \u00f6nceli\u011fimiz huzurumuzdur. Bu huzurumuzu korumak i\u00e7in t\u00fcm Tarsus protokol\u00fc olarak canla ba\u015fla \u00e7al\u0131\u015f\u0131yoruz\u201d dedi.<\/span><br style=\"color: rgb(0, 0, 0); font-family: Tahoma, Arial, 'Times New Roman TUR', Verdana; font-size: 15px; line-height: normal;\" \/><br \/>\n<br style=\"color: rgb(0, 0, 0); font-family: Tahoma, Arial, 'Times New Roman TUR', Verdana; font-size: 15px; line-height: normal;\" \/><br \/>\n<span style=\"color: rgb(0, 0, 0); font-family: Tahoma, Arial, 'Times New Roman TUR', Verdana; font-size: 15px; line-height: normal;\">&#8220;Birlik i\u00e7inde olursak kimse bizim huzurumuzu bozamaz&#8221;<\/span><br style=\"color: rgb(0, 0, 0); font-family: Tahoma, Arial, 'Times New Roman TUR', Verdana; font-size: 15px; line-height: normal;\" \/><br \/>\n<span style=\"color: rgb(0, 0, 0); font-family: Tahoma, Arial, 'Times New Roman TUR', Verdana; font-size: 15px; line-height: normal;\">Ba\u015fkan Can, birlik, beraberlik ve kayna\u015fmay\u0131 \u2018Bereket Diyar\u0131 Tarsus K\u00f6y \u015eenlikleri\u2019 ile sa\u011flamay\u0131 hedef ald\u0131klar\u0131n\u0131 s\u00f6yledi.<\/span><br style=\"color: rgb(0, 0, 0); font-family: Tahoma, Arial, 'Times New Roman TUR', Verdana; font-size: 15px; line-height: normal;\" \/><br \/>\n<span style=\"color: rgb(0, 0, 0); font-family: Tahoma, Arial, 'Times New Roman TUR', Verdana; font-size: 15px; line-height: normal;\">Tarsus K\u00f6y \u015eenlikleri kapsam\u0131nda Tarsus Belediyesi taraf\u0131ndan bir k\u0131rsal mahalle merkezi se\u00e7ilerek \u00e7evre k\u0131rsal mahallelerde oturanlar\u0131n da bu etkinli\u011fe kat\u0131lmas\u0131n\u0131 sa\u011flad\u0131klar\u0131n\u0131 belirten Ba\u015fkan Can, \u201cBirincisini \u00c7i\u00e7ekli, ikincisini B\u00f6\u011fr\u00fce\u011fri, \u00fc\u00e7\u00fcnc\u00fcs\u00fcn\u00fc de Beylice mahallemizde d\u00fczenliyoruz. K\u00f6y \u015eenlikleri ile vatanda\u015flar\u0131m\u0131zla i\u00e7 i\u00e7e oluyoruz\u201d \u015feklinde konu\u015ftu.<\/span><br style=\"color: rgb(0, 0, 0); font-family: Tahoma, Arial, 'Times New Roman TUR', Verdana; font-size: 15px; line-height: normal;\" \/><br \/>\n<span style=\"color: rgb(0, 0, 0); font-family: Tahoma, Arial, 'Times New Roman TUR', Verdana; font-size: 15px; line-height: normal;\">Tarsus Kaymakam\u0131 Y\u00fcksel \u00dcnal ise, \u201cBurada 5 ayd\u0131r g\u00f6rev yapmaktay\u0131m. 179 mahallemiz var ama Beylice\u2019yi \u015fu anda birinci s\u0131raya yazd\u0131m. Gerek havas\u0131, gerek insan\u0131 ile bamba\u015fka bir mahallemiz. Bu hizmet sizlere lay\u0131k. Tarsusumuza lay\u0131k. Bu hizmette eme\u011fi ge\u00e7en herkese te\u015fekk\u00fcr ediyorum. Ba\u015fta Belediye Ba\u015fkan\u0131m\u0131z \u015eevket Can beye ve ekibine ayr\u0131ca te\u015fekk\u00fcr ediyorum. Biz birlik ve beraberlik i\u00e7erisinde oldu\u011fumuz s\u00fcrece kimse bize zincir vuramaz, kimse bizim huzurumuzu bozamaz bu b\u00f6yle biline\u201d dedi.<\/span><br style=\"color: rgb(0, 0, 0); font-family: Tahoma, Arial, 'Times New Roman TUR', Verdana; font-size: 15px; line-height: normal;\" \/><br \/>\n<span style=\"color: rgb(0, 0, 0); font-family: Tahoma, Arial, 'Times New Roman TUR', Verdana; font-size: 15px; line-height: normal;\">Konu\u015fmalar\u0131n ard\u0131ndan Beylice Mahallesi Sosyal Ya\u015fam Merkezi a\u00e7\u0131l\u0131\u015f kurdelesi protokol \u00fcyeleri taraf\u0131ndan kesildi.<\/span><br style=\"color: rgb(0, 0, 0); font-family: Tahoma, Arial, 'Times New Roman TUR', Verdana; font-size: 15px; line-height: normal;\" \/><br \/>\n<span style=\"color: rgb(0, 0, 0); font-family: Tahoma, Arial, 'Times New Roman TUR', Verdana; font-size: 15px; line-height: normal;\">Etkinlikte yerel sanat\u00e7\u0131 Abdil \u00c7emen ve Ali Ta\u015fo\u011flu mini konser verirken, \u00e7ocuklara ve vatanda\u015flara y\u00f6nelik \u00e7e\u015fitli e\u011flenceler ve animasyon g\u00f6sterileri yap\u0131ld\u0131. Ayr\u0131ca y\u00f6resel yemek olan d\u00f6vme pilav\u0131, y\u00fcz\u00fck \u00e7orbas\u0131 ve kuru fasulye ikram edildi.<\/span><br style=\"color: rgb(0, 0, 0); font-family: Tahoma, Arial, 'Times New Roman TUR', Verdana; font-size: 15px; line-height: normal;\" \/><br \/>\n<span style=\"color: rgb(0, 0, 0); font-family: Tahoma, Arial, 'Times New Roman TUR', Verdana; font-size: 15px; line-height: normal;\">Basketbol sahas\u0131nda mini bir g\u00f6steri yapan Kaymakam Y\u00fcksel \u00dcnal, Belediye Ba\u015fkan\u0131 \u015eevket Can, \u0130l\u00e7e jandarma Komutan Mahmut Erin, Milli E\u011fitim M\u00fcd\u00fcr\u00fc Mehmet Kalayc\u0131 ve Emniyet M\u00fcd\u00fcr\u00fc Salim \u00c7akan yo\u011fun alk\u0131\u015f ald\u0131lar.<\/span><br style=\"color: rgb(0, 0, 0); font-family: Tahoma, Arial, 'Times New Roman TUR', Verdana; font-size: 15px; line-height: normal;\" \/><br \/>\n<span style=\"color: rgb(0, 0, 0); font-family: Tahoma, Arial, 'Times New Roman TUR', Verdana; font-size: 15px; line-height: normal;\">Program sonunda k\u0131z \u00e7ocuklar\u0131na bebek, erkek \u00e7ocuklara da ise futbol topu da\u011f\u0131t\u0131ld\u0131.<\/span><\/p>\n","protected":false},"excerpt":{"rendered":"<p>Mersin\u2019in Tarsus il\u00e7esinde belediyenin k\u0131rsal mahalleleri \u015fehirle\u015ftirmek amac\u0131yla ba\u015flatt\u0131\u011f\u0131 Sosyal Ya\u015fam Merkezlerinin a\u00e7\u0131l\u0131\u015flar\u0131 devam ediyor. Beylice Mahallesi\u2019ndeki eski okul binas\u0131 ve bah\u00e7esi oyun gruplar\u0131, voleybol, basketbol sahalar\u0131, oturma gruplar\u0131, d\u00fc\u011f\u00fcn &hellip; <a href=\"https:\/\/akdenizolaygazetesi.com\/?p=1238\" class=\"more-link\">Devam\u0131n\u0131 Oku&#8230;<\/a><\/p>\n","protected":false},"author":1,"featured_media":0,"comment_status":"open","ping_status":"open","sticky":false,"template":"","format":"standard","meta":[],"categories":[],"tags":[],"_links":{"self":[{"href":"https:\/\/akdenizolaygazetesi.com\/index.php?rest_route=\/wp\/v2\/posts\/1238"}],"collection":[{"href":"https:\/\/akdenizolaygazetesi.com\/index.php?rest_route=\/wp\/v2\/posts"}],"about":[{"href":"https:\/\/akdenizolaygazetesi.com\/index.php?rest_route=\/wp\/v2\/types\/post"}],"author":[{"embeddable":true,"href":"https:\/\/akdenizolaygazetesi.com\/index.php?rest_route=\/wp\/v2\/users\/1"}],"replies":[{"embeddable":true,"href":"https:\/\/akdenizolaygazetesi.com\/index.php?rest_route=%2Fwp%2Fv2%2Fcomments&post=1238"}],"version-history":[{"count":0,"href":"https:\/\/akdenizolaygazetesi.com\/index.php?rest_route=\/wp\/v2\/posts\/1238\/revisions"}],"wp:attachment":[{"href":"https:\/\/akdenizolaygazetesi.com\/index.php?rest_route=%2Fwp%2Fv2%2Fmedia&parent=1238"}],"wp:term":[{"taxonomy":"category","embeddable":true,"href":"https:\/\/akdenizolaygazetesi.com\/index.php?rest_route=%2Fwp%2Fv2%2Fcategories&post=1238"},{"taxonomy":"post_tag","embeddable":true,"href":"https:\/\/akdenizolaygazetesi.com\/index.php?rest_route=%2Fwp%2Fv2%2Ftags&post=1238"}],"curies":[{"name":"wp","href":"https:\/\/api.w.org\/{rel}","templated":true}]}}