{"id":1239,"date":"2020-11-04T18:21:49","date_gmt":"2020-11-04T15:21:49","guid":{"rendered":"http:\/\/mersinekonomipolitikagazetesi.com\/?p=1239"},"modified":"2020-11-04T18:21:49","modified_gmt":"2020-11-04T15:21:49","slug":"anamurda-kekik-ve-adacayi-hasadi-basladi","status":"publish","type":"post","link":"https:\/\/akdenizolaygazetesi.com\/?p=1239","title":{"rendered":"Anamur&#8217;da kekik ve ada\u00e7ay\u0131 hasad\u0131 ba\u015flad\u0131"},"content":{"rendered":"<p>Mersin&#8217;nin Anamur il\u00e7esinde da\u011flardan toplanan kekik ve ada\u00e7ay\u0131 k\u00f6yl\u00fclerin ge\u00e7im kayna\u011f\u0131 oldu.<\/p>\n<p><span style=\"color: rgb(0, 0, 0); font-family: Tahoma, Arial, 'Times New Roman TUR', Verdana; font-size: 15px; line-height: normal;\">Anamur&#8217;un \u00e7e\u015fitli k\u00f6ylerinde ge\u00e7im kayna\u011f\u0131 haline gelen kekik ve ada\u00e7ay\u0131n\u0131n hasad\u0131na ba\u015fland\u0131.<\/span><br style=\"color: rgb(0, 0, 0); font-family: Tahoma, Arial, 'Times New Roman TUR', Verdana; font-size: 15px; line-height: normal;\" \/><br \/>\n<span style=\"color: rgb(0, 0, 0); font-family: Tahoma, Arial, 'Times New Roman TUR', Verdana; font-size: 15px; line-height: normal;\">K\u00f6yl\u00fcler taraf\u0131ndan toplanan keki\u011fin kilosu 5 liradan ada\u00e7ay\u0131n\u0131n ise kilosu ise 20 liradan sat\u0131l\u0131yor.<\/span><br style=\"color: rgb(0, 0, 0); font-family: Tahoma, Arial, 'Times New Roman TUR', Verdana; font-size: 15px; line-height: normal;\" \/><br \/>\n<span style=\"color: rgb(0, 0, 0); font-family: Tahoma, Arial, 'Times New Roman TUR', Verdana; font-size: 15px; line-height: normal;\">Anamur Akine Mahallesi&#8217;nde ikamet eden Tufan Uymaz, da\u011flarda organik olarak yeti\u015fen kekik ve ada\u00e7ay\u0131n\u0131 zor \u015fartlar alt\u0131nda hasat ettiklerini belirterek, &#8220;Da\u011flardan toplad\u0131\u011f\u0131m\u0131z mahsul\u00fc \u00e7uvallarda eve getiriyoruz. Kurutup d\u00f6v\u00fcyoruz ya da k\u0131y\u0131yoruz. Kuruma i\u015fi bitince \u00e7uvallara koyarak sat\u0131\u015fa haz\u0131r hale getiriyoruz. T\u00fcccarlara ve il\u00e7eye giderek sat\u0131\u015f yap\u0131yoruz&#8221; dedi.<\/span><\/p>\n","protected":false},"excerpt":{"rendered":"<p>Mersin&#8217;nin Anamur il\u00e7esinde da\u011flardan toplanan kekik ve ada\u00e7ay\u0131 k\u00f6yl\u00fclerin ge\u00e7im kayna\u011f\u0131 oldu. Anamur&#8217;un \u00e7e\u015fitli k\u00f6ylerinde ge\u00e7im kayna\u011f\u0131 haline gelen kekik ve ada\u00e7ay\u0131n\u0131n hasad\u0131na ba\u015fland\u0131. K\u00f6yl\u00fcler taraf\u0131ndan toplanan keki\u011fin kilosu 5 &hellip; <a href=\"https:\/\/akdenizolaygazetesi.com\/?p=1239\" class=\"more-link\">Devam\u0131n\u0131 Oku&#8230;<\/a><\/p>\n","protected":false},"author":1,"featured_media":0,"comment_status":"open","ping_status":"open","sticky":false,"template":"","format":"standard","meta":[],"categories":[],"tags":[],"_links":{"self":[{"href":"https:\/\/akdenizolaygazetesi.com\/index.php?rest_route=\/wp\/v2\/posts\/1239"}],"collection":[{"href":"https:\/\/akdenizolaygazetesi.com\/index.php?rest_route=\/wp\/v2\/posts"}],"about":[{"href":"https:\/\/akdenizolaygazetesi.com\/index.php?rest_route=\/wp\/v2\/types\/post"}],"author":[{"embeddable":true,"href":"https:\/\/akdenizolaygazetesi.com\/index.php?rest_route=\/wp\/v2\/users\/1"}],"replies":[{"embeddable":true,"href":"https:\/\/akdenizolaygazetesi.com\/index.php?rest_route=%2Fwp%2Fv2%2Fcomments&post=1239"}],"version-history":[{"count":0,"href":"https:\/\/akdenizolaygazetesi.com\/index.php?rest_route=\/wp\/v2\/posts\/1239\/revisions"}],"wp:attachment":[{"href":"https:\/\/akdenizolaygazetesi.com\/index.php?rest_route=%2Fwp%2Fv2%2Fmedia&parent=1239"}],"wp:term":[{"taxonomy":"category","embeddable":true,"href":"https:\/\/akdenizolaygazetesi.com\/index.php?rest_route=%2Fwp%2Fv2%2Fcategories&post=1239"},{"taxonomy":"post_tag","embeddable":true,"href":"https:\/\/akdenizolaygazetesi.com\/index.php?rest_route=%2Fwp%2Fv2%2Ftags&post=1239"}],"curies":[{"name":"wp","href":"https:\/\/api.w.org\/{rel}","templated":true}]}}