{"id":12395,"date":"2021-05-18T11:54:43","date_gmt":"2021-05-18T08:54:43","guid":{"rendered":"http:\/\/akdenizolaygazetesi.com\/?p=12395"},"modified":"2021-05-18T11:55:23","modified_gmt":"2021-05-18T08:55:23","slug":"katliama-devletler-sessiz-ama-halklar-zulme-sessiz-kalmiyor","status":"publish","type":"post","link":"https:\/\/akdenizolaygazetesi.com\/?p=12395","title":{"rendered":"\u201cKatliama devletler sessiz ama halklar zulme sessiz kalm\u0131yor\u201d"},"content":{"rendered":"<p>\u0130srail\u2019in; mazlum Filistin halk\u0131na yapt\u0131\u011f\u0131 zulm\u00fc k\u0131nayan Ba\u015fkan G\u00fcltak; \u201c\u0130srail\u2019in; kad\u0131n-\u00e7ocuk demeden masum ve sivil insanlara yapt\u0131\u011f\u0131 zul\u00fcm kabul edilemez. Zalim kim olursa olsun, zalimdir; zul\u00fcm de zul\u00fcmd\u00fcr. D\u00fcnyan\u0131n neresinde olursa olsun, dini, dili, \u0131rk\u0131 ne olursa olsun mazlumlar\u0131n her zaman yan\u0131nday\u0131z\u201d dedi.<br \/>\nAkdeniz Belediye Meclis toplant\u0131s\u0131nda; \u0130srail\u2019in, kad\u0131n-\u00e7ocuk demeden mazlum Filistin halk\u0131na ve Gazze \u015feridine y\u00f6nelik sald\u0131r\u0131lar\u0131, d\u00fcnyan\u0131n g\u00f6zleri \u00f6n\u00fcnde ger\u00e7ekle\u015ftirdi\u011fi katliam, zul\u00fcm ve s\u00fcrg\u00fcn k\u0131nand\u0131. Akdeniz Belediye Meclisi\u2019nin May\u0131s ay\u0131 ilk birle\u015fimi; Mustafa G\u00fcltak Ba\u015fkanl\u0131\u011f\u0131nda ger\u00e7ekle\u015fti. Sayg\u0131 Duru\u015fu ve \u0130stiklal Mar\u015f\u0131\u2019n\u0131n okunmas\u0131ndan sonra Meclis\u2019e sunulan \u00e7e\u015fitli \u00f6nergeler okunarak kabul edildi.<br \/>\n\u201cKatliama devletler sessiz ama halklar zulme sessiz kalm\u0131yor\u201d<br \/>\nToplant\u0131n\u0131n a\u00e7\u0131l\u0131\u015f\u0131nda bir konu\u015fma yapan Ba\u015fkan Mustafa G\u00fcltak; \u0130srail\u2019in, mazlum Filistin halk\u0131na zulm\u00fcn\u00fc ve Gazze \u015feridine y\u00f6nelik sald\u0131r\u0131lar\u0131n\u0131 k\u0131nad\u0131. \u201c\u0130srail\u2019in; kad\u0131n-\u00e7ocuk demeden sivil ve g\u00fcnahs\u0131z insanlara yapt\u0131\u011f\u0131 zul\u00fcm ve katliam asla kabul edilemez\u201d diyen Ba\u015fkan G\u00fcltak; \u201cD\u00fcnyan\u0131n neresinde olursa olsun, dini, dili, \u0131rk\u0131, rengi ne olursa olsun, mazlum halklar\u0131n her zaman yan\u0131nday\u0131z. Bu katliam ve zul\u00fcm bir an \u00f6nce durdurulmal\u0131d\u0131r. \u015eehit olan Filistinli karde\u015flerimize rahmet, yaral\u0131lara da acil \u015fifalar diliyorum\u201d ifadelerini kulland\u0131. Akdeniz Belediye Meclis \u00fcyelerinin oybirli\u011fiyle ald\u0131\u011f\u0131 tavsiye karar\u0131yla da \u0130srail\u2019in, masum ve mazlum Filistin halk\u0131na y\u00f6nelik katliam\u0131 k\u0131nand\u0131, zulm\u00fcn bir an \u00f6nce durmas\u0131 \u00e7a\u011fr\u0131s\u0131nda bulunuldu.<br \/>\nMeclis\u2019te g\u00f6r\u00fc\u015f\u00fclen g\u00fcndem maddeleri<br \/>\nMeclis toplant\u0131s\u0131nda; 2020 Mali Y\u0131l\u0131 Kesin Hesab\u0131yla ilgili teklif g\u00f6r\u00fc\u015f\u00fcld\u00fc, komisyonlara havalesine oybirli\u011fiyle karar verildi. Nusratiye Mahallesi\u2019nde olan ve Akdeniz B\u00f6lge Komutanl\u0131\u011f\u0131 sorumlulu\u011funda alanda, Milli Savunma Bakanl\u0131\u011f\u0131\u2019nca haz\u0131rlanan \u201cAskeri Alan\u201d ama\u00e7l\u0131 1\/5000 \u00f6l\u00e7ekli naz\u0131m imar plan\u0131 ve 1\/1000 \u00f6l\u00e7ekli uygulama imar plan\u0131 teklifine esas kurum g\u00f6r\u00fc\u015f\u00fc ile ilgili teklif g\u00f6r\u00fc\u015f\u00fcld\u00fc. Konuyla ilgili ek s\u00fcre istemli dilek\u00e7e haz\u0131rlan\u0131p konunun komisyonlara sevki oybirli\u011fiyle kabul edildi. Toplant\u0131da, Bah\u00e7e ve Bar\u0131\u015f mahalleleri Kentsel D\u00f6n\u00fc\u015f\u00fcm ve Geli\u015fim Proje Alan\u0131 1. b\u00f6lgede onaylanan 1\/5000 \u00f6l\u00e7ekli revizyon naz\u0131m imar plan\u0131na uygun haz\u0131rlanan 1\/1000 \u00f6l\u00e7ekli revizyon uygulama imar plan\u0131 ile ilgili teklifi i\u00e7eren komisyon raporlar\u0131 g\u00f6r\u00fc\u015f\u00fcld\u00fc. Meclis \u00fcyelerinin, ek s\u00fcre talebi oybirli\u011fi ile kabul edildi. Meclis toplant\u0131s\u0131nda; Mersin B\u00fcy\u00fck\u015fehir Belediye Meclisi\u2019nin 17 Aral\u0131k 2020 tarih ve 648 say\u0131l\u0131 karar\u0131na istinaden, Karacailyas Mahallesi 8393 ada, 11 parselin 1\/1000 uygulama imar plan\u0131 de\u011fi\u015fikli\u011fi ile ilgili teklifi i\u00e7eren raporlar da g\u00fcndeme al\u0131nd\u0131. Rapor, \u00fcyelerin oybirli\u011fiyle kabul edildi. M\u00fclkiyeti Akdeniz Belediyesi\u2019ne ait olan ve TCDD kamula\u015ft\u0131rma sahas\u0131 i\u00e7inde yer alan ta\u015f\u0131nmazlar\u0131n, yasa gere\u011fi, bedel kar\u015f\u0131l\u0131\u011f\u0131 ve kamu yarar\u0131 kapsam\u0131nda TCDD Adana 6. B\u00f6lge M\u00fcd\u00fcrl\u00fc\u011f\u00fc\u2019ne devri ve protokoller yap\u0131lmas\u0131 i\u00e7in Ba\u015fkan G\u00fcltak\u2019a yetki verilmesini i\u00e7eren komisyon karar\u0131 da g\u00f6r\u00fc\u015f\u00fcld\u00fc. Teklif, oy\u00e7oklu\u011fu ile kabul edildi.<\/p>\n","protected":false},"excerpt":{"rendered":"<p>\u0130srail\u2019in; mazlum Filistin halk\u0131na yapt\u0131\u011f\u0131 zulm\u00fc k\u0131nayan Ba\u015fkan G\u00fcltak; \u201c\u0130srail\u2019in; kad\u0131n-\u00e7ocuk demeden masum ve sivil insanlara yapt\u0131\u011f\u0131 zul\u00fcm kabul edilemez. Zalim kim olursa olsun, zalimdir; zul\u00fcm de zul\u00fcmd\u00fcr. D\u00fcnyan\u0131n neresinde &hellip; <a href=\"https:\/\/akdenizolaygazetesi.com\/?p=12395\" class=\"more-link\">Devam\u0131n\u0131 Oku&#8230;<\/a><\/p>\n","protected":false},"author":2,"featured_media":12397,"comment_status":"open","ping_status":"open","sticky":false,"template":"","format":"standard","meta":[],"categories":[7,1,2,3,5],"tags":[],"_links":{"self":[{"href":"https:\/\/akdenizolaygazetesi.com\/index.php?rest_route=\/wp\/v2\/posts\/12395"}],"collection":[{"href":"https:\/\/akdenizolaygazetesi.com\/index.php?rest_route=\/wp\/v2\/posts"}],"about":[{"href":"https:\/\/akdenizolaygazetesi.com\/index.php?rest_route=\/wp\/v2\/types\/post"}],"author":[{"embeddable":true,"href":"https:\/\/akdenizolaygazetesi.com\/index.php?rest_route=\/wp\/v2\/users\/2"}],"replies":[{"embeddable":true,"href":"https:\/\/akdenizolaygazetesi.com\/index.php?rest_route=%2Fwp%2Fv2%2Fcomments&post=12395"}],"version-history":[{"count":2,"href":"https:\/\/akdenizolaygazetesi.com\/index.php?rest_route=\/wp\/v2\/posts\/12395\/revisions"}],"predecessor-version":[{"id":12398,"href":"https:\/\/akdenizolaygazetesi.com\/index.php?rest_route=\/wp\/v2\/posts\/12395\/revisions\/12398"}],"wp:featuredmedia":[{"embeddable":true,"href":"https:\/\/akdenizolaygazetesi.com\/index.php?rest_route=\/wp\/v2\/media\/12397"}],"wp:attachment":[{"href":"https:\/\/akdenizolaygazetesi.com\/index.php?rest_route=%2Fwp%2Fv2%2Fmedia&parent=12395"}],"wp:term":[{"taxonomy":"category","embeddable":true,"href":"https:\/\/akdenizolaygazetesi.com\/index.php?rest_route=%2Fwp%2Fv2%2Fcategories&post=12395"},{"taxonomy":"post_tag","embeddable":true,"href":"https:\/\/akdenizolaygazetesi.com\/index.php?rest_route=%2Fwp%2Fv2%2Ftags&post=12395"}],"curies":[{"name":"wp","href":"https:\/\/api.w.org\/{rel}","templated":true}]}}