{"id":12399,"date":"2021-05-18T12:07:44","date_gmt":"2021-05-18T09:07:44","guid":{"rendered":"http:\/\/akdenizolaygazetesi.com\/?p=12399"},"modified":"2021-05-18T12:08:18","modified_gmt":"2021-05-18T09:08:18","slug":"hava-isindi-1-ekmek-1-corba-hizmeti-sezonu-kapatti","status":"publish","type":"post","link":"https:\/\/akdenizolaygazetesi.com\/?p=12399","title":{"rendered":"HAVA ISINDI, \u201c1 EKMEK 1 \u00c7ORBA\u201d H\u0130ZMET\u0130 SEZONU KAPATTI"},"content":{"rendered":"<p>Mersin B\u00fcy\u00fck\u015fehir Belediyesi Sosyal Hizmetler Dairesi, havan\u0131n \u0131s\u0131nmaya ba\u015flamas\u0131yla \u201c1 Ekmek 1 \u00c7orba\u201d hizmetinde sezonu kapatt\u0131. \u00dccretsiz da\u011f\u0131t\u0131lan \u00e7orba ve ekmekler bu sene 200 binin \u00fczerinde vatanda\u015fa ula\u015ft\u0131. Bu k\u0131\u015f 28 noktada ba\u015flayan hizmet 13 il\u00e7eye yay\u0131ld\u0131 ve da\u011f\u0131t\u0131m noktalar\u0131 62\u2019ye y\u00fckseldi. \u201c1 Ekmek 1 \u00c7orba\u201d hizmeti, k\u0131\u015f aylar\u0131n\u0131n gelmesiyle yeniden ba\u015flayacak.<\/p>\n<p>B\u00fcy\u00fck\u015fehir\u2019in \u00e7orbas\u0131 dezavantajl\u0131 kesimlerin, i\u015f\u00e7ilerin, emek\u00e7ilerin i\u00e7ini \u0131s\u0131tt\u0131<\/p>\n<p>Mersin B\u00fcy\u00fck\u015fehir Belediye Ba\u015fkan\u0131 Vahap Se\u00e7er\u2019in sosyal belediyecilik anlay\u0131\u015f\u0131yla 27 Ekim 2019\u2019da hayata ge\u00e7irdi\u011fi \u201c1 Ekmek 1 \u00c7orba\u201d projesiyle k\u0131\u015f aylar\u0131nda kentin farkl\u0131 noktalar\u0131nda vatanda\u015flara s\u0131cac\u0131k \u00e7orba ile ekmek ikram ediliyor. \u00c7orbalar kentin dezavantajl\u0131 mahallelerinin yan\u0131 s\u0131ra sabah\u0131n erken saatlerinde i\u015fe ba\u015flayan tar\u0131m i\u015f\u00e7ilerine, sanayi sitesinde \u00e7al\u0131\u015fan i\u015f\u00e7ilere, sebze-meyve toptanc\u0131 halinde \u00e7al\u0131\u015fan i\u015f\u00e7ilere de da\u011f\u0131t\u0131l\u0131yor. Ak\u015fam saatlerinde ise bu hizmet acil servis \u00f6nlerinde s\u00fcrd\u00fcr\u00fcl\u00fcyor.<\/p>\n<p>28 noktada ba\u015flay\u0131p 62\u2019ye y\u00fckseldi<\/p>\n<p>Ge\u00e7en y\u0131l 11 Mart 2020 tarihine kadar 44 noktada s\u00fcrd\u00fcr\u00fclen hizmet, salg\u0131n tedbirleri kapsam\u0131nda durdurulmu\u015ftu. 2 Kas\u0131m 2020\u2019de 28 noktada yeniden ba\u015flayan hizmet, ilerleyen aylarda 13 il\u00e7enin tamam\u0131na yay\u0131ld\u0131 ve 62 da\u011f\u0131t\u0131m noktas\u0131na ula\u015ft\u0131. 201 bin 237 ki\u015finin bu k\u0131\u015f \u20181 Ekmek 1 \u00c7orba\u2019 hizmetiyle sabah saatlerinde hem karn\u0131 doydu hem de i\u00e7i \u0131s\u0131nd\u0131.<\/p>\n<p>\u00c7aml\u0131yayla\u2019daki da\u011f\u0131t\u0131mlar bu y\u0131l k\u0131s\u0131tlamalara tak\u0131ld\u0131<\/p>\n<p>Tarsus\u2019ta 14, Akdeniz\u2019de 14, Toroslar\u2019da 8, Mut\u2019ta 9, Yeni\u015fehir\u2019de 3, Mezitli\u2019de 2, Erdemli\u2019de 1, Silifke\u2019de 2, Anamur\u2019da 4, Ayd\u0131nc\u0131k\u2019ta 2, Bozyaz\u0131\u2019da 2 ve G\u00fclnar\u2019da 1 noktada da\u011f\u0131t\u0131lan \u00e7orbalar \u00c7aml\u0131yayla\u2019ya ise bu y\u0131l yaln\u0131zca bir defa ula\u015ft\u0131. Nisan ay\u0131nda hafta sonlar\u0131 \u00c7aml\u0131yayla\u2019ya g\u00f6t\u00fcr\u00fclmesi planlanan hizmet, ilk da\u011f\u0131t\u0131m\u0131n ard\u0131ndan hafta sonu uygulanan soka\u011fa \u00e7\u0131kma k\u0131s\u0131tlamalar\u0131na tak\u0131ld\u0131. Gelecek y\u0131l hizmetin \u00c7aml\u0131yayla\u2019da da kesintisiz s\u00fcrd\u00fcr\u00fclmesi hedefleniyor.<\/p>\n","protected":false},"excerpt":{"rendered":"<p>Mersin B\u00fcy\u00fck\u015fehir Belediyesi Sosyal Hizmetler Dairesi, havan\u0131n \u0131s\u0131nmaya ba\u015flamas\u0131yla \u201c1 Ekmek 1 \u00c7orba\u201d hizmetinde sezonu kapatt\u0131. \u00dccretsiz da\u011f\u0131t\u0131lan \u00e7orba ve ekmekler bu sene 200 binin \u00fczerinde vatanda\u015fa ula\u015ft\u0131. Bu k\u0131\u015f &hellip; <a href=\"https:\/\/akdenizolaygazetesi.com\/?p=12399\" class=\"more-link\">Devam\u0131n\u0131 Oku&#8230;<\/a><\/p>\n","protected":false},"author":2,"featured_media":12401,"comment_status":"open","ping_status":"open","sticky":false,"template":"","format":"standard","meta":[],"categories":[1,2,3,5],"tags":[],"_links":{"self":[{"href":"https:\/\/akdenizolaygazetesi.com\/index.php?rest_route=\/wp\/v2\/posts\/12399"}],"collection":[{"href":"https:\/\/akdenizolaygazetesi.com\/index.php?rest_route=\/wp\/v2\/posts"}],"about":[{"href":"https:\/\/akdenizolaygazetesi.com\/index.php?rest_route=\/wp\/v2\/types\/post"}],"author":[{"embeddable":true,"href":"https:\/\/akdenizolaygazetesi.com\/index.php?rest_route=\/wp\/v2\/users\/2"}],"replies":[{"embeddable":true,"href":"https:\/\/akdenizolaygazetesi.com\/index.php?rest_route=%2Fwp%2Fv2%2Fcomments&post=12399"}],"version-history":[{"count":1,"href":"https:\/\/akdenizolaygazetesi.com\/index.php?rest_route=\/wp\/v2\/posts\/12399\/revisions"}],"predecessor-version":[{"id":12400,"href":"https:\/\/akdenizolaygazetesi.com\/index.php?rest_route=\/wp\/v2\/posts\/12399\/revisions\/12400"}],"wp:featuredmedia":[{"embeddable":true,"href":"https:\/\/akdenizolaygazetesi.com\/index.php?rest_route=\/wp\/v2\/media\/12401"}],"wp:attachment":[{"href":"https:\/\/akdenizolaygazetesi.com\/index.php?rest_route=%2Fwp%2Fv2%2Fmedia&parent=12399"}],"wp:term":[{"taxonomy":"category","embeddable":true,"href":"https:\/\/akdenizolaygazetesi.com\/index.php?rest_route=%2Fwp%2Fv2%2Fcategories&post=12399"},{"taxonomy":"post_tag","embeddable":true,"href":"https:\/\/akdenizolaygazetesi.com\/index.php?rest_route=%2Fwp%2Fv2%2Ftags&post=12399"}],"curies":[{"name":"wp","href":"https:\/\/api.w.org\/{rel}","templated":true}]}}