{"id":12402,"date":"2021-05-18T12:09:17","date_gmt":"2021-05-18T09:09:17","guid":{"rendered":"http:\/\/akdenizolaygazetesi.com\/?p=12402"},"modified":"2021-05-18T12:10:00","modified_gmt":"2021-05-18T09:10:00","slug":"ilk-gun-etkinlikleri-spora-ve-sahne-gosterilerine-ev-sahipligi-yapti","status":"publish","type":"post","link":"https:\/\/akdenizolaygazetesi.com\/?p=12402","title":{"rendered":"\u0130LK G\u00dcN ETK\u0130NL\u0130KLER\u0130 SPORA VE SAHNE G\u00d6STER\u0130LER\u0130NE EV SAH\u0130PL\u0130\u011e\u0130 YAPTI"},"content":{"rendered":"<p>Mersin B\u00fcy\u00fck\u015fehir Belediyesi Gen\u00e7lik ve Spor Hizmetleri Dairesi, 19 May\u0131s Atat\u00fcrk\u2019\u00fc Anma Gen\u00e7lik ve Spor Bayram\u0131\u2019n\u0131n 102. y\u0131l\u0131 dolay\u0131s\u0131yla 5 g\u00fcn s\u00fcrecek dopdolu bir program haz\u0131rlad\u0131. Etkinliklerin ilk g\u00fcn\u00fcnde Cumhuriyet G\u00f6steri Merkezi\u2019nde gen\u00e7ler spor yaparken, sahnede ise \u00e7e\u015fitli g\u00f6steriler yer ald\u0131. \u0130lerleyen g\u00fcnlerde kentin farkl\u0131 noktalar\u0131na yay\u0131lacak etkinlikler 21 May\u0131s\u2019ta yine Cumhuriyet G\u00f6steri Merkezi\u2019nde noktalanacak.<\/p>\n<p>Gen\u00e7ler solu\u011fu Cumhuriyet G\u00f6steri Merkezi\u2019nde ald\u0131<\/p>\n<p>17 May\u0131s\u2019ta ba\u015flayan etkinlikler \u00f6ncesi milli sporcular \u00f6\u011fle saatlerinde Mersin B\u00fcy\u00fck\u015fehir Belediye Ba\u015fkan\u0131 Vahap Se\u00e7er\u2019i ziyaret etti. Ard\u0131ndan saat 16.00\u2019da Mezitli il\u00e7esi Cumhuriyet G\u00f6steri Merkezi\u2019nde ba\u015flayan ilk g\u00fcn etkinlikleri saat 20.00\u2019ye kadar s\u00fcrd\u00fc. Spor alanlar\u0131nda gen\u00e7ler ayak futbolundan basketbola, tenisten darta kadar bir\u00e7ok spor aktivitesine kat\u0131ld\u0131. Alanda kurulan sahnede taekwondo, zumba, cimnastik g\u00f6sterileri sergilendi. Falun Dafa ekibinin meditasyonuna ev sahipli\u011fi yapan sahnede ayr\u0131ca spor psikolojisi alan\u0131nda panel de yer ald\u0131. Festival havas\u0131nda ge\u00e7en etkinlikte \u00fcretici kad\u0131nlar ise \u00fcr\u00fcnlerini sergiledi.<\/p>\n<p>\u201cHep birlikte olmaktan dolay\u0131 \u00e7ok mutluyuz\u201d<\/p>\n<p>B\u00fcy\u00fck\u015fehir Belediyesi\u2019nin taekwondo tak\u0131m\u0131ndan 17 ya\u015f\u0131ndaki \u00d6yk\u00fc \u00d6zbey, 6 y\u0131ld\u0131r taekwondo ile u\u011fra\u015ft\u0131\u011f\u0131n\u0131, milli sporcu olduklar\u0131 i\u00e7in 17 g\u00fcnl\u00fck tam kapanma s\u00fcrecinde de antrenmanlar\u0131na devam edebilme imkan\u0131 bulduklar\u0131n\u0131 belirtti. Etkinlik i\u00e7in bir sahne g\u00f6sterisi ger\u00e7ekle\u015ftireceklerini ifade eden \u00d6zbey, \u201c\u0130limizde b\u00f6yle \u015feyler olmas\u0131n\u0131 \u00e7ok seviyoruz. Bizim i\u00e7in bir aktivite oluyor. Hep birlikte olmaktan dolay\u0131 \u00e7ok mutluyuz. Vahap Ba\u015fkan\u0131m\u0131za bize bu imkanlar\u0131 sundu\u011fu i\u00e7in \u00e7ok te\u015fekk\u00fcr ediyoruz. 19 May\u0131s Atat\u00fcrk\u2019\u00fc Anma Gen\u00e7lik ve Spor Bayram\u0131m\u0131z kutlu olsun\u201d dedi.<\/p>\n<p>\u201cGen\u00e7lerle birlikte olmak g\u00fczel\u201d<\/p>\n<p>Hatice Atmaca ise Falun Dafa ekibi olarak etkinlikte stant a\u00e7t\u0131klar\u0131n\u0131, sahnede de meditasyon yapt\u0131klar\u0131n\u0131 belirterek, \u201cBurada olmak g\u00fczel, gen\u00e7lerle birlikte olmak g\u00fczel. \u0130lgilenen insanlar oluyor, sonras\u0131nda bizimle devam eden, egzersizlerimize d\u00fczenli gelen insanlar oluyor. Bu \u015fekilde biz de daha \u00e7ok insana ar\u0131nmayla ilgili  bu y\u00f6ntemi ula\u015ft\u0131rm\u0131\u015f oluyoruz\u201d ifadelerine yer verdi.<\/p>\n<p>\u201c\u00c7ok g\u00fczel bir saha haz\u0131rlam\u0131\u015flar\u201d<\/p>\n<p>24 ya\u015f\u0131ndaki Mertcan Ma\u00e7ka, tam kapanman\u0131n ard\u0131ndan arkada\u015flar\u0131yla birlikte alandaki kortlarda ayak futbolu oynad\u0131\u011f\u0131n\u0131 kaydetti. Ma\u00e7ka, bir\u00e7ok spor bran\u015f\u0131yla ilgilendi\u011fini s\u00f6zlerine ekleyerek, \u015funlar\u0131 s\u00f6yledi:<\/p>\n<p>\u201cFutbol, voleybol, tenis gibi \u00e7e\u015fitli spor bran\u015flar\u0131nda buraya gelip aktivitelerde bulunuyoruz. Ayn\u0131 zamanda daha \u00f6ncesinde ok\u00e7uluk, futbol, y\u00fczme gibi spor dallar\u0131nda belediyemizin a\u00e7t\u0131\u011f\u0131 kurslara kat\u0131ld\u0131k. Oralarda lisans ald\u0131k. 24 ya\u015f\u0131nday\u0131m, bu ya\u015fa gelene kadar \u00e7e\u015fitli sporlar yapt\u0131m. Belediye Ba\u015fkan\u0131m\u0131z\u2019a bize verdi\u011fi hizmetlerden dolay\u0131 te\u015fekk\u00fcr ederim. \u00c7ok g\u00fczel bir saha haz\u0131rlam\u0131\u015flar. 17 g\u00fcn boyunca evlerimizde kald\u0131k. Sonras\u0131nda sa\u011f olsunlar 19 May\u0131s\u2019\u0131 unutmam\u0131\u015flar, \u00e7e\u015fitli bir s\u00fcr\u00fc aktiviteler yapm\u0131\u015flar. Hocalar\u0131m\u0131zla, belediyemizin bize sa\u011flad\u0131\u011f\u0131 imkanlarla vakit ge\u00e7iriyoruz.\u201d<\/p>\n<p>\u201cMersin i\u00e7in ger\u00e7ekten bir gen\u00e7lik festivali gibi olmu\u015f\u201d<\/p>\n<p>21 ya\u015f\u0131ndaki Bahrican \u00c7ilek ise alandaki tenis kortunda ilk defa tenis oynad\u0131\u011f\u0131n\u0131 vurgulayarak, \u201cKe\u015fke daha \u00f6nce ba\u015flasaym\u0131\u015f\u0131z. Bundan sonra devam etmeyi d\u00fc\u015f\u00fcn\u00fcyoruz.  Buradaki ortam, stantlar var, spor kortlar\u0131 var. Asl\u0131nda Mersin i\u00e7in ger\u00e7ekten bir gen\u00e7lik festivali gibi olmu\u015f. Normalde ben Ankara\u2019dayd\u0131m. Mersin\u2019e geldi\u011fimde \u00e7ok de\u011fi\u015fti\u011fini g\u00f6rd\u00fcm\u201d dedi.<\/p>\n<p>\u201cYasaklardan yeni \u00e7\u0131kt\u0131k bug\u00fcn yeniden stant a\u00e7t\u0131k\u201d<\/p>\n<p>Melda Ak\u00e7ay, yapt\u0131\u011f\u0131 \u00fc\u00e7 boyutlu tablolarla \u00fcretici kad\u0131n stantlar\u0131nda yer ald\u0131. Ak\u00e7ay, daha \u00f6nce de B\u00fcy\u00fck\u015fehir\u2019in a\u00e7t\u0131\u011f\u0131 stantlarda \u00fcr\u00fcnlerini sergiledi\u011fini belirterek, \u201cHepsinde de \u00e7ok g\u00fczel sat\u0131\u015flar\u0131m\u0131z oldu. Ama salg\u0131n\u0131n son d\u00f6nemi insanlar\u0131 biraz etkiledi. Yasaklardan da yeni \u00e7\u0131kt\u0131k. Bug\u00fcn yeniden a\u00e7t\u0131k. Bakal\u0131m, in\u015fallah iyi olur. Atat\u00fcrk tablosu \u00e7al\u0131\u015ft\u0131k, sergiliyoruz. Gen\u00e7leri de ilgilendiren \u00e7al\u0131\u015fmalar yapmaya \u00e7al\u0131\u015ft\u0131k ama daha \u00f6nce yapt\u0131\u011f\u0131m\u0131z \u00e7al\u0131\u015fmalar\u0131 da katt\u0131k tabi. G\u00fczel bir etkinlik. 19 May\u0131s ve Atat\u00fcrk\u2019\u00fc anmak bizim i\u00e7in \u00e7ok \u00f6nemli. Vahap Ba\u015fkan\u0131m\u0131za b\u00f6yle bir etkinlikte bizleri unutmad\u0131\u011f\u0131 i\u00e7in \u00e7ok te\u015fekk\u00fcr ediyoruz. Kad\u0131n\u0131n \u00fcretkenli\u011fini her zaman \u00f6n plana al\u0131yor\u201d diye konu\u015ftu.<\/p>\n<p>\u201cBizim i\u00e7in de e\u011flenceli ge\u00e7ecek gibi g\u00f6r\u00fcn\u00fcyor\u201d<\/p>\n<p>Seyhan \u00c7apar ise 3 y\u0131ld\u0131r tak\u0131 tasar\u0131m\u0131yla ilgilendi\u011fini belirterek, stantlarda \u00fcr\u00fcnlerini sergiledi. \u0130nternet \u00fczerinden sat\u0131\u015f yapmad\u0131\u011f\u0131n\u0131, daha \u00e7ok elden sat\u0131\u015f yapt\u0131\u011f\u0131n\u0131 s\u00f6yleyen \u00c7apar, \u201cBundan \u00f6nce genelde Pozcu\u2019dayd\u0131k. Buras\u0131 g\u00fczel oldu, de\u011fi\u015fik oldu. Bizim i\u00e7in de e\u011flenceli ge\u00e7ecek gibi g\u00f6r\u00fcn\u00fcyor. Umar\u0131m sat\u0131\u015f a\u00e7\u0131s\u0131ndan da iyi ge\u00e7er. 17 g\u00fcn \u00fcretimle ge\u00e7ti. Ben de zaman\u0131m\u0131 o \u015fekilde de\u011ferlendirmeye \u00e7al\u0131\u015ft\u0131m\u201d ifadelerine yer verdi.<\/p>\n","protected":false},"excerpt":{"rendered":"<p>Mersin B\u00fcy\u00fck\u015fehir Belediyesi Gen\u00e7lik ve Spor Hizmetleri Dairesi, 19 May\u0131s Atat\u00fcrk\u2019\u00fc Anma Gen\u00e7lik ve Spor Bayram\u0131\u2019n\u0131n 102. y\u0131l\u0131 dolay\u0131s\u0131yla 5 g\u00fcn s\u00fcrecek dopdolu bir program haz\u0131rlad\u0131. Etkinliklerin ilk g\u00fcn\u00fcnde Cumhuriyet &hellip; <a href=\"https:\/\/akdenizolaygazetesi.com\/?p=12402\" class=\"more-link\">Devam\u0131n\u0131 Oku&#8230;<\/a><\/p>\n","protected":false},"author":2,"featured_media":12404,"comment_status":"open","ping_status":"open","sticky":false,"template":"","format":"standard","meta":[],"categories":[1,2,3,5],"tags":[],"_links":{"self":[{"href":"https:\/\/akdenizolaygazetesi.com\/index.php?rest_route=\/wp\/v2\/posts\/12402"}],"collection":[{"href":"https:\/\/akdenizolaygazetesi.com\/index.php?rest_route=\/wp\/v2\/posts"}],"about":[{"href":"https:\/\/akdenizolaygazetesi.com\/index.php?rest_route=\/wp\/v2\/types\/post"}],"author":[{"embeddable":true,"href":"https:\/\/akdenizolaygazetesi.com\/index.php?rest_route=\/wp\/v2\/users\/2"}],"replies":[{"embeddable":true,"href":"https:\/\/akdenizolaygazetesi.com\/index.php?rest_route=%2Fwp%2Fv2%2Fcomments&post=12402"}],"version-history":[{"count":1,"href":"https:\/\/akdenizolaygazetesi.com\/index.php?rest_route=\/wp\/v2\/posts\/12402\/revisions"}],"predecessor-version":[{"id":12403,"href":"https:\/\/akdenizolaygazetesi.com\/index.php?rest_route=\/wp\/v2\/posts\/12402\/revisions\/12403"}],"wp:featuredmedia":[{"embeddable":true,"href":"https:\/\/akdenizolaygazetesi.com\/index.php?rest_route=\/wp\/v2\/media\/12404"}],"wp:attachment":[{"href":"https:\/\/akdenizolaygazetesi.com\/index.php?rest_route=%2Fwp%2Fv2%2Fmedia&parent=12402"}],"wp:term":[{"taxonomy":"category","embeddable":true,"href":"https:\/\/akdenizolaygazetesi.com\/index.php?rest_route=%2Fwp%2Fv2%2Fcategories&post=12402"},{"taxonomy":"post_tag","embeddable":true,"href":"https:\/\/akdenizolaygazetesi.com\/index.php?rest_route=%2Fwp%2Fv2%2Ftags&post=12402"}],"curies":[{"name":"wp","href":"https:\/\/api.w.org\/{rel}","templated":true}]}}