{"id":12413,"date":"2021-05-19T11:58:05","date_gmt":"2021-05-19T08:58:05","guid":{"rendered":"http:\/\/akdenizolaygazetesi.com\/?p=12413"},"modified":"2021-05-19T11:59:04","modified_gmt":"2021-05-19T08:59:04","slug":"toroslar-meclisinde-yuzlerce-sivilin-olumune-neden-olan-saldirilar-kinandi","status":"publish","type":"post","link":"https:\/\/akdenizolaygazetesi.com\/?p=12413","title":{"rendered":"Toroslar Meclisi&#8217;nde y\u00fczlerce sivilin \u00f6l\u00fcm\u00fcne neden olan sald\u0131r\u0131lar k\u0131nand\u0131"},"content":{"rendered":"<p>Toroslar Belediye Meclisi May\u0131s Ay\u0131 Toplant\u0131s\u0131&#8217;nda, Toroslar Belediye Ba\u015fkan\u0131 Ats\u0131z Af\u015f\u0131n Y\u0131lmaz ve belediye meclis \u00fcyeleri, \u0130srail&#8217;in Filistin topraklar\u0131nda d\u00fczenledi\u011fi ve y\u00fczlerce sivilin \u00f6l\u00fcm\u00fcne neden olan sald\u0131r\u0131lar\u0131 k\u0131nad\u0131.<\/p>\n<p>Ba\u015fkan Y\u0131lmaz, T\u00fcrkiye B\u00fcy\u00fck Millet Meclisi&#8217;nde siyasi parti gruplar\u0131n\u0131n ortak bildiri yay\u0131mlayarak \u0130srail&#8217;in Mescid-i Aksa&#8217;ya y\u00f6nelik sald\u0131r\u0131y\u0131 k\u0131nad\u0131klar\u0131 mutabakat\u0131n ayn\u0131s\u0131n\u0131n Toroslar Belediye Meclisi&#8217;nde de sa\u011flanm\u0131\u015f olmas\u0131n\u0131n \u00f6nemli oldu\u011funu vurgulad\u0131.<\/p>\n<p>Toroslar Belediye Meclisi May\u0131s Ay\u0131 Toplant\u0131s\u0131, Belediye Ba\u015fkan\u0131 Ats\u0131z Af\u015f\u0131n Y\u0131lmaz Ba\u015fkanl\u0131\u011f\u0131nda ger\u00e7ekle\u015ftirildi.<\/p>\n<p>Toroslar Belediye Ba\u015fkan\u0131 Ats\u0131z Af\u015f\u0131n  Y\u0131lmaz, sayg\u0131 duru\u015fu ve \u0130stiklal Mar\u015f\u0131&#8217;n\u0131n okunmas\u0131n\u0131n ard\u0131ndan ba\u015flayan ve g\u00fcndemde yer alan maddelerin g\u00f6r\u00fc\u015f\u00fclerek karara ba\u011fland\u0131\u011f\u0131 toplant\u0131 \u00f6ncesi bir konu\u015fma yapt\u0131.<\/p>\n<p>Ba\u015fkan Y\u0131lmaz, \u0130srail&#8217;in b\u00fct\u00fcn d\u00fcnyan\u0131n g\u00f6z\u00fc \u00f6n\u00fcnde Filistin halk\u0131na ve Gazze&#8217;ye y\u00f6nelik s\u00fcrd\u00fcrd\u00fc\u011f\u00fc, hatta \u00e7ocuklar\u0131 hedef ald\u0131\u011f\u0131 zulm\u00fc \u015fiddetle k\u0131nad\u0131klar\u0131n\u0131 belirterek, bu zulm\u00fcn bir an \u00f6nce durdurulmas\u0131 \u00e7a\u011fr\u0131s\u0131nda bulundu.<\/p>\n<p>Belediye meclis \u00fcyeleri de toplumsal mutabakat sa\u011flanmas\u0131 noktas\u0131nda bir bildiri okuyarak \u0130srail&#8217;in Filistin&#8217;e y\u00f6nelik hain sald\u0131r\u0131s\u0131n\u0131 k\u0131nad\u0131.<\/p>\n<p>Toroslar Belediye Ba\u015fkan\u0131 Ats\u0131z Af\u015f\u0131n Y\u0131lmaz; &#8220;T\u00fcrkiye B\u00fcy\u00fck Millet Meclisimizde de bu konuyla ilgili bir mutabakat sa\u011fland\u0131 ve t\u00fcm parti gruplar\u0131 taraf\u0131ndan bir metin imzaland\u0131. Toroslar Belediye Meclisimizde de ayn\u0131 mutabakat\u0131n sa\u011flanm\u0131\u015f olmas\u0131 bizim i\u00e7in, Toroslar\u0131m\u0131z ve \u00fclkemiz i\u00e7in \u00e7ok k\u0131ymetli. Millet olarak ortak mutabakat sa\u011flad\u0131\u011f\u0131m\u0131z konular\u0131 art\u0131rabilirsek ve gelece\u011fimize ili\u015fkin konularda da bunu yapabilirsek eminim ki \u00f6n\u00fcm\u00fczde duracak hi\u00e7bir g\u00fc\u00e7 olmayacakt\u0131r&#8221; \u015feklinde konu\u015ftu.<\/p>\n<p>Temenni ve \u00f6neriler b\u00f6l\u00fcm\u00fc ile son bulan meclis toplant\u0131s\u0131nda Haziran ay\u0131nda yap\u0131lacak olan toplant\u0131 g\u00fcn\u00fc 1 Haziran Sal\u0131 g\u00fcn\u00fc saat 14.00 olarak belirlendi.<\/p>\n<p>Toroslar Belediye Meclisi, May\u0131s Ay\u0131 meclis toplant\u0131s\u0131n\u0131n ikinci oturumunu yapmak  \u00fczere 21 May\u0131s Cuma g\u00fcn\u00fc saat 14.00&#8217;de yeniden toplanacak.<\/p>\n","protected":false},"excerpt":{"rendered":"<p>Toroslar Belediye Meclisi May\u0131s Ay\u0131 Toplant\u0131s\u0131&#8217;nda, Toroslar Belediye Ba\u015fkan\u0131 Ats\u0131z Af\u015f\u0131n Y\u0131lmaz ve belediye meclis \u00fcyeleri, \u0130srail&#8217;in Filistin topraklar\u0131nda d\u00fczenledi\u011fi ve y\u00fczlerce sivilin \u00f6l\u00fcm\u00fcne neden olan sald\u0131r\u0131lar\u0131 k\u0131nad\u0131. Ba\u015fkan Y\u0131lmaz, &hellip; <a href=\"https:\/\/akdenizolaygazetesi.com\/?p=12413\" class=\"more-link\">Devam\u0131n\u0131 Oku&#8230;<\/a><\/p>\n","protected":false},"author":2,"featured_media":12415,"comment_status":"open","ping_status":"open","sticky":false,"template":"","format":"standard","meta":[],"categories":[1,2,3],"tags":[],"_links":{"self":[{"href":"https:\/\/akdenizolaygazetesi.com\/index.php?rest_route=\/wp\/v2\/posts\/12413"}],"collection":[{"href":"https:\/\/akdenizolaygazetesi.com\/index.php?rest_route=\/wp\/v2\/posts"}],"about":[{"href":"https:\/\/akdenizolaygazetesi.com\/index.php?rest_route=\/wp\/v2\/types\/post"}],"author":[{"embeddable":true,"href":"https:\/\/akdenizolaygazetesi.com\/index.php?rest_route=\/wp\/v2\/users\/2"}],"replies":[{"embeddable":true,"href":"https:\/\/akdenizolaygazetesi.com\/index.php?rest_route=%2Fwp%2Fv2%2Fcomments&post=12413"}],"version-history":[{"count":2,"href":"https:\/\/akdenizolaygazetesi.com\/index.php?rest_route=\/wp\/v2\/posts\/12413\/revisions"}],"predecessor-version":[{"id":12416,"href":"https:\/\/akdenizolaygazetesi.com\/index.php?rest_route=\/wp\/v2\/posts\/12413\/revisions\/12416"}],"wp:featuredmedia":[{"embeddable":true,"href":"https:\/\/akdenizolaygazetesi.com\/index.php?rest_route=\/wp\/v2\/media\/12415"}],"wp:attachment":[{"href":"https:\/\/akdenizolaygazetesi.com\/index.php?rest_route=%2Fwp%2Fv2%2Fmedia&parent=12413"}],"wp:term":[{"taxonomy":"category","embeddable":true,"href":"https:\/\/akdenizolaygazetesi.com\/index.php?rest_route=%2Fwp%2Fv2%2Fcategories&post=12413"},{"taxonomy":"post_tag","embeddable":true,"href":"https:\/\/akdenizolaygazetesi.com\/index.php?rest_route=%2Fwp%2Fv2%2Ftags&post=12413"}],"curies":[{"name":"wp","href":"https:\/\/api.w.org\/{rel}","templated":true}]}}