{"id":1242,"date":"2020-11-04T18:21:49","date_gmt":"2020-11-04T15:21:49","guid":{"rendered":"http:\/\/mersinekonomipolitikagazetesi.com\/?p=1242"},"modified":"2020-11-04T18:21:49","modified_gmt":"2020-11-04T15:21:49","slug":"daire-baskani-sahin-kalinti-uluslararasi-sahada-rakibi-elemek-icin-savas-sekline-donustu","status":"publish","type":"post","link":"https:\/\/akdenizolaygazetesi.com\/?p=1242","title":{"rendered":"Daire Ba\u015fkan\u0131 \u015eahin: \u201cKal\u0131nt\u0131, uluslararas\u0131 sahada rakibi elemek i\u00e7in sava\u015f \u015fekline d\u00f6n\u00fc\u015ft\u00fc\u201d"},"content":{"rendered":"<p>G\u0131da, Tar\u0131m ve Hayvanc\u0131l\u0131k Bakanl\u0131\u011f\u0131, G\u0131da ve Kontrol Genel M\u00fcd\u00fcrl\u00fc\u011f\u00fc Bitki Sa\u011fl\u0131\u011f\u0131 ve Karantina Daire Ba\u015fkan\u0131 Murat \u015eahin, herkesin \u00fczerine d\u00fc\u015fen g\u00f6revi hakk\u0131n\u0131 vererek yapmas\u0131 halinde kal\u0131nt\u0131 sorunu ya\u015fanmas\u0131n\u0131n m\u00fcmk\u00fcn olmayaca\u011f\u0131n\u0131 belirterek, \u201cKal\u0131nt\u0131, uluslararas\u0131 sahada rakibi elemek i\u00e7in sava\u015f \u015fekline d\u00f6n\u00fc\u015ft\u00fc\u201d dedi.<\/p>\n<p><span style=\"color: rgb(0, 0, 0); font-family: Tahoma, Arial, 'Times New Roman TUR', Verdana; font-size: 15px; line-height: normal;\">Mersin Ticaret ve Sanayi Odas\u0131 (MTSO) AB Bilgi Merkezi taraf\u0131ndan &#8220;Avrupa Birli\u011fi&#8217;nde G\u0131da G\u00fcvenli\u011fi ve \u0130zlenebilirlik&#8221; konulu konferans d\u00fczenlendi. Zirai tar\u0131m ila\u00e7lar\u0131n\u0131n yanl\u0131\u015f kullan\u0131m\u0131 sonucu olu\u015fan kal\u0131nt\u0131n\u0131n insan sa\u011fl\u0131\u011f\u0131na ve ihracata etkilerinin masaya yat\u0131r\u0131ld\u0131\u011f\u0131 konferans, MTSO\u2019da yap\u0131ld\u0131. G\u0131da, Tar\u0131m ve Hayvanc\u0131l\u0131k Bakanl\u0131\u011f\u0131, G\u0131da ve Kontrol Genel M\u00fcd\u00fcrl\u00fc\u011f\u00fc Bitki Sa\u011fl\u0131\u011f\u0131 ve Karantina Daire Ba\u015fkan\u0131 Murat \u015eahin\u2019in de konu\u015fmac\u0131 olarak yer ald\u0131\u011f\u0131 konferansa, akademisyenler, g\u0131da m\u00fchendisleri, ihracat\u00e7\u0131lar ve \u00fcreticiler kat\u0131ld\u0131.<\/span><br style=\"color: rgb(0, 0, 0); font-family: Tahoma, Arial, 'Times New Roman TUR', Verdana; font-size: 15px; line-height: normal;\" \/><br \/>\n<br style=\"color: rgb(0, 0, 0); font-family: Tahoma, Arial, 'Times New Roman TUR', Verdana; font-size: 15px; line-height: normal;\" \/><br \/>\n<span style=\"color: rgb(0, 0, 0); font-family: Tahoma, Arial, 'Times New Roman TUR', Verdana; font-size: 15px; line-height: normal;\">\u00c7ak\u0131r: \u201c\u00dcr\u00fcnleri g\u00f6n\u00fcl rahatl\u0131\u011f\u0131yla ihra\u00e7 edemiyoruz ve t\u00fcketemiyoruz. En \u00f6nemli sebebi tar\u0131m ilac\u0131\u201d<\/span><br style=\"color: rgb(0, 0, 0); font-family: Tahoma, Arial, 'Times New Roman TUR', Verdana; font-size: 15px; line-height: normal;\" \/><br \/>\n<span style=\"color: rgb(0, 0, 0); font-family: Tahoma, Arial, 'Times New Roman TUR', Verdana; font-size: 15px; line-height: normal;\">Konferans\u0131n a\u00e7\u0131l\u0131\u015f konu\u015fmas\u0131n\u0131 yapan MTSO Y\u00f6netim Kurulu \u00dcyesi Hakan Sefa \u00c7ak\u0131r, kendisinin de bir ihracat\u00e7\u0131 oldu\u011funu belirterek, b\u00f6lge olarak \u00fcretim miktar\u0131 ve \u00e7e\u015fitlilikle T\u00fcrkiye i\u00e7in \u00fcr\u00fcn yeti\u015ftirmekle kalmad\u0131klar\u0131n\u0131, t\u00fcm d\u00fcnyaya ihracat yapt\u0131klar\u0131n\u0131 vurgulad\u0131. \u00c7ak\u0131r, \u201cBu \u00fcr\u00fcnleri, ihracat yaparken de t\u00fcketirken de g\u00f6n\u00fcl rahatl\u0131\u011f\u0131yla ihra\u00e7 edemiyoruz ve t\u00fcketemiyoruz. \u00dclkemizin bu g\u00fcc\u00fcn\u00fc maalesef kullanam\u0131yoruz. Bunun en \u00f6nemli sebebi tar\u0131m ilac\u0131. Do\u011fan\u0131n kendi i\u00e7inde bir d\u00f6ng\u00fcs\u00fc var. Biz daha \u00e7ok \u00fcretim i\u00e7in bu d\u00f6ng\u00fcy\u00fc bozuyoruz. Bunu daha \u00e7ok ila\u00e7 ve daha \u00e7ok g\u00fcbre ile telafi etmeye \u00e7al\u0131\u015f\u0131yoruz. Sonu\u00e7ta ortaya kirlenen topraklar ve yer alt\u0131 sular\u0131, ihra\u00e7 edilemeyen kal\u0131nt\u0131l\u0131 \u00fcr\u00fcn ve en \u00f6nemlisi sa\u011fl\u0131\u011f\u0131 bozulan insan\u0131m\u0131z kal\u0131yor. Bu i\u015fte hepimizin \u00e7ok fazla sorumlulu\u011fu var. Doktorun yazd\u0131\u011f\u0131 re\u00e7ete ile sadece o ilac\u0131 alan hasta etkileniyor ama ziraat m\u00fchendisinin yazd\u0131\u011f\u0131 ve \u00fcreticinin att\u0131\u011f\u0131 o ila\u00e7la y\u00fczlerce ki\u015fi etkilenebiliyor. Bunun vebali \u00e7ok b\u00fcy\u00fck\u201d diye konu\u015ftu.<\/span><br style=\"color: rgb(0, 0, 0); font-family: Tahoma, Arial, 'Times New Roman TUR', Verdana; font-size: 15px; line-height: normal;\" \/><br \/>\n<span style=\"color: rgb(0, 0, 0); font-family: Tahoma, Arial, 'Times New Roman TUR', Verdana; font-size: 15px; line-height: normal;\">Kal\u0131nt\u0131 nedeniyle bir\u00e7ok ihracat\u00e7\u0131n\u0131n da ma\u011fduriyeti oldu\u011funa i\u015faret eden \u00c7ak\u0131r, \u201c\u00d6rne\u011fin, yurt d\u0131\u015f\u0131ndaki b\u00fcy\u00fck marketler bizden bir t\u0131r kiraz istiyorlar. Biz buna s\u00f6zle\u015fme yapam\u0131yoruz, \u00e7\u00fcnk\u00fc 1 t\u0131r kiraz\u0131 20 \u00fcreticiden al\u0131yoruz. \u0130\u00e7inden bir \u00fcreticinin kiraz\u0131nda kal\u0131nt\u0131 \u00e7\u0131kt\u0131\u011f\u0131 zaman bu kiraz\u0131 imha etmek zorunda kal\u0131yoruz. De\u011feri 100 milyon liradan fazla. Bu da bizim ihracattaki g\u00fcc\u00fcm\u00fcz\u00fc d\u00fc\u015f\u00fcr\u00fcyor. \u00dcreticilerin \u00e7ok emek vererek yeti\u015ftirdi\u011fi \u00fcr\u00fcnlerin kar\u015f\u0131l\u0131\u011f\u0131n\u0131n geri d\u00f6nmesi gerekiyor. Art\u0131k sava\u015flar\u0131 topla t\u00fcfekle de\u011fil, kal\u0131nt\u0131lar nedeniyle \u00fcr\u00fcnlerini sana satt\u0131rmayarak yap\u0131yorlar. Kal\u0131nt\u0131 kontrol\u00fc kolay de\u011fil, bunu \u00e7ok iyi biliyoruz. Onun i\u00e7in biz de elimizi ta\u015f\u0131n alt\u0131na koyuyoruz. Yap\u0131lmas\u0131 gerekenler konusunda hem Bakanl\u0131\u011f\u0131m\u0131z\u0131n hem \u00fcreticimizin her zaman yan\u0131nda olduk, olmaya da devam edece\u011fiz\u201d ifadelerini kulland\u0131.<\/span><br style=\"color: rgb(0, 0, 0); font-family: Tahoma, Arial, 'Times New Roman TUR', Verdana; font-size: 15px; line-height: normal;\" \/><br \/>\n<span style=\"color: rgb(0, 0, 0); font-family: Tahoma, Arial, 'Times New Roman TUR', Verdana; font-size: 15px; line-height: normal;\">Bakanl\u0131ktan beklentilerini de dile getiren \u00c7ak\u0131r, \u015fu anda y\u00fcr\u00fcrl\u00fckte olan ama istendi\u011fi gibi \u00e7al\u0131\u015fmayan, re\u00e7eteyi yazan ile ilac\u0131 satan\u0131n ayn\u0131 oldu\u011fu re\u00e7eteli ila\u00e7 sisteminin de\u011fi\u015ftirilmesini istedi. Bu sistemde yanl\u0131\u015f ve fazla ila\u00e7 kullan\u0131ld\u0131\u011f\u0131n\u0131 d\u00fc\u015f\u00fcnd\u00fcklerini vurgulayan \u00c7ak\u0131r, \u201cAyr\u0131ca, b\u00f6lgemizde \u00fcretimi \u00e7ok olan ve \u00e7ok ilaca maruz kalan sert \u00e7ekirdekli meyvelerin de biyoteknik m\u00fccadele te\u015fvik sistemine al\u0131nmas\u0131n\u0131 talep ediyoruz. Hedefimiz, bu g\u00fczelim topraklar\u0131m\u0131z\u0131 gereksiz ila\u00e7 ve g\u00fcbreyle \u00e7orakla\u015ft\u0131rmadan sa\u011fl\u0131kl\u0131, bereketli \u00fcr\u00fcnler yeti\u015ftirmek ve ihra\u00e7 etmektir\u201d \u015feklinde konu\u015ftu.<\/span><br style=\"color: rgb(0, 0, 0); font-family: Tahoma, Arial, 'Times New Roman TUR', Verdana; font-size: 15px; line-height: normal;\" \/><br \/>\n<br style=\"color: rgb(0, 0, 0); font-family: Tahoma, Arial, 'Times New Roman TUR', Verdana; font-size: 15px; line-height: normal;\" \/><br \/>\n<span style=\"color: rgb(0, 0, 0); font-family: Tahoma, Arial, 'Times New Roman TUR', Verdana; font-size: 15px; line-height: normal;\">\u015eahin: \u201cKal\u0131nt\u0131, uluslararas\u0131 sahada sava\u015f \u015fekline d\u00f6n\u00fc\u015ft\u00fc\u201d<\/span><br style=\"color: rgb(0, 0, 0); font-family: Tahoma, Arial, 'Times New Roman TUR', Verdana; font-size: 15px; line-height: normal;\" \/><br \/>\n<span style=\"color: rgb(0, 0, 0); font-family: Tahoma, Arial, 'Times New Roman TUR', Verdana; font-size: 15px; line-height: normal;\">Daha sonra k\u00fcrs\u00fcye \u00e7\u0131kan Bitki Sa\u011fl\u0131\u011f\u0131 ve Karantina Daire Ba\u015fkan\u0131 \u015eahin ise &#8220;T\u00fcrkiye&#8217;de Tar\u0131msal \u00dcretimde Zirai Kal\u0131nt\u0131 ile M\u00fccadele ve \u0130hracata Etkileri&#8221; ba\u015fl\u0131\u011f\u0131 alt\u0131nda, zirai kal\u0131nt\u0131 sorununun \u00f6n\u00fcne ge\u00e7ilmesi i\u00e7in Bakanl\u0131\u011f\u0131n yapt\u0131\u011f\u0131 \u00e7al\u0131\u015fmalar ile \u00fcretici ve al\u0131c\u0131n\u0131n yapmas\u0131 gerekenleri anlatt\u0131. \u015eahin, herkesin \u00fczerine d\u00fc\u015fen g\u00f6revi hakk\u0131n\u0131 vererek yapmas\u0131 halinde kal\u0131nt\u0131 sorunu ya\u015fanmas\u0131n\u0131n m\u00fcmk\u00fcn olmad\u0131\u011f\u0131n\u0131 dile getirdi.<\/span><br style=\"color: rgb(0, 0, 0); font-family: Tahoma, Arial, 'Times New Roman TUR', Verdana; font-size: 15px; line-height: normal;\" \/><br \/>\n<span style=\"color: rgb(0, 0, 0); font-family: Tahoma, Arial, 'Times New Roman TUR', Verdana; font-size: 15px; line-height: normal;\">G\u0131da ve Kontrol Genel M\u00fcd\u00fcrl\u00fc\u011f\u00fc olarak bu alanda \u00e7ok yo\u011fun \u00e7al\u0131\u015fmalar\u0131 oldu\u011funu belirten \u015eahin, k\u00f6yl\u00fclerin zirai ila\u00e7 i\u00e7in \u2018zehir atmaya gidiyoruz\u2019 dediklerine dikkat \u00e7ekerek, \u015funlar\u0131 s\u00f6yledi:\u00a0<\/span><br style=\"color: rgb(0, 0, 0); font-family: Tahoma, Arial, 'Times New Roman TUR', Verdana; font-size: 15px; line-height: normal;\" \/><br \/>\n<span style=\"color: rgb(0, 0, 0); font-family: Tahoma, Arial, 'Times New Roman TUR', Verdana; font-size: 15px; line-height: normal;\">\u201c\u00d6ncelikle bunun bir zehir oldu\u011funu hepimizin bilmesi laz\u0131m. Ne kadar tehlikeli ve hassas bir i\u015fle u\u011fra\u015ft\u0131\u011f\u0131m\u0131z\u0131n fark\u0131nda olmam\u0131z laz\u0131m. Bu, bug\u00fcn\u00fcn meselesi de\u011fil, uzun y\u0131llard\u0131r tar\u0131m ilac\u0131 kullan\u0131m\u0131, kal\u0131nt\u0131 sorun olarak g\u00f6r\u00fcl\u00fcyor. Ancak, g\u00fcn ge\u00e7tik\u00e7e bu art\u0131k baz\u0131 uluslararas\u0131 sahada sava\u015f \u015fekline d\u00f6n\u00fc\u015ft\u00fc. Sizi, rakibinizi elemek i\u00e7in kullan\u0131lmaya ba\u015fland\u0131. \u0130hracata giden \u00fcr\u00fcn\u00fcm\u00fcz\u00fc \u00f6nemsemiyor anlam\u0131nda de\u011fil, y\u00fczde 5-6\u2019larda. Bizim kendimiz, \u00e7ocu\u011fumuz, ailemiz daha \u00f6nemsiz de\u011fil. Onun i\u00e7in bizim toplam t\u00fcm \u00fcretimimizin sa\u011fl\u0131kl\u0131 olmas\u0131 laz\u0131m. Bunun i\u00e7in de Bakanl\u0131k olarak biz bir\u00e7ok \u00e7al\u0131\u015fma yap\u0131yoruz. Sadece Bakanl\u0131k de\u011fil, t\u00fcm taraflar \u00fczerine d\u00fc\u015feni yaparsa bir yol kat edebiliriz.\u201d<\/span><br style=\"color: rgb(0, 0, 0); font-family: Tahoma, Arial, 'Times New Roman TUR', Verdana; font-size: 15px; line-height: normal;\" \/><br \/>\n<span style=\"color: rgb(0, 0, 0); font-family: Tahoma, Arial, 'Times New Roman TUR', Verdana; font-size: 15px; line-height: normal;\">Bitkisel \u00fcretimde kal\u0131nt\u0131 sebeplerini 5 ba\u015fl\u0131k alt\u0131nda toplayan \u015eahin, bu sebepleri \u015f\u00f6yle s\u0131ralad\u0131:\u00a0<\/span><br style=\"color: rgb(0, 0, 0); font-family: Tahoma, Arial, 'Times New Roman TUR', Verdana; font-size: 15px; line-height: normal;\" \/><br \/>\n<span style=\"color: rgb(0, 0, 0); font-family: Tahoma, Arial, 'Times New Roman TUR', Verdana; font-size: 15px; line-height: normal;\">\u201cTavsiye d\u0131\u015f\u0131 ve yasak pestisit kullan\u0131m\u0131. Doz a\u015f\u0131m\u0131. Doz a\u015f\u0131m\u0131, bilgisizlikten \u00e7ok \u2018atarsam daha \u00e7ok sonu\u00e7 al\u0131r\u0131m\u2019 yakla\u015f\u0131m\u0131ndan kaynaklan\u0131yor. Temel sorunlardan biri bu. Ayr\u0131ca, uygun olmayan makine kullan\u0131m\u0131, kalibrasyon ayar\u0131n\u0131n yap\u0131lmamas\u0131 da doz a\u015f\u0131m\u0131na neden oluyor. Di\u011fer sebeplerden biri de ilac\u0131n ilgisiz ki\u015filer taraf\u0131ndan uygulanmas\u0131. Etiket bilgilerine uyulmamas\u0131 ve uygulama ile hasat aras\u0131nda ge\u00e7mesi gereken s\u00fcreye uyulmamas\u0131 da di\u011fer sebepler.\u201d<\/span><br style=\"color: rgb(0, 0, 0); font-family: Tahoma, Arial, 'Times New Roman TUR', Verdana; font-size: 15px; line-height: normal;\" \/><br \/>\n<br style=\"color: rgb(0, 0, 0); font-family: Tahoma, Arial, 'Times New Roman TUR', Verdana; font-size: 15px; line-height: normal;\" \/><br \/>\n<span style=\"color: rgb(0, 0, 0); font-family: Tahoma, Arial, 'Times New Roman TUR', Verdana; font-size: 15px; line-height: normal;\">\u201cDenetimler sonucu, kal\u0131nt\u0131 oran\u0131 2014\u2019te y\u00fczde 17 azald\u0131\u201d<\/span><br style=\"color: rgb(0, 0, 0); font-family: Tahoma, Arial, 'Times New Roman TUR', Verdana; font-size: 15px; line-height: normal;\" \/><br \/>\n<span style=\"color: rgb(0, 0, 0); font-family: Tahoma, Arial, 'Times New Roman TUR', Verdana; font-size: 15px; line-height: normal;\">AB ve G8 \u00fclkelerinde ruhsatl\u0131 olmayan bitki koruma \u00fcr\u00fcnlerinin T\u00fcrkiye\u2019de ruhsatland\u0131r\u0131lmad\u0131\u011f\u0131n\u0131 ifade eden \u015eahin, Bakanl\u0131\u011f\u0131n insan, bitki ve \u00e7evre a\u00e7\u0131s\u0131ndan uygun bulunan \u00fcr\u00fcnleri ruhsatland\u0131rd\u0131\u011f\u0131n\u0131 s\u00f6yledi. \u015eahin, \u201cRuhsatland\u0131rmada d\u00fcnyadaki hassasiyet neyse bizde de ayn\u0131 hassasiyet var. AB \u00fclkelerinde kullan\u0131mdan kalkm\u0131\u015f 181 adet aktif maddeyi i\u00e7eren zirai ila\u00e7 bizde de yasak. Hangi ila\u00e7 ne kadar dozda, hangi hasatl\u0131kta uygulanacak ve bekleme s\u00fcreleri ne kadar, bu \u015fartlara uyulmas\u0131 halinde kal\u0131nt\u0131 olmas\u0131 m\u00fcmk\u00fcn de\u011fil\u201d dedi.<\/span><br style=\"color: rgb(0, 0, 0); font-family: Tahoma, Arial, 'Times New Roman TUR', Verdana; font-size: 15px; line-height: normal;\" \/><br \/>\n<span style=\"color: rgb(0, 0, 0); font-family: Tahoma, Arial, 'Times New Roman TUR', Verdana; font-size: 15px; line-height: normal;\">Mutlaka i\u015fi bilene yapt\u0131rmak gerekti\u011finin alt\u0131n\u0131 \u00e7izen \u015eahin, 2012\u2019den bu yana Bakanl\u0131k olarak hasat \u00f6ncesi pestisit denetimi yapt\u0131klar\u0131n\u0131 kaydederek, bu denetimler sonucunda meyve ve sebzede kal\u0131nt\u0131 oran\u0131n\u0131n 2013\u2019te kal\u0131nt\u0131 y\u00fczde 39, 2014\u2019te y\u00fczde 17\u2019lik azald\u0131\u011f\u0131n\u0131 dile getirdi.<\/span><br style=\"color: rgb(0, 0, 0); font-family: Tahoma, Arial, 'Times New Roman TUR', Verdana; font-size: 15px; line-height: normal;\" \/><br \/>\n<br style=\"color: rgb(0, 0, 0); font-family: Tahoma, Arial, 'Times New Roman TUR', Verdana; font-size: 15px; line-height: normal;\" \/><br \/>\n<span style=\"color: rgb(0, 0, 0); font-family: Tahoma, Arial, 'Times New Roman TUR', Verdana; font-size: 15px; line-height: normal;\">\u201cOnaylanmas\u0131 halinde \u00f6n\u00fcm\u00fczdeki y\u0131l \u015feftalide destekleme verebiliriz\u201d<\/span><br style=\"color: rgb(0, 0, 0); font-family: Tahoma, Arial, 'Times New Roman TUR', Verdana; font-size: 15px; line-height: normal;\" \/><br \/>\n<span style=\"color: rgb(0, 0, 0); font-family: Tahoma, Arial, 'Times New Roman TUR', Verdana; font-size: 15px; line-height: normal;\">MTSO Y\u00f6netim Kurulu \u00dcyesi Hasan Sefa \u00c7ak\u0131r\u2019\u0131n taleplerine de yan\u0131t veren Daire Ba\u015fkan\u0131 \u015eahin, Bakanl\u0131\u011f\u0131n ticareti yapan sat\u0131c\u0131n\u0131n ticari kayg\u0131 ile davranabilece\u011fini g\u00f6z \u00f6n\u00fcnde bulundurarak, \u0131srarla ve \u00e7ok bask\u0131 yap\u0131lm\u0131\u015f olmas\u0131na ra\u011fmen re\u00e7ete yazanla bayide zirai ila\u00e7 satan\u0131 ayr\u0131 tuttu\u011funu belirtti. \u015eahin, \u201c\u0130la\u00e7 sat\u0131c\u0131lar\u0131 re\u00e7ete yazamaz ama uygulamada var oldu\u011fu s\u00f6yleniyor. Bunlarla ilgili denetimler yap\u0131l\u0131yor, zaman zaman b\u00fcy\u00fck cezalar da kesiliyor ama uygulamada varsa g\u00f6zden ge\u00e7irmeliyiz. \u00d6te yandan, sert \u00e7ekirdekli meyvelere destek talebinde ise turun\u00e7gilde veriyoruz, sert \u00e7ekirdeklide vermiyoruz. Bakanl\u0131k\u00e7a ruhsatl\u0131 \u00fcr\u00fcnlere destekleme veriyoruz, yoksa Bakanl\u0131k kendisi ile \u00e7eli\u015fir. \u015eeftalide bu sene yeni ruhsat ald\u0131. Destek b\u00fct\u00e7elerini bir \u00f6nceden belirledi\u011fimiz i\u00e7in bu y\u0131l veremiyoruz ama onaydan ge\u00e7mesi halinde \u00f6n\u00fcm\u00fczdeki y\u0131l \u015feftalide destekleme verebiliriz\u201d diye konu\u015ftu.<\/span><\/p>\n","protected":false},"excerpt":{"rendered":"<p>G\u0131da, Tar\u0131m ve Hayvanc\u0131l\u0131k Bakanl\u0131\u011f\u0131, G\u0131da ve Kontrol Genel M\u00fcd\u00fcrl\u00fc\u011f\u00fc Bitki Sa\u011fl\u0131\u011f\u0131 ve Karantina Daire Ba\u015fkan\u0131 Murat \u015eahin, herkesin \u00fczerine d\u00fc\u015fen g\u00f6revi hakk\u0131n\u0131 vererek yapmas\u0131 halinde kal\u0131nt\u0131 sorunu ya\u015fanmas\u0131n\u0131n m\u00fcmk\u00fcn &hellip; <a href=\"https:\/\/akdenizolaygazetesi.com\/?p=1242\" class=\"more-link\">Devam\u0131n\u0131 Oku&#8230;<\/a><\/p>\n","protected":false},"author":1,"featured_media":0,"comment_status":"open","ping_status":"open","sticky":false,"template":"","format":"standard","meta":[],"categories":[],"tags":[],"_links":{"self":[{"href":"https:\/\/akdenizolaygazetesi.com\/index.php?rest_route=\/wp\/v2\/posts\/1242"}],"collection":[{"href":"https:\/\/akdenizolaygazetesi.com\/index.php?rest_route=\/wp\/v2\/posts"}],"about":[{"href":"https:\/\/akdenizolaygazetesi.com\/index.php?rest_route=\/wp\/v2\/types\/post"}],"author":[{"embeddable":true,"href":"https:\/\/akdenizolaygazetesi.com\/index.php?rest_route=\/wp\/v2\/users\/1"}],"replies":[{"embeddable":true,"href":"https:\/\/akdenizolaygazetesi.com\/index.php?rest_route=%2Fwp%2Fv2%2Fcomments&post=1242"}],"version-history":[{"count":0,"href":"https:\/\/akdenizolaygazetesi.com\/index.php?rest_route=\/wp\/v2\/posts\/1242\/revisions"}],"wp:attachment":[{"href":"https:\/\/akdenizolaygazetesi.com\/index.php?rest_route=%2Fwp%2Fv2%2Fmedia&parent=1242"}],"wp:term":[{"taxonomy":"category","embeddable":true,"href":"https:\/\/akdenizolaygazetesi.com\/index.php?rest_route=%2Fwp%2Fv2%2Fcategories&post=1242"},{"taxonomy":"post_tag","embeddable":true,"href":"https:\/\/akdenizolaygazetesi.com\/index.php?rest_route=%2Fwp%2Fv2%2Ftags&post=1242"}],"curies":[{"name":"wp","href":"https:\/\/api.w.org\/{rel}","templated":true}]}}