{"id":12421,"date":"2021-05-19T12:02:04","date_gmt":"2021-05-19T09:02:04","guid":{"rendered":"http:\/\/akdenizolaygazetesi.com\/?p=12421"},"modified":"2021-05-19T12:02:46","modified_gmt":"2021-05-19T09:02:46","slug":"pedallar-cevrildi-19-mayis-coskusu-kent-merkezine-yayildi","status":"publish","type":"post","link":"https:\/\/akdenizolaygazetesi.com\/?p=12421","title":{"rendered":"PEDALLAR \u00c7EVR\u0130LD\u0130, 19 MAYIS CO\u015eKUSU KENT MERKEZ\u0130NE YAYILDI"},"content":{"rendered":"<p>Mersin B\u00fcy\u00fck\u015fehir Belediyesi, 19 May\u0131s Atat\u00fcrk\u2019\u00fc Anma, Gen\u00e7lik ve Spor Bayram\u0131 co\u015fkusunu \u2018Gen\u00e7lik Bisiklet Turu\u2019 ve \u2018Mersin Skatepark \u015e\u00f6leni\u2019 ile s\u00fcrd\u00fcrd\u00fc. B\u00fcy\u00fck\u015fehir Belediyesi Gen\u00e7lik ve Spor Hizmetleri Dairesi koordinesinde d\u00fczenlenen etkinliklerin 2\u2019nci g\u00fcn\u00fcnde de pandemi tedbirlerine azami \u00f6zen g\u00f6sterildi.<\/p>\n<p>Ba\u015fkan Se\u00e7er, gen\u00e7lerle birlikte pedal \u00e7evirdi<\/p>\n<p>Atat\u00fcrk Park\u0131 3 Ocak Meydan\u0131\u2019nda start verilen \u201819 May\u0131s Gen\u00e7lik Bisiklet Turu\u2019na Mersin B\u00fcy\u00fck\u015fehir Belediye Ba\u015fkan\u0131 Vahap Se\u00e7er, o\u011flu Efe Se\u00e7er ile birlikte kat\u0131larak bisikletlilere e\u015flik etti. \u015eehir turu boyunca bisikletli vatanda\u015flar, dillerinde \u0130zmir Mar\u015f\u0131 ve ellerinde T\u00fcrk bayraklar\u0131 ile bayram co\u015fkusunu t\u00fcm \u015fehre yayd\u0131.<\/p>\n<p>Mersinli vatanda\u015flar, \u2018Gen\u00e7lik Bisiklet Turu\u2019 co\u015fkusuna evlerinin balkonlar\u0131ndan ve sokaklardan alk\u0131\u015flar\u0131 ve \u0131sl\u0131klar\u0131 ile e\u015flik etti. Atat\u00fcrk Park\u0131\u2019nda ba\u015flayan ve \u0130smet \u0130n\u00f6n\u00fc Bulvar\u0131, \u0130stiklal Caddesi, Hastane Caddesi, Zeytinli Bah\u00e7e g\u00fczergah\u0131 boyunca devam eden bisiklet turu, Ta\u015f Bina \u00f6n\u00fcnde sonland\u0131r\u0131ld\u0131. Ba\u015fkan Se\u00e7er, bisiklet turunun ard\u0131ndan K\u00fclt\u00fcr Park\u2019ta ger\u00e7ekle\u015ftirilen \u2018Mersin Skatepark \u015e\u00f6leni\u2019ne kat\u0131ld\u0131. \u015e\u00f6lende gen\u00e7lerin sergiledi\u011fi performans b\u00fcy\u00fck be\u011feni toplad\u0131.<\/p>\n<p>\u201cPandemi ko\u015fular\u0131 olmasayd\u0131 belki \u00e7ok daha g\u00fczel etkinliklerin alt\u0131na imza atacakt\u0131k\u201d<\/p>\n<p>Ba\u015fkan Se\u00e7er, 19 May\u0131s 1919\u2019un tarihte \u00e7ok \u00f6nemli bir d\u00f6n\u00fcm noktas\u0131 oldu\u011funu belirterek, \u201cHatta bir k\u0131r\u0131lma noktas\u0131. Ba\u011f\u0131ms\u0131z T\u00fcrkiye Cumhuriyeti\u2019nin kilometre ta\u015flar\u0131n\u0131n d\u00f6\u015fenmeye ba\u015flad\u0131\u011f\u0131 bir g\u00fcn. Ulu \u00d6nder Mustafa Kemal Atat\u00fcrk\u2019\u00fcn bu me\u015faleyi yakt\u0131\u011f\u0131 bir g\u00fcn. Bug\u00fcn hem Ulu \u00d6nder Mustafa Kemal Atat\u00fcrk\u2019\u00fc anaca\u011f\u0131z hem de gelece\u011fimizin g\u00fcvencesi, istikbali, umudumuz, her \u015feyimiz olan gen\u00e7lere ba\u011f\u0131\u015flad\u0131\u011f\u0131 bu g\u00fcn\u00fc kutlayaca\u011f\u0131z. Bug\u00fcn\u00fcn \u00f6nemi b\u00fcy\u00fck. Her a\u00e7\u0131dan \u00f6nemli. Hem ulusal kurtulu\u015f m\u00fccadelesinin ba\u015flamas\u0131, ba\u011f\u0131ms\u0131zl\u0131k yolunda, demokrasi y\u00f6n\u00fcnde, refah toplumu y\u00f6n\u00fcnde, daha \u00e7a\u011fda\u015f ve daha modern bir T\u00fcrkiye\u2019nin in\u015fas\u0131 y\u00f6n\u00fcndeki m\u00fccadelenin ba\u015flad\u0131\u011f\u0131 g\u00fcn. Di\u011fer taraftan da bug\u00fcn de oldu\u011fu gibi yar\u0131nlar\u0131m\u0131z\u0131n g\u00fcvencesi gen\u00e7lerimizi konu\u015faca\u011f\u0131z\u201d dedi.<\/p>\n<p>19 May\u0131s i\u00e7in \u00f6nemli etkinlikler planlad\u0131klar\u0131na de\u011finen Ba\u015fkan Se\u00e7er, \u201cTabii bu etkinlikler pandemi \u015fartlar\u0131nda kurallara uygun bir \u015fekilde yap\u0131lan etkinlikler. Pandemi ko\u015fullar\u0131 olmasayd\u0131 belki \u00e7ok daha g\u00fczel etkinliklerin alt\u0131na imza atacakt\u0131k. \u0130nsanlar\u0131 elbette bir araya getirmek istiyoruz. Gen\u00e7lerimiz, vatanda\u015flar\u0131m\u0131z onlar da bu co\u015fkuyu doyas\u0131ya ya\u015famak istiyor. Ama g\u00fcn\u00fcn ko\u015fullar\u0131 buna m\u00fcsaade etmiyor\u201d diye konu\u015ftu.<\/p>\n<p>\u201c19 May\u0131s\u2019\u0131n gururunu ya\u015f\u0131yoruz\u201d<\/p>\n<p>Gen\u00e7lik Bisiklet Turu\u2019nda kat\u0131lan gen\u00e7lerden Arda Kaplan, etkinli\u011fi gayet iyi buldu\u011funu belirterek, \u201c19 May\u0131s&#8217;\u0131n gururunu ya\u015f\u0131yoruz. Etkinliklerle 19 May\u0131s ruhunu gayet iyi yans\u0131t\u0131yorlar ve burada olmaktan \u00e7ok mutluyum. \u00d6zellikle son zamanlarda Mersin B\u00fcy\u00fck\u015fehir Belediyesi&#8217;nin yapt\u0131\u011f\u0131 yar\u0131\u015fmalarda da bulundum. Mersin B\u00fcy\u00fck\u015fehir Belediyesi, bisiklet olsun ya da sporun ba\u015fka bran\u015flar\u0131nda olsun her \u015feyde \u00e7ok destek veriyor gen\u00e7lere\u201d dedi.<\/p>\n<p>\u201cMersinliler\u2019i bisikletli ya\u015fama davet edece\u011fiz\u201d<\/p>\n<p>19 May\u0131s i\u00e7in d\u00fczenlenen bisiklet turuna Mersin Bisikletli Gezginler Derne\u011fi \u00fcyeleri de kat\u0131ld\u0131. Dernek Ba\u015fkan\u0131 Ahmet Salih \u00d6zenir, \u00e7ok mutlu olduklar\u0131n\u0131 belirterek, \u201cMersin B\u00fcy\u00fck\u015fehir Belediyesi bisikletli ya\u015fam\u0131 \u00f6n plana \u00e7\u0131kart\u0131yor. Bayram kutlamas\u0131 da bunun i\u00e7in bir f\u0131rsat oldu. Birlikte g\u00fczel bir tur yapaca\u011f\u0131z \u015fehir i\u00e7inde. Atat\u00fcrk, hepimizin izlemesi gereken yolu bize g\u00f6sterdi. Mersin B\u00fcy\u00fck\u015fehir Belediyesi o \u0131\u015f\u0131k alt\u0131nda bize g\u00fczel bir organizasyon yapt\u0131. Birlikte sporumuzu yapaca\u011f\u0131z. \u00c7evreci bir \u015fekilde \u015fehrimizin yollar\u0131na gezece\u011fiz ve Mersinliler\u2019i bisikletli ya\u015fama davet edece\u011fiz. Biz Mersin B\u00fcy\u00fck\u015fehir Belediyesi ile beraber Caretta Bisiklet Festivali\u2019ni yap\u0131yoruz. Bu sene in\u015fallah 7&#8217;ncisini d\u00fczenleyece\u011fiz. Ulusal bir festival\u201d diye konu\u015ftu.<\/p>\n<p>B\u00fcy\u00fck\u015fehir Belediyesi\u2019nin spora ve gen\u00e7li\u011fe verdi\u011fi \u00f6neme de de\u011finen \u00d6zenir, \u201cBisiklet yollar\u0131m\u0131z yap\u0131l\u0131yor. Mazgallar\u0131m\u0131z de\u011fi\u015fiyor. Spordan \u00f6nce ben bisiklet y\u00f6n\u00fcnden bak\u0131yorum. Bizim i\u00e7in gayet g\u00fczel \u015feyler yap\u0131l\u0131yor. Sadece bisiklet de\u011fil, bir\u00e7ok bran\u015fta m\u00fccadele ediyor Mersin B\u00fcy\u00fck\u015fehir Belediyesi, te\u015fvik ediyor gen\u00e7leri. Mersin B\u00fcy\u00fck\u015fehir Belediyesi gen\u00e7lerin hem yan\u0131nda hem de \u00f6n\u00fcnde gitmeye \u00e7al\u0131\u015f\u0131yor\u201d ifadelerini kulland\u0131.<\/p>\n<p>\u201cSpor etkinliklerinin \u00e7ok etkin oldu\u011fu bir \u015fehirdeyiz\u201d<\/p>\n<p>Etkinli\u011fe kat\u0131ld\u0131\u011f\u0131 i\u00e7in heyecanl\u0131 oldu\u011funu ifade eden Bur\u00e7in Kudrato\u011flu, \u201cPandemi s\u00fcrecinden sonra burada hep beraber bir bayram kutlamas\u0131 yapaca\u011f\u0131z. Atat\u00fcrk\u2019\u00fcm\u00fcz\u00fcn an\u0131s\u0131na 19 May\u0131s Gen\u00e7lik ve Spor Bayram\u0131\u2019n\u0131 kutlayaca\u011f\u0131z. Mersin\u2019e yak\u0131\u015f\u0131r bir \u015fekilde, yollarda bisikletlerimizle bayraklar\u0131m\u0131z\u0131 sa\u011flayaca\u011f\u0131z. \u00c7ok mutluyuz \u015fu an. Sevgili Vahap Se\u00e7er\u2019in bizlere destekleri \u00e7ok y\u00fcksek. Bu konuda \u00e7ok te\u015fekk\u00fcr ediyoruz. Yol yap\u0131mlar\u0131nda olsun, maddi manevi her \u015fekilde yan\u0131m\u0131zda oldu\u011fu i\u00e7in \u00e7ok mutluyuz. Spor etkinliklerinin \u00e7ok etkin oldu\u011fu bir \u015fehirdeyiz. O y\u00fczden \u00e7ok \u015fansl\u0131y\u0131z Vahap Se\u00e7er ile birlikte oldu\u011fumuz i\u00e7in\u201d dedi.<\/p>\n<p>Ba\u015fkan Se\u00e7er, son olarak Cumhuriyet G\u00f6steri Merkezi\u2019nde ger\u00e7ekle\u015ftirilen spor faaliyetleri, sahne g\u00f6sterileri ile geleneksel oyunlar\u0131n sergilenip, stantlar\u0131n kuruldu\u011fu alan\u0131 ziyaret etti. Ba\u015fkan Se\u00e7er, etkinliklere kat\u0131lan gen\u00e7lerin 19 May\u0131s Atat\u00fcrk&#8217;\u00fc Anma Gen\u00e7lik ve Spor Bayram\u0131\u2019n\u0131 kutlad\u0131.<\/p>\n","protected":false},"excerpt":{"rendered":"<p>Mersin B\u00fcy\u00fck\u015fehir Belediyesi, 19 May\u0131s Atat\u00fcrk\u2019\u00fc Anma, Gen\u00e7lik ve Spor Bayram\u0131 co\u015fkusunu \u2018Gen\u00e7lik Bisiklet Turu\u2019 ve \u2018Mersin Skatepark \u015e\u00f6leni\u2019 ile s\u00fcrd\u00fcrd\u00fc. B\u00fcy\u00fck\u015fehir Belediyesi Gen\u00e7lik ve Spor Hizmetleri Dairesi koordinesinde d\u00fczenlenen &hellip; <a href=\"https:\/\/akdenizolaygazetesi.com\/?p=12421\" class=\"more-link\">Devam\u0131n\u0131 Oku&#8230;<\/a><\/p>\n","protected":false},"author":2,"featured_media":12423,"comment_status":"open","ping_status":"open","sticky":false,"template":"","format":"standard","meta":[],"categories":[1],"tags":[],"_links":{"self":[{"href":"https:\/\/akdenizolaygazetesi.com\/index.php?rest_route=\/wp\/v2\/posts\/12421"}],"collection":[{"href":"https:\/\/akdenizolaygazetesi.com\/index.php?rest_route=\/wp\/v2\/posts"}],"about":[{"href":"https:\/\/akdenizolaygazetesi.com\/index.php?rest_route=\/wp\/v2\/types\/post"}],"author":[{"embeddable":true,"href":"https:\/\/akdenizolaygazetesi.com\/index.php?rest_route=\/wp\/v2\/users\/2"}],"replies":[{"embeddable":true,"href":"https:\/\/akdenizolaygazetesi.com\/index.php?rest_route=%2Fwp%2Fv2%2Fcomments&post=12421"}],"version-history":[{"count":1,"href":"https:\/\/akdenizolaygazetesi.com\/index.php?rest_route=\/wp\/v2\/posts\/12421\/revisions"}],"predecessor-version":[{"id":12422,"href":"https:\/\/akdenizolaygazetesi.com\/index.php?rest_route=\/wp\/v2\/posts\/12421\/revisions\/12422"}],"wp:featuredmedia":[{"embeddable":true,"href":"https:\/\/akdenizolaygazetesi.com\/index.php?rest_route=\/wp\/v2\/media\/12423"}],"wp:attachment":[{"href":"https:\/\/akdenizolaygazetesi.com\/index.php?rest_route=%2Fwp%2Fv2%2Fmedia&parent=12421"}],"wp:term":[{"taxonomy":"category","embeddable":true,"href":"https:\/\/akdenizolaygazetesi.com\/index.php?rest_route=%2Fwp%2Fv2%2Fcategories&post=12421"},{"taxonomy":"post_tag","embeddable":true,"href":"https:\/\/akdenizolaygazetesi.com\/index.php?rest_route=%2Fwp%2Fv2%2Ftags&post=12421"}],"curies":[{"name":"wp","href":"https:\/\/api.w.org\/{rel}","templated":true}]}}