{"id":12428,"date":"2021-05-19T12:06:04","date_gmt":"2021-05-19T09:06:04","guid":{"rendered":"http:\/\/akdenizolaygazetesi.com\/?p=12428"},"modified":"2021-05-19T12:07:22","modified_gmt":"2021-05-19T09:07:22","slug":"gunlugu-1-3-milyon-lira-olan-kiralik-ucaklar-meclis-gundeminde","status":"publish","type":"post","link":"https:\/\/akdenizolaygazetesi.com\/?p=12428","title":{"rendered":"G\u00dcNL\u00dc\u011e\u00dc 1.3 M\u0130LYON L\u0130RA OLAN K\u0130RALIK U\u00c7AKLAR MECL\u0130S G\u00dcNDEM\u0130NDE"},"content":{"rendered":"<p>Orman Bakanl\u0131\u011f\u0131\u2019n\u0131n yang\u0131n s\u00f6nd\u00fcrme u\u00e7a\u011f\u0131 kiralama ihalesinde THK\u2019n\u0131n bak\u0131m\u0131 yap\u0131lm\u0131\u015f u\u00e7u\u015fa haz\u0131r 5 u\u00e7a\u011f\u0131 bu y\u0131l ihaleye sokulmad\u0131. En pahal\u0131 teklifi sunan firmaya ihalenin verildi\u011fi ortaya \u00e7\u0131kt\u0131. T\u00fcrkiye\u2019nin, 3 Rus u\u00e7a\u011f\u0131na g\u00fcnl\u00fck 1.3 milyon lira, 153 g\u00fcn i\u00e7in toplam 203 milyon lira \u00f6deyece\u011finin ortaya \u00e7\u0131kmas\u0131 sonras\u0131nda CHP konuyu Meclis G\u00fcndemine ta\u015f\u0131d\u0131.<\/p>\n<p>CHP Mersin Milletvekili Alpay Antmen, Tar\u0131m ve Orman Bakan\u0131 Bekir Pakdemirli taraf\u0131ndan yan\u0131tlanmas\u0131 istemiyle verdi\u011fi soru \u00f6nergesinde 2021 y\u0131l\u0131 i\u00e7in Tar\u0131m ve Orman Bakanl\u0131\u011f\u0131n\u0131n yang\u0131n s\u00f6nd\u00fcrme u\u00e7a\u011f\u0131 kiralama ihalesi a\u00e7t\u0131\u011f\u0131n\u0131 ve ihalenin en pahal\u0131 teklifi sunan firmaya verildi\u011finin bas\u0131na yans\u0131d\u0131\u011f\u0131n\u0131 belirterek \u201cT\u00fcrkiye\u2019nin 3 Rus u\u00e7a\u011f\u0131na g\u00fcnl\u00fck 1.3 milyon lira, 153 g\u00fcn i\u00e7in toplam 203 milyon lira \u00f6deyece\u011fi ortaya \u00e7\u0131kt\u0131. T\u00fcrk Hava Kurumu ihaleye sokulmad\u0131. Ad\u0131nda T\u00fcrk olan kurum, yerli ve milli olan kurumumuz ihaleye sokulmuyor; ama Ruslar en pahal\u0131 teklifle gelerek ihaleye dahil ediliyor. \u00c7ok daha ucuz ve sa\u011flam olan THK u\u00e7aklar\u0131 yerine neden Rus u\u00e7aklar\u0131 kullan\u0131l\u0131yor. Neden THK u\u00e7aklar\u0131 ihaleye sokulmuyor, neden en pahal\u0131 teklifi getirenlere ihale veriliyor? Birileri bu ihaleden komisyon mu al\u0131yor yoksa? Bunun ad\u0131 a\u00e7\u0131k a\u00e7\u0131k \u00fclkeye yap\u0131lan ihanettir. Bunun hesab\u0131n\u0131 Tar\u0131m Bakan\u0131 derhal vermelidir.\u201d A\u00e7\u0131klamalar\u0131nda bulundu.<\/p>\n<p>Alpay Antmen\u2019in \u00f6nergesinde yer alan sorular \u015fu \u015fekilde;<\/p>\n<p>-2010 \u2013 2021 y\u0131llar\u0131 aras\u0131nda bakanl\u0131\u011f\u0131n\u0131zca y\u0131llara g\u00f6re ayr\u0131 ayr\u0131 belirtilmek \u00fczere ka\u00e7 yang\u0131n s\u00f6nd\u00fcrme u\u00e7a\u011f\u0131 ve helikopteri bulunmaktad\u0131r?<br \/>\n-2010 \u2013 2021 y\u0131llar\u0131 aras\u0131nda bakanl\u0131\u011f\u0131n\u0131zca y\u0131llara g\u00f6re say\u0131lar\u0131 ve ihale bedelleri ayr\u0131 ayr\u0131 belirtilmek \u00fczere ka\u00e7 tane yang\u0131n s\u00f6nd\u00fcrme u\u00e7a\u011f\u0131 ve helikopteri kiralanm\u0131\u015ft\u0131r?<br \/>\n-\u00dclkemizde kullan\u0131labilir durumda ka\u00e7 yang\u0131n s\u00f6nd\u00fcrme u\u00e7a\u011f\u0131 ve helikopteri vard\u0131r?<br \/>\n-Bakanl\u0131\u011f\u0131m\u0131z\u0131n orman yang\u0131nlar\u0131n\u0131 s\u00f6nd\u00fcrmede kullan\u0131lmas\u0131 i\u00e7in yang\u0131n s\u00f6nd\u00fcrme u\u00e7a\u011f\u0131 veya helikopteri alma giri\u015fimi var m\u0131d\u0131r?<br \/>\n-2010-2021 y\u0131llar\u0131 aras\u0131nda \u00e7\u0131kan yang\u0131n say\u0131s\u0131 ka\u00e7t\u0131r? Bu yang\u0131nlarda kaybedilen orman ve a\u011fa\u00e7 say\u0131s\u0131 nedir? Bahsi ge\u00e7en yang\u0131nlar sonras\u0131nda orman arazisi stat\u00fcs\u00fc de\u011fi\u015ftirilen ne kadarl\u0131k arazi bulunmaktad\u0131r? Bunlar hangi illerdedir?<\/p>\n","protected":false},"excerpt":{"rendered":"<p>Orman Bakanl\u0131\u011f\u0131\u2019n\u0131n yang\u0131n s\u00f6nd\u00fcrme u\u00e7a\u011f\u0131 kiralama ihalesinde THK\u2019n\u0131n bak\u0131m\u0131 yap\u0131lm\u0131\u015f u\u00e7u\u015fa haz\u0131r 5 u\u00e7a\u011f\u0131 bu y\u0131l ihaleye sokulmad\u0131. En pahal\u0131 teklifi sunan firmaya ihalenin verildi\u011fi ortaya \u00e7\u0131kt\u0131. T\u00fcrkiye\u2019nin, 3 Rus &hellip; <a href=\"https:\/\/akdenizolaygazetesi.com\/?p=12428\" class=\"more-link\">Devam\u0131n\u0131 Oku&#8230;<\/a><\/p>\n","protected":false},"author":2,"featured_media":12430,"comment_status":"open","ping_status":"open","sticky":false,"template":"","format":"standard","meta":[],"categories":[8,1,2,3,5],"tags":[],"_links":{"self":[{"href":"https:\/\/akdenizolaygazetesi.com\/index.php?rest_route=\/wp\/v2\/posts\/12428"}],"collection":[{"href":"https:\/\/akdenizolaygazetesi.com\/index.php?rest_route=\/wp\/v2\/posts"}],"about":[{"href":"https:\/\/akdenizolaygazetesi.com\/index.php?rest_route=\/wp\/v2\/types\/post"}],"author":[{"embeddable":true,"href":"https:\/\/akdenizolaygazetesi.com\/index.php?rest_route=\/wp\/v2\/users\/2"}],"replies":[{"embeddable":true,"href":"https:\/\/akdenizolaygazetesi.com\/index.php?rest_route=%2Fwp%2Fv2%2Fcomments&post=12428"}],"version-history":[{"count":2,"href":"https:\/\/akdenizolaygazetesi.com\/index.php?rest_route=\/wp\/v2\/posts\/12428\/revisions"}],"predecessor-version":[{"id":12431,"href":"https:\/\/akdenizolaygazetesi.com\/index.php?rest_route=\/wp\/v2\/posts\/12428\/revisions\/12431"}],"wp:featuredmedia":[{"embeddable":true,"href":"https:\/\/akdenizolaygazetesi.com\/index.php?rest_route=\/wp\/v2\/media\/12430"}],"wp:attachment":[{"href":"https:\/\/akdenizolaygazetesi.com\/index.php?rest_route=%2Fwp%2Fv2%2Fmedia&parent=12428"}],"wp:term":[{"taxonomy":"category","embeddable":true,"href":"https:\/\/akdenizolaygazetesi.com\/index.php?rest_route=%2Fwp%2Fv2%2Fcategories&post=12428"},{"taxonomy":"post_tag","embeddable":true,"href":"https:\/\/akdenizolaygazetesi.com\/index.php?rest_route=%2Fwp%2Fv2%2Ftags&post=12428"}],"curies":[{"name":"wp","href":"https:\/\/api.w.org\/{rel}","templated":true}]}}