{"id":1243,"date":"2020-11-04T18:21:49","date_gmt":"2020-11-04T15:21:49","guid":{"rendered":"http:\/\/mersinekonomipolitikagazetesi.com\/?p=1243"},"modified":"2020-11-04T18:21:49","modified_gmt":"2020-11-04T15:21:49","slug":"sarkilarla-siirlerin-dansi-konseri-muzikseverlere-unutulmaz-bir-gece-yasatti","status":"publish","type":"post","link":"https:\/\/akdenizolaygazetesi.com\/?p=1243","title":{"rendered":"&#8220;\u015eark\u0131larla \u015eiirlerin Dans\u0131&#8221; konseri m\u00fczikseverlere unutulmaz bir gece ya\u015fatt\u0131"},"content":{"rendered":"<p>Bu y\u0131l 16.&#8217;s\u0131 d\u00fczenlenen Mersin Uluslararas\u0131 M\u00fczik Festivali kapsam\u0131nda, &#8220;\u015eark\u0131larla \u015eiirlerin Dans\u0131&#8221; konseri verildi.<\/p>\n<p><span style=\"color: rgb(0, 0, 0); font-family: Tahoma, Arial, 'Times New Roman TUR', Verdana; font-size: 15px; line-height: normal;\">Tarsus&#8217;da bulunan St. Paul M\u00fczesi&#8217;nde ger\u00e7ekle\u015ftirilen konserde, caz piyanisti, besteci ve orkestra \u015fefi Prof. Dr. Erol Erdin\u00e7, TRT Ankara Radyosu&#8217;nun \u00f6d\u00fcll\u00fc ses sanat\u00e7\u0131s\u0131 Elif G\u00fcre\u015f\u00e7i, tiyatro ve sinema sanat\u00e7\u0131s\u0131 Cihat \u00dcnal sanatseverlere m\u00fczik ve \u015fiirlerle unutulmaz bir gece ya\u015fatt\u0131lar. Yakla\u015f\u0131k 1,5 saat sahnede kalan sanat\u00e7\u0131lar, konser sonunda uzun s\u00fcre alk\u0131\u015fland\u0131lar.<\/span><\/p>\n","protected":false},"excerpt":{"rendered":"<p>Bu y\u0131l 16.&#8217;s\u0131 d\u00fczenlenen Mersin Uluslararas\u0131 M\u00fczik Festivali kapsam\u0131nda, &#8220;\u015eark\u0131larla \u015eiirlerin Dans\u0131&#8221; konseri verildi. Tarsus&#8217;da bulunan St. Paul M\u00fczesi&#8217;nde ger\u00e7ekle\u015ftirilen konserde, caz piyanisti, besteci ve orkestra \u015fefi Prof. Dr. Erol &hellip; <a href=\"https:\/\/akdenizolaygazetesi.com\/?p=1243\" class=\"more-link\">Devam\u0131n\u0131 Oku&#8230;<\/a><\/p>\n","protected":false},"author":1,"featured_media":0,"comment_status":"open","ping_status":"open","sticky":false,"template":"","format":"standard","meta":[],"categories":[],"tags":[],"_links":{"self":[{"href":"https:\/\/akdenizolaygazetesi.com\/index.php?rest_route=\/wp\/v2\/posts\/1243"}],"collection":[{"href":"https:\/\/akdenizolaygazetesi.com\/index.php?rest_route=\/wp\/v2\/posts"}],"about":[{"href":"https:\/\/akdenizolaygazetesi.com\/index.php?rest_route=\/wp\/v2\/types\/post"}],"author":[{"embeddable":true,"href":"https:\/\/akdenizolaygazetesi.com\/index.php?rest_route=\/wp\/v2\/users\/1"}],"replies":[{"embeddable":true,"href":"https:\/\/akdenizolaygazetesi.com\/index.php?rest_route=%2Fwp%2Fv2%2Fcomments&post=1243"}],"version-history":[{"count":0,"href":"https:\/\/akdenizolaygazetesi.com\/index.php?rest_route=\/wp\/v2\/posts\/1243\/revisions"}],"wp:attachment":[{"href":"https:\/\/akdenizolaygazetesi.com\/index.php?rest_route=%2Fwp%2Fv2%2Fmedia&parent=1243"}],"wp:term":[{"taxonomy":"category","embeddable":true,"href":"https:\/\/akdenizolaygazetesi.com\/index.php?rest_route=%2Fwp%2Fv2%2Fcategories&post=1243"},{"taxonomy":"post_tag","embeddable":true,"href":"https:\/\/akdenizolaygazetesi.com\/index.php?rest_route=%2Fwp%2Fv2%2Ftags&post=1243"}],"curies":[{"name":"wp","href":"https:\/\/api.w.org\/{rel}","templated":true}]}}