{"id":12432,"date":"2021-05-19T16:37:55","date_gmt":"2021-05-19T13:37:55","guid":{"rendered":"http:\/\/akdenizolaygazetesi.com\/?p=12432"},"modified":"2021-05-19T16:38:35","modified_gmt":"2021-05-19T13:38:35","slug":"buyuksehirin-etkinlikleri-ile-19-mayis-ruhu-tum-kente-yayildi","status":"publish","type":"post","link":"https:\/\/akdenizolaygazetesi.com\/?p=12432","title":{"rendered":"B\u00dcY\u00dcK\u015eEH\u0130R\u2019\u0130N ETK\u0130NL\u0130KLER\u0130 \u0130LE 19 MAYIS RUHU T\u00dcM KENTE YAYILDI"},"content":{"rendered":"<p>Ulu \u00d6nder Gazi Mustafa Kemal Atat\u00fcrk\u2019\u00fcn kurtulu\u015f m\u00fccadelesi i\u00e7in Samsun\u2019a \u00e7\u0131kt\u0131\u011f\u0131 ve T\u00fcrkiye\u2019nin kurulu\u015f me\u015falesinin yak\u0131ld\u0131\u011f\u0131 19 May\u0131s\u2019\u0131n 102. y\u0131l co\u015fkusu, Mersin B\u00fcy\u00fck\u015fehir Belediyesi\u2019nin ger\u00e7ekle\u015ftirdi\u011fi etkinliklerle t\u00fcm kente yay\u0131ld\u0131. Sabah saatlerinde ilk olarak Tarsus sokaklar\u0131nda ba\u015flat\u0131lan kutlama konvoyuna Mersin B\u00fcy\u00fck\u015fehir Belediye Ba\u015fkan\u0131 Vahap Se\u00e7er de kat\u0131larak vatanda\u015flar\u0131n co\u015fkusuna ortak oldu. Vatanda\u015flar kendilerini selamlayan Ba\u015fkan Se\u00e7er\u2019e ellerinde bayraklar ve alk\u0131\u015flarla kar\u015f\u0131l\u0131k verdi.<\/p>\n<p>19 May\u0131s\u2019\u0131n ruhu t\u00fcm kentte hissedildi<\/p>\n<p>Mersin B\u00fcy\u00fck\u015fehir Belediyesi\u2019nin 19 May\u0131s Atat\u00fcrk\u2019\u00fc Anma, Gen\u00e7lik ve Spor Bayram\u0131 dolay\u0131s\u0131yla d\u00fczenledi\u011fi etkinlikler ile t\u00fcm kentte bayram co\u015fkusu ya\u015fan\u0131yor. Etkinliklerde pandemi nedeniyle salg\u0131n tedbirlerine azami \u00f6nem g\u00f6steriliyor. Spor etkinlikleri ve g\u00f6sterilerle ba\u015flayan bayram kutlamalar\u0131na 19 May\u0131s sabah\u0131 Tarsus\u2019tan ara\u00e7 konvoyu olarak ba\u015flat\u0131lan \u015fehir turu ile devam edildi. \u00dcst\u00fc a\u00e7\u0131k otob\u00fcslerle d\u00fczenlenen \u015fehir turuna Ba\u015fkan Vahap Se\u00e7er\u2019in yan\u0131 s\u0131ra Tarsus Belediye Ba\u015fkan\u0131 Haluk Bozdo\u011fan, CHP Mersin \u0130l Ba\u015fkan\u0131 Adil Aktay, CHP Tarsus \u0130l\u00e7e Ba\u015fkan\u0131 Ozan Varal ve Meclis \u00fcyeleri kat\u0131ld\u0131. Vatanda\u015flar\u0131n evlerinden ve i\u015f yerlerinden ellerinde bayraklar ve alk\u0131\u015flarla e\u015flik etti\u011fi \u015fehir turunda Ba\u015fkan Se\u00e7er, 19 May\u0131s co\u015fkusuna ortak olarak vatanda\u015flar\u0131 selamlad\u0131.<\/p>\n<p>\u201cT\u00fcm yurtta\u015flar\u0131m\u0131z\u0131n bayram\u0131n\u0131 kutluyorum\u201d<\/p>\n<p>Ba\u015fkan Se\u00e7er, bu y\u0131l 19 May\u0131s\u2019\u0131n pandemi g\u00f6lgesinde kutland\u0131\u011f\u0131n\u0131 ifade ederek, \u015f\u00f6yle devam etti:<\/p>\n<p>\u201cPandemi dolay\u0131s\u0131yla k\u0131s\u0131tl\u0131 kutlanan bir bayram. \u0130nsanlar\u0131 bir araya getiremiyoruz, etkinlikler yapam\u0131yoruz ama en az\u0131ndan bu zor g\u00fcnlerde biz onlara gidelim, mahallelerde gezelim, evlerinin \u00f6n\u00fcnden ge\u00e7elim, i\u015f yerlerinin \u00f6n\u00fcnden ge\u00e7elim, onlara bir mutluluk ya\u015fatal\u0131m istedim. Arkada\u015flar\u0131m\u0131zla beraber g\u00fczel bir ortam haz\u0131rlad\u0131k. Kendilerine te\u015fekk\u00fcr ediyoruz. Bug\u00fcn hep bir araday\u0131z bir aile olarak. \u00dclkemiz i\u00e7in \u00e7ok \u00f6nemli bir bayram. Ulusal kurtulu\u015f m\u00fccadelesinin ba\u015flad\u0131\u011f\u0131 bir g\u00fcn. Asl\u0131nda laik, ba\u011f\u0131ms\u0131z Cumhuriyet\u2019in kilometre ta\u015flar\u0131n\u0131n d\u00f6\u015fenmeye ba\u015flad\u0131\u011f\u0131 bir g\u00fcn. Milli m\u00fccadelenin ba\u015flad\u0131\u011f\u0131 bir g\u00fcn. Ulu \u00d6nder Mustafa Kemal Atat\u00fcrk\u2019\u00fcn ba\u011f\u0131ms\u0131zl\u0131k ate\u015fini yakt\u0131\u011f\u0131 bir g\u00fcn. Bu vesileyle t\u00fcm yurtta\u015flar\u0131m\u0131z\u0131n bayram\u0131n\u0131 kutluyorum. Herkese daha g\u00fczel, daha m\u00fcreffeh, daha \u00e7a\u011fda\u015f bir T\u00fcrkiye\u2019de ya\u015fama dileklerimi iletiyorum. \u00d6ncelikli olarak bu pandemiden t\u00fcm d\u00fcnyan\u0131n kurtulmas\u0131n\u0131 diliyorum. Ne diyelim, her \u015fey g\u00fczel oluyor! Her \u015fey \u00e7ok daha g\u00fczel olacak!\u201d<\/p>\n<p>\u201cHalk\u0131n co\u015fkusu ger\u00e7ekten bizi \u00e7ok mutlu ediyor\u201d<\/p>\n<p>Tarsus Belediye Ba\u015fkan\u0131 Haluk Bozdo\u011fan, 19 May\u0131s\u2019\u0131n kurtulu\u015f m\u00fccadelesinin ilk g\u00fcn\u00fc oldu\u011funu vurgulayarak, \u201cHalk\u0131n co\u015fkusunu g\u00f6r\u00fcyorsunuz. Bu \u015fartlar alt\u0131nda bile, pandemi \u015fartlar\u0131nda insanlar\u0131n bu kadar kat\u0131l\u0131mc\u0131, co\u015fkulu olmalar\u0131 ger\u00e7ekten bizleri \u00e7ok mutlu ediyor. As\u0131l \u00f6nemli olan t\u00fcm halk\u0131m\u0131z\u0131n bu gibi bayramlarda \u00e7ok ciddi ama olaya \u00e7ok fazla vak\u0131f olmas\u0131, sahiplenmesi ger\u00e7ekten gurur verici\u201d dedi.<\/p>\n<p>\u201cBiz gen\u00e7lere \u00e7ok \u015fey bor\u00e7luyuz\u201d<\/p>\n<p>B\u00fcy\u00fck\u015fehir Belediyesi\u2019nin d\u00fczenledi\u011fi \u015fehir turu konvoyuna kat\u0131lan CHP Mersin \u0130l Ba\u015fkan\u0131 Adil Aktay, \u201cMustafa Kemal Atat\u00fcrk bu yola \u00e7\u0131kt\u0131\u011f\u0131nda 38 ya\u015f\u0131nda gen\u00e7 bir komutan, gen\u00e7 bir liderdi. Anadolu, Anadolu\u2019nun insanlar\u0131 \u2018milletin ba\u011f\u0131ms\u0131zl\u0131\u011f\u0131n\u0131 milletin kararl\u0131l\u0131\u011f\u0131 kurtaracakt\u0131r\u2019 diye yola \u00e7\u0131kt\u0131\u011f\u0131nda en \u00f6nde gen\u00e7lerimiz vard\u0131. Biz gen\u00e7lerimize \u00e7ok \u015fey bor\u00e7luyuz, bu \u00fclke gen\u00e7lere \u00e7ok \u015fey bor\u00e7lu. Ben 19 May\u0131s Atat\u00fcrk\u2019\u00fc Anma ve Gen\u00e7lik ve Spor Bayram\u0131 dolay\u0131s\u0131yla \u00f6ncelikle gen\u00e7lerimizin ve t\u00fcm ulusumuzun bayram\u0131 kutluyorum\u201d diye konu\u015ftu.<\/p>\n","protected":false},"excerpt":{"rendered":"<p>Ulu \u00d6nder Gazi Mustafa Kemal Atat\u00fcrk\u2019\u00fcn kurtulu\u015f m\u00fccadelesi i\u00e7in Samsun\u2019a \u00e7\u0131kt\u0131\u011f\u0131 ve T\u00fcrkiye\u2019nin kurulu\u015f me\u015falesinin yak\u0131ld\u0131\u011f\u0131 19 May\u0131s\u2019\u0131n 102. y\u0131l co\u015fkusu, Mersin B\u00fcy\u00fck\u015fehir Belediyesi\u2019nin ger\u00e7ekle\u015ftirdi\u011fi etkinliklerle t\u00fcm kente yay\u0131ld\u0131. Sabah &hellip; <a href=\"https:\/\/akdenizolaygazetesi.com\/?p=12432\" class=\"more-link\">Devam\u0131n\u0131 Oku&#8230;<\/a><\/p>\n","protected":false},"author":2,"featured_media":12434,"comment_status":"open","ping_status":"open","sticky":false,"template":"","format":"standard","meta":[],"categories":[1,3,5],"tags":[],"_links":{"self":[{"href":"https:\/\/akdenizolaygazetesi.com\/index.php?rest_route=\/wp\/v2\/posts\/12432"}],"collection":[{"href":"https:\/\/akdenizolaygazetesi.com\/index.php?rest_route=\/wp\/v2\/posts"}],"about":[{"href":"https:\/\/akdenizolaygazetesi.com\/index.php?rest_route=\/wp\/v2\/types\/post"}],"author":[{"embeddable":true,"href":"https:\/\/akdenizolaygazetesi.com\/index.php?rest_route=\/wp\/v2\/users\/2"}],"replies":[{"embeddable":true,"href":"https:\/\/akdenizolaygazetesi.com\/index.php?rest_route=%2Fwp%2Fv2%2Fcomments&post=12432"}],"version-history":[{"count":1,"href":"https:\/\/akdenizolaygazetesi.com\/index.php?rest_route=\/wp\/v2\/posts\/12432\/revisions"}],"predecessor-version":[{"id":12433,"href":"https:\/\/akdenizolaygazetesi.com\/index.php?rest_route=\/wp\/v2\/posts\/12432\/revisions\/12433"}],"wp:featuredmedia":[{"embeddable":true,"href":"https:\/\/akdenizolaygazetesi.com\/index.php?rest_route=\/wp\/v2\/media\/12434"}],"wp:attachment":[{"href":"https:\/\/akdenizolaygazetesi.com\/index.php?rest_route=%2Fwp%2Fv2%2Fmedia&parent=12432"}],"wp:term":[{"taxonomy":"category","embeddable":true,"href":"https:\/\/akdenizolaygazetesi.com\/index.php?rest_route=%2Fwp%2Fv2%2Fcategories&post=12432"},{"taxonomy":"post_tag","embeddable":true,"href":"https:\/\/akdenizolaygazetesi.com\/index.php?rest_route=%2Fwp%2Fv2%2Ftags&post=12432"}],"curies":[{"name":"wp","href":"https:\/\/api.w.org\/{rel}","templated":true}]}}