{"id":12444,"date":"2021-05-20T12:30:04","date_gmt":"2021-05-20T09:30:04","guid":{"rendered":"http:\/\/akdenizolaygazetesi.com\/?p=12444"},"modified":"2021-05-20T12:30:47","modified_gmt":"2021-05-20T09:30:47","slug":"antrenorler-ve-genc-futbolcular-bayram-coskusuyla-sahaya-indi","status":"publish","type":"post","link":"https:\/\/akdenizolaygazetesi.com\/?p=12444","title":{"rendered":"ANTREN\u00d6RLER VE GEN\u00c7 FUTBOLCULAR BAYRAM CO\u015eKUSUYLA SAHAYA \u0130ND\u0130"},"content":{"rendered":"<p>Mersin B\u00fcy\u00fck\u015fehir Belediyesi, 19 May\u0131s Atat\u00fcrk\u2019\u00fc Anma, Gen\u00e7lik ve Spor Bayram\u0131 kutlamalar\u0131 kapsam\u0131nda gen\u00e7 futbolcular ve antren\u00f6rler aras\u0131nda dostluk m\u00fcsabakalar\u0131 d\u00fczenledi. B\u00fcy\u00fck\u015fehir Belediyesi Gen\u00e7lik ve Spor Hizmetleri Dairesi\u2019nin koordinesinde ger\u00e7ekle\u015ftirilen ve Macit \u00d6zcan Spor Tesisleri\u2019nde yap\u0131lan futbol m\u00fcsabakalar\u0131n\u0131n ba\u015flama vuru\u015funu Mersin B\u00fcy\u00fck\u015fehir Belediyesi Genel Sekreter Yard\u0131mc\u0131s\u0131 Hasan G\u00f6kbel yapt\u0131.<\/p>\n<p>19 May\u0131s\u2019a \u00f6zel yap\u0131lmas\u0131 planlanan ve daha \u00f6ncesinde ba\u015fvurular\u0131 al\u0131nan turnuvan\u0131n pandemiden dolay\u0131 iptal edilmesi ile kutlamalar dostluk m\u00fcsabakalar\u0131 \u015feklinde ger\u00e7ekle\u015ftirildi. Yap\u0131lmas\u0131 planlanan turnuvaya kat\u0131l\u0131m g\u00f6steren 19 tak\u0131m\u0131n antren\u00f6rleri ve gen\u00e7 futbolcular\u0131 aras\u0131ndan se\u00e7ilen oyuncular, toplam 3 m\u00fcsabaka \u015feklinde ger\u00e7ekle\u015ftirilen ma\u00e7larda sahaya inerek \u015fenlik havas\u0131nda ge\u00e7en bir oyun sergiledi.<\/p>\n<p>\u201cM\u00fcsabakalar \u015fenlik havas\u0131nda ger\u00e7ekle\u015fti\u201d<\/p>\n<p>B\u00fcy\u00fck\u015fehir Belediyesi Gen\u00e7lik ve Spor Dairesi\u2019nde futbol antren\u00f6r\u00fc olarak g\u00f6rev yapan Turhan Aktarla, \u015fenlik havas\u0131nda ger\u00e7ekle\u015ftirilen dostluk m\u00fcsabakalar\u0131n\u0131 de\u011ferlendirerek, \u201cBiz bu turnuvay\u0131 yapamam\u0131\u015ft\u0131k. Yapmay\u0131 planlad\u0131\u011f\u0131m\u0131z turnuvaya ba\u015fvuruda bulunan 19 kul\u00fcb\u00fcm\u00fcz vard\u0131. 19 May\u0131s olmas\u0131 dolay\u0131s\u0131yla bu kul\u00fcplerimize bir ricada bulunduk. Her kul\u00fcpten 3 oyuncuyu biz burada misafir etmek istedik. Onlar da sa\u011f olsunlar kabul ettiler. Gen\u00e7lerimiz burada m\u00fcsabakada kar\u015f\u0131la\u015f\u0131rken, teknik adamlar da kendi aralar\u0131nda bir g\u00f6steri ma\u00e7\u0131 yapt\u0131. Keyifli, \u015fenlik havas\u0131nda ger\u00e7ekle\u015fti\u201d dedi.<\/p>\n<p>\u201cB\u00f6yle bir organizasyon i\u00e7in Ba\u015fkan\u0131m\u0131za te\u015fekk\u00fcr ediyoruz\u201d<\/p>\n<p>Uzun y\u0131llar T\u00fcrkiye profesyonel liglerde top oynayan UEFA diplomal\u0131 antren\u00f6r Tarkan \u00d6zy\u0131lmaz, keyifli ge\u00e7en ma\u00e7\u0131n ard\u0131ndan yapt\u0131\u011f\u0131 a\u00e7\u0131klamada, \u201cB\u00f6yle bir organizasyon i\u00e7in Mersin B\u00fcy\u00fck\u015fehir Belediyesi\u2019ne, Ba\u015fkan\u0131m\u0131za, b\u00fct\u00fcn spor birimlerine te\u015fekk\u00fcr ediyoruz. Ba\u015fta Mustafa Kemal Atat\u00fcrk olmak \u00fczere t\u00fcm \u015fehit olan askerlerimize Allah&#8217;tan rahmet diliyoruz. B\u00f6yle g\u00fczel bir g\u00fcn\u00fc bizlere bah\u015fettikleri i\u00e7in \u00e7ok mutluyuz. Covid-19 dolay\u0131s\u0131yla g\u00fczel bir \u015fekilde kutlayamasak da Mersin B\u00fcy\u00fck\u015fehir Belediyesi&#8217;nin yapt\u0131\u011f\u0131 bu g\u00fczel organizasyonla antren\u00f6r arkada\u015flar\u0131m\u0131zla birlikte bir m\u00fcsabaka oynad\u0131k\u201d dedi.<\/p>\n<p>\u201cG\u00fczel bir etkinlik oldu\u201d<\/p>\n<p>Ger\u00e7ekle\u015ftirilen m\u00fcsabakada 1 gol, bir de asist ba\u015far\u0131s\u0131 sa\u011flayan 1925 Akdeniz Spor Kul\u00fcb\u00fc Ba\u015fkan\u0131 Yakup Alt\u0131n\u0131\u015f\u0131k, \u201cPandemi nedeniyle hem sosyolojik hem travmatik a\u00e7\u0131lardan gen\u00e7lerin ya\u015fad\u0131\u011f\u0131 s\u0131k\u0131nt\u0131lar\u0131n hat safhada oldu\u011fu bir d\u00f6nemde Mersin B\u00fcy\u00fck\u015fehir Belediyesi&#8217;nin 19 May\u0131s&#8217;a \u00f6zel bir organizasyon yapmas\u0131, hem biz spor adamlar\u0131 i\u00e7in hem de gen\u00e7ler i\u00e7in g\u00fczel bir etkinlik oldu. Umar\u0131m ilerleyen zamanlarda Mersin B\u00fcy\u00fck\u015fehir Belediyesi buna benzer turnuvalar yapar\u201d ifadelerini kulland\u0131.<\/p>\n<p>\u201cSayg\u0131 \u00e7er\u00e7evesinde, sessiz ve sakin g\u00fczel bir ma\u00e7 yapt\u0131k\u201d<\/p>\n<p>\u201cDostluk kazand\u0131\u201d diyerek s\u00f6ze ba\u015flayan Arpa\u00e7sakarlar Spor Kul\u00fcb\u00fc oyuncusu Ahmet \u00dcnal Benzer, \u201cBiz zaten buraya Atat\u00fcrk gen\u00e7leri olarak geldik. \u00c7ok g\u00fczel bir ma\u00e7 \u00e7\u0131kard\u0131k. Arkada\u015flar\u0131ma te\u015fekk\u00fcr ediyorum. Sayg\u0131 \u00e7er\u00e7evesinde, sessiz ve sakin g\u00fczel bir ma\u00e7 yapt\u0131k. Mersin B\u00fcy\u00fck\u015fehir Belediye Ba\u015fkan\u0131m\u0131z Say\u0131n Vahap Se\u00e7er\u2019e \u00e7ok te\u015fekk\u00fcr ederiz. Ger\u00e7ekten geldi\u011fi g\u00fcnden beri futbola baya\u011f\u0131 destek veriyor, spor aktivitelerini s\u00fcrekli yap\u0131yor. Ba\u015far\u0131lar\u0131n\u0131n devam\u0131n\u0131 diliyoruz\u201d diye konu\u015ftu.<\/p>\n<p>Ormanspor oyuncusu Yasin Alan, \u201cBu t\u00fcr etkinliklerden dolay\u0131 Mersin B\u00fcy\u00fck\u015fehir Belediyesi&#8217;ne te\u015fekk\u00fcr ederiz. Minnettar\u0131z. Pandemiden dolay\u0131 arkada\u015flar\u0131m\u0131zla futbol oynayam\u0131yorduk. Bu etkinlikte bir araya geldik. Gayet g\u00fczeldi. Dostluk havas\u0131nda ge\u00e7ti\u201d ifadelerini kulland\u0131.<\/p>\n<p>\u201cSpora \u00f6nem veren bir Ba\u015fkan\u0131m\u0131z var \u00e7ok \u015f\u00fck\u00fcr\u201d<\/p>\n<p>Akdeniz G\u00fcc\u00fc Spor Kul\u00fcb\u00fc oyuncusu Umut \u00d6zhan ise duygular\u0131n\u0131, \u201cBizim i\u00e7in bu m\u00fcsabakalar g\u00fczel oldu. Farkl\u0131l\u0131k oldu. Kendi arkada\u015flar\u0131m\u0131zla kayna\u015ft\u0131k. B\u00fcy\u00fck\u015fehir Belediyesi\u2019ne te\u015fekk\u00fcr ederiz. G\u00fczeldi, e\u011flenceliydi. Hepimizin kalbinde \u00f6zel bir g\u00fcn 19 May\u0131s Gen\u00e7lik ve Spor Bayram\u0131. Ba\u015fkan\u0131m\u0131za te\u015fekk\u00fcr ediyoruz. Spora \u00f6nem veren bir Ba\u015fkan\u0131m\u0131z var \u00e7ok \u015f\u00fck\u00fcr\u201d s\u00f6zleriyle ifade etti.<\/p>\n<p>Tarsus\u2019ta Gen\u00e7lik Y\u00fcr\u00fcy\u00fc\u015f\u00fc d\u00fczenlendi<\/p>\n<p>Kutlamalar kapsam\u0131nda ayr\u0131ca B\u00fcy\u00fck\u015fehir Belediyesi Kad\u0131n ve Aile Hizmetleri Dairesi\u2019nin organizesi ile \u201c19 May\u0131s Gen\u00e7lik Y\u00fcr\u00fcy\u00fc\u015f\u00fc\u201d d\u00fczenlendi. Mersin ve Tarsus\u2019tan her ya\u015f grubundan yurtta\u015flar\u0131n kat\u0131l\u0131m g\u00f6sterdi\u011fi y\u00fcr\u00fcy\u00fc\u015f, Tarsus\u2019a ba\u011fl\u0131 Dadal\u0131 Mahallesi\u2019nden ba\u015flayarak Berdan Baraj g\u00f6l\u00fc k\u0131y\u0131s\u0131na kadar s\u00fcrd\u00fc.<\/p>\n","protected":false},"excerpt":{"rendered":"<p>Mersin B\u00fcy\u00fck\u015fehir Belediyesi, 19 May\u0131s Atat\u00fcrk\u2019\u00fc Anma, Gen\u00e7lik ve Spor Bayram\u0131 kutlamalar\u0131 kapsam\u0131nda gen\u00e7 futbolcular ve antren\u00f6rler aras\u0131nda dostluk m\u00fcsabakalar\u0131 d\u00fczenledi. B\u00fcy\u00fck\u015fehir Belediyesi Gen\u00e7lik ve Spor Hizmetleri Dairesi\u2019nin koordinesinde ger\u00e7ekle\u015ftirilen &hellip; <a href=\"https:\/\/akdenizolaygazetesi.com\/?p=12444\" class=\"more-link\">Devam\u0131n\u0131 Oku&#8230;<\/a><\/p>\n","protected":false},"author":2,"featured_media":12446,"comment_status":"open","ping_status":"open","sticky":false,"template":"","format":"standard","meta":[],"categories":[1,3,10],"tags":[],"_links":{"self":[{"href":"https:\/\/akdenizolaygazetesi.com\/index.php?rest_route=\/wp\/v2\/posts\/12444"}],"collection":[{"href":"https:\/\/akdenizolaygazetesi.com\/index.php?rest_route=\/wp\/v2\/posts"}],"about":[{"href":"https:\/\/akdenizolaygazetesi.com\/index.php?rest_route=\/wp\/v2\/types\/post"}],"author":[{"embeddable":true,"href":"https:\/\/akdenizolaygazetesi.com\/index.php?rest_route=\/wp\/v2\/users\/2"}],"replies":[{"embeddable":true,"href":"https:\/\/akdenizolaygazetesi.com\/index.php?rest_route=%2Fwp%2Fv2%2Fcomments&post=12444"}],"version-history":[{"count":1,"href":"https:\/\/akdenizolaygazetesi.com\/index.php?rest_route=\/wp\/v2\/posts\/12444\/revisions"}],"predecessor-version":[{"id":12445,"href":"https:\/\/akdenizolaygazetesi.com\/index.php?rest_route=\/wp\/v2\/posts\/12444\/revisions\/12445"}],"wp:featuredmedia":[{"embeddable":true,"href":"https:\/\/akdenizolaygazetesi.com\/index.php?rest_route=\/wp\/v2\/media\/12446"}],"wp:attachment":[{"href":"https:\/\/akdenizolaygazetesi.com\/index.php?rest_route=%2Fwp%2Fv2%2Fmedia&parent=12444"}],"wp:term":[{"taxonomy":"category","embeddable":true,"href":"https:\/\/akdenizolaygazetesi.com\/index.php?rest_route=%2Fwp%2Fv2%2Fcategories&post=12444"},{"taxonomy":"post_tag","embeddable":true,"href":"https:\/\/akdenizolaygazetesi.com\/index.php?rest_route=%2Fwp%2Fv2%2Ftags&post=12444"}],"curies":[{"name":"wp","href":"https:\/\/api.w.org\/{rel}","templated":true}]}}