{"id":12457,"date":"2021-05-21T14:05:14","date_gmt":"2021-05-21T11:05:14","guid":{"rendered":"http:\/\/akdenizolaygazetesi.com\/?p=12457"},"modified":"2021-05-21T14:05:53","modified_gmt":"2021-05-21T11:05:53","slug":"toroslarin-19-mayis-bayram-tiri-milli-duygulari-doruklara-cikardi","status":"publish","type":"post","link":"https:\/\/akdenizolaygazetesi.com\/?p=12457","title":{"rendered":"&#8220;Toroslar&#8217;\u0131n 19 May\u0131s Bayram T\u0131r\u0131, Milli Duygular\u0131 Doruklara \u00c7\u0131kard\u0131&#8221;"},"content":{"rendered":"<p>Toroslar Belediye Ba\u015fkan\u0131 Ats\u0131z Af\u015f\u0131n Y\u0131lmaz, pandeminin g\u00f6lgesinde kutlanan 19 May\u0131s Atat\u00fcrk&#8217;\u00fc Anma, Gen\u00e7lik ve Spor Bayram\u0131&#8217;n\u0131 evlerinde kar\u015f\u0131layan hem\u015fehrilerine, bayram heyecan\u0131n\u0131 doyas\u0131ya ya\u015fatt\u0131.<\/p>\n<p>Toroslar Belediyesi&#8217;nin 19 May\u0131s Bayram\u0131 T\u0131r\u0131, mar\u015flar e\u015fli\u011finde bayraklarla il\u00e7eyi kar\u0131\u015f kar\u0131\u015f dola\u015ft\u0131, sokaklar \u015fenlendi. Ba\u015fkan Y\u0131lmaz da t\u0131r\u0131n \u00fczerinden g\u00f6n\u00fcl selam\u0131 g\u00f6ndererek t\u00fcm gen\u00e7lerin ve hem\u015fehrilerinin bayram\u0131n\u0131 kutlad\u0131.<\/p>\n<p>Ulu \u00d6nder Gazi Mustafa Kemal Atat\u00fcrk&#8217;\u00fcn Samsun&#8217;a \u00e7\u0131karak &#8220;Milli M\u00fccadeleyi&#8221; ba\u015flatmas\u0131n\u0131n 102&#8217;nci y\u0131l d\u00f6n\u00fcm\u00fc, Toroslar Belediyesi&#8217;nin bayram t\u0131r\u0131 ile bu y\u0131l da co\u015fkuya d\u00f6n\u00fc\u015ft\u00fc.<\/p>\n<p>Belediye, bayram co\u015fkusunu mahalle mahalle, sokak sokak evlere ta\u015f\u0131d\u0131. 7&#8217;den 70&#8217;e herkes t\u00fcm ne\u015feleriyle evlerinin \u00f6n\u00fcnden, pencerelerinden, balkonlar\u0131ndan ve i\u015f yerlerinden bu co\u015fkuya kat\u0131ld\u0131.<\/p>\n<p>Toroslar Belediye Ba\u015fkan\u0131 Ats\u0131z Af\u015f\u0131n Y\u0131lmaz da 19 May\u0131s t\u0131r\u0131ndan gen\u00e7leri ve hem\u015fehrilerini selamlayarak bayram\u0131n\u0131 kutlad\u0131.<\/p>\n<p>\u0130l\u00e7enin d\u00f6rt bir yan\u0131nda korteji takip eden vatanda\u015flar\u0131n yo\u011fun ilgi ve sevgisiyle kar\u015f\u0131lanan Ba\u015fkan Y\u0131lmaz, \u00e7ocuklara ve gen\u00e7lere t\u0131r\u0131n \u00fczerinden T\u00fcrk Bayra\u011f\u0131 da\u011f\u0131tt\u0131.<\/p>\n<p>Ba\u015fkan Y\u0131lmaz; &#8220;Bizler Millet Olarak Her T\u00fcrl\u00fc Zorlu\u011fundan \u00dcstesinden Gelmi\u015fiz&#8221;<\/p>\n<p>Sayg\u0131 duru\u015fu ve \u0130stiklal Mar\u015f\u0131&#8217;n\u0131n okunmas\u0131n\u0131n ard\u0131ndan hem\u015fehrilerine seslenen Ba\u015fkan Y\u0131lmaz; &#8220;Hepimizin ezbere bildi\u011fi gibi 19 May\u0131s, Ulu \u00d6nderimiz Gazi Mustafa Kemal Atat\u00fcrk&#8217;\u00fcn milli m\u00fccadeleyi ba\u015flatmak \u00fczere Samsun&#8217;a ad\u0131m att\u0131\u011f\u0131 ve Anadolu insan\u0131n\u0131n kendisine bi\u00e7ilen rol\u00fc kabul etmedi\u011fi g\u00fcnd\u00fcr. Milletimizin ileriye do\u011fru att\u0131\u011f\u0131 ilk ad\u0131md\u0131r. Bu ilk ad\u0131mdan sonra memleketimizin her yerinde organize olmu\u015f Kuvayi Milliyeciler bir araya geldiler ve bu vatan\u0131 kurtard\u0131lar. Bu vatan\u0131 kurtaran kahramanlar, sizlerin, bizlerin dedeleriydi. Ulu \u00d6nderimiz Gazi Mustafa Kemal Atat\u00fcrk, 19 May\u0131s&#8217;\u0131 bayram olarak T\u00fcrk gen\u00e7li\u011fine arma\u011fan etti. 19 May\u0131s&#8217;ta yak\u0131lan me\u015fale o g\u00fcn dedelerimizin ellerindeydi bug\u00fcn ise siz gen\u00e7lerimizin ellerinde. Bizler ve sizler var olduk\u00e7a devletimiz ilelebet payidar kalacakt\u0131r. Bu kutlu m\u00fccadelede kan veren, can veren, al\u0131n teri d\u00f6ken ba\u015fta Cumhuriyetimizin kurucusu Ulu \u00d6nderimiz Gazi Mustafa Kemal Atat\u00fcrk olmak \u00fczere t\u00fcm \u015fehitlerimizi, gazilerimizi rahmetle, minnetle an\u0131yorum. 19 May\u0131s Atat\u00fcrk&#8217;\u00fc Anma, Gen\u00e7lik ve Spor Bayram\u0131m\u0131z kutlu olsun &#8221; diye konu\u015ftu.<\/p>\n<p>Bayram co\u015fkusunu pandemi nedeniyle bu y\u0131l da buruk ya\u015fad\u0131klar\u0131n\u0131 ancak daha sa\u011fl\u0131kl\u0131 g\u00fcnlerde yine meydanlarda hep beraber kutlamay\u0131 temenni ettiklerini kaydeden Ba\u015fkan Y\u0131lmaz; &#8220;Bizler her t\u00fcrl\u00fc zorluklardan mucize \u00e7\u0131karmay\u0131 bilen bir milletiz. Pandemi \u015fartlar\u0131nda bu co\u015fkuya ortak olan t\u00fcm hem\u015fehrilerimize ayr\u0131 ayr\u0131 te\u015fekk\u00fcr ederim&#8221; ifadelerini kulland\u0131.<\/p>\n","protected":false},"excerpt":{"rendered":"<p>Toroslar Belediye Ba\u015fkan\u0131 Ats\u0131z Af\u015f\u0131n Y\u0131lmaz, pandeminin g\u00f6lgesinde kutlanan 19 May\u0131s Atat\u00fcrk&#8217;\u00fc Anma, Gen\u00e7lik ve Spor Bayram\u0131&#8217;n\u0131 evlerinde kar\u015f\u0131layan hem\u015fehrilerine, bayram heyecan\u0131n\u0131 doyas\u0131ya ya\u015fatt\u0131. Toroslar Belediyesi&#8217;nin 19 May\u0131s Bayram\u0131 T\u0131r\u0131, &hellip; <a href=\"https:\/\/akdenizolaygazetesi.com\/?p=12457\" class=\"more-link\">Devam\u0131n\u0131 Oku&#8230;<\/a><\/p>\n","protected":false},"author":2,"featured_media":12459,"comment_status":"open","ping_status":"open","sticky":false,"template":"","format":"standard","meta":[],"categories":[34,1,2,3],"tags":[],"_links":{"self":[{"href":"https:\/\/akdenizolaygazetesi.com\/index.php?rest_route=\/wp\/v2\/posts\/12457"}],"collection":[{"href":"https:\/\/akdenizolaygazetesi.com\/index.php?rest_route=\/wp\/v2\/posts"}],"about":[{"href":"https:\/\/akdenizolaygazetesi.com\/index.php?rest_route=\/wp\/v2\/types\/post"}],"author":[{"embeddable":true,"href":"https:\/\/akdenizolaygazetesi.com\/index.php?rest_route=\/wp\/v2\/users\/2"}],"replies":[{"embeddable":true,"href":"https:\/\/akdenizolaygazetesi.com\/index.php?rest_route=%2Fwp%2Fv2%2Fcomments&post=12457"}],"version-history":[{"count":2,"href":"https:\/\/akdenizolaygazetesi.com\/index.php?rest_route=\/wp\/v2\/posts\/12457\/revisions"}],"predecessor-version":[{"id":12460,"href":"https:\/\/akdenizolaygazetesi.com\/index.php?rest_route=\/wp\/v2\/posts\/12457\/revisions\/12460"}],"wp:featuredmedia":[{"embeddable":true,"href":"https:\/\/akdenizolaygazetesi.com\/index.php?rest_route=\/wp\/v2\/media\/12459"}],"wp:attachment":[{"href":"https:\/\/akdenizolaygazetesi.com\/index.php?rest_route=%2Fwp%2Fv2%2Fmedia&parent=12457"}],"wp:term":[{"taxonomy":"category","embeddable":true,"href":"https:\/\/akdenizolaygazetesi.com\/index.php?rest_route=%2Fwp%2Fv2%2Fcategories&post=12457"},{"taxonomy":"post_tag","embeddable":true,"href":"https:\/\/akdenizolaygazetesi.com\/index.php?rest_route=%2Fwp%2Fv2%2Ftags&post=12457"}],"curies":[{"name":"wp","href":"https:\/\/api.w.org\/{rel}","templated":true}]}}