{"id":12468,"date":"2021-05-21T14:12:21","date_gmt":"2021-05-21T11:12:21","guid":{"rendered":"http:\/\/akdenizolaygazetesi.com\/?p=12468"},"modified":"2021-05-21T14:12:26","modified_gmt":"2021-05-21T11:12:26","slug":"kaykayci-gencler-enerjilerini-guvenli-sekilde-atabilecek","status":"publish","type":"post","link":"https:\/\/akdenizolaygazetesi.com\/?p=12468","title":{"rendered":"KAYKAYCI GEN\u00c7LER ENERJ\u0130LER\u0130N\u0130 G\u00dcVENL\u0130 \u015eEK\u0130LDE ATAB\u0130LECEK"},"content":{"rendered":"<p>Mersin B\u00fcy\u00fck\u015fehir Belediyesi, son y\u0131llarda gen\u00e7lerin olduk\u00e7a ilgi g\u00f6sterdi\u011fi kaykay, paten ve akrobasi dal\u0131nda bisiklet kullananlar\u0131n g\u00fcvenli s\u00fcr\u00fc\u015f yapabilmeleri ve zaman ge\u00e7irebilmeleri i\u00e7in biri Mersin merkezde, di\u011feri Tarsus\u2019ta olmak \u00fczere iki adet Skate Park\u2013kaykay pisti tesis etti.<\/p>\n<p>Gen\u00e7lerin yeni mekan\u0131: Skate Park<\/p>\n<p>Mersin\u2019de K\u00fclt\u00fcr Park i\u00e7erisinde, Tarsus\u2019ta ise Altayl\u0131lar Mahallesi \u00d6t\u00fcken Park\u0131 i\u00e7erisinde in\u015fa \u00e7al\u0131\u015fmalar\u0131 tamamlanan kaykay pistleri hizmete a\u00e7\u0131ld\u0131. Tarsuslu gen\u00e7lerin u\u011frak yerlerinden olacak park\u0131n ad\u0131na \u2018Tarsus Rampark\u2019 ad\u0131 verildi. B\u00fcy\u00fck\u015fehir\u2019in 19 May\u0131s Atat\u00fcrk\u2019\u00fc Anma, Gen\u00e7lik ve Spor Bayram\u0131 etkinlikleri kapsam\u0131nda yapt\u0131\u011f\u0131 a\u00e7\u0131l\u0131\u015fla birlikte alana gen\u00e7ler yo\u011fun ilgi g\u00f6sterdi.<\/p>\n<p>\u201c\u00c7ocuklar\u0131m\u0131z burada enerjilerini atabiliyorlar\u201d<\/p>\n<p>B\u00fcy\u00fck\u015fehir Belediyesi Gen\u00e7lik ve Spor Hizmetleri Dairesi Ba\u015fkan\u0131 Ahmet Tarak\u00e7\u0131, Mersin ve Tarsus\u2019taki Skate Park\u2019lar\u0131n paten, kaykay, bisiklet sporlar\u0131 ve bisiklet akrobasisine ilgi duyan gen\u00e7lerin kullanabilece\u011fi alanlar oldu\u011funu ifade ederek, \u201cSon derece modern, donan\u0131ml\u0131. \u00c7ocuklar\u0131m\u0131z burada enerjilerini atabiliyorlar. G\u00fczel olan taraf\u0131 da \u00e7ocuklar\u0131m\u0131z\u0131n sokaklardan, caddelerden, k\u0131y\u0131 kenarlardan, kahve k\u00f6\u015felerinden kurtulup, bu alanlarda hem enerjilerini atmalar\u0131 hem hareketli bir bran\u015f olmas\u0131 sebebiyle kaslar\u0131n\u0131 kuvvetlendirebilmeleri. Hem zihinlerini bo\u015faltan hem de v\u00fccutlar\u0131n\u0131n geli\u015fmesine katk\u0131 sa\u011flayan \u00e7ok efektif bir parkurumuz oldu\u201d dedi.<\/p>\n<p>Kaykayc\u0131 gen\u00e7lere seslenen Altayl\u0131lar Mahallesi Muhtar\u0131 Perihan \u00d6zcan, gen\u00e7lerin g\u00fcvenle paten ve bisiklete binebileceklerini belirterek, \u201cSokaklarda, caddelerde, arabalar\u0131n otob\u00fcslerin arkas\u0131nda sizleri g\u00f6r\u00fcnce benim kalbimin ritmi de\u011fi\u015fiyor. \u00c7ok korkuyorum ki bir annenin, bir baban\u0131n, hele sizin can\u0131n\u0131z yanmas\u0131n\u0131 hi\u00e7 istemiyorum\u201d diye konu\u015ftu.<\/p>\n<p>\u201cBurada yap\u0131lan \u015feyler, sizler i\u00e7in\u201d<\/p>\n<p>B\u00fcy\u00fck\u015fehir Belediyesi Meclis \u00dcyesi ve Tarsus-\u00c7aml\u0131yayla Koordinasyon Sorumlusu Ali Bolta\u00e7, gen\u00e7lerin \u00e7ok \u00f6nemli oldu\u011funu vurgulayarak, onlara \u201cBurada yap\u0131lan \u015feyler sizler i\u00e7in. Arkada\u015flar ger\u00e7ek anlamda sizler, bizler i\u00e7in \u00e7ok \u00f6nemlisiniz. Aya\u011f\u0131n\u0131za ta\u015f de\u011fsin istemeyiz. Bu y\u00fczden ki elimizden geldi\u011fince ne yap\u0131yorsak sizler i\u00e7in yap\u0131yoruz\u201d dedi. Gen\u00e7lere seslenen CHP Tarsus \u0130l\u00e7e Ba\u015fkan\u0131 Ozan Varal ise \u201cMersin B\u00fcy\u00fck\u015fehir Belediye Ba\u015fkan\u0131m\u0131z Say\u0131n Vahap Se\u00e7er, bayram\u0131 sizin i\u00e7in s\u00fcrd\u00fcrmeye devam ediyor. Gen\u00e7lere verdi\u011fi s\u00f6z\u00fc yerine getirmenin mutlulu\u011funu ya\u015f\u0131yoruz\u201d diye konu\u015ftu.<\/p>\n","protected":false},"excerpt":{"rendered":"<p>Mersin B\u00fcy\u00fck\u015fehir Belediyesi, son y\u0131llarda gen\u00e7lerin olduk\u00e7a ilgi g\u00f6sterdi\u011fi kaykay, paten ve akrobasi dal\u0131nda bisiklet kullananlar\u0131n g\u00fcvenli s\u00fcr\u00fc\u015f yapabilmeleri ve zaman ge\u00e7irebilmeleri i\u00e7in biri Mersin merkezde, di\u011feri Tarsus\u2019ta olmak \u00fczere &hellip; <a href=\"https:\/\/akdenizolaygazetesi.com\/?p=12468\" class=\"more-link\">Devam\u0131n\u0131 Oku&#8230;<\/a><\/p>\n","protected":false},"author":2,"featured_media":12469,"comment_status":"open","ping_status":"open","sticky":false,"template":"","format":"standard","meta":[],"categories":[3,10],"tags":[],"_links":{"self":[{"href":"https:\/\/akdenizolaygazetesi.com\/index.php?rest_route=\/wp\/v2\/posts\/12468"}],"collection":[{"href":"https:\/\/akdenizolaygazetesi.com\/index.php?rest_route=\/wp\/v2\/posts"}],"about":[{"href":"https:\/\/akdenizolaygazetesi.com\/index.php?rest_route=\/wp\/v2\/types\/post"}],"author":[{"embeddable":true,"href":"https:\/\/akdenizolaygazetesi.com\/index.php?rest_route=\/wp\/v2\/users\/2"}],"replies":[{"embeddable":true,"href":"https:\/\/akdenizolaygazetesi.com\/index.php?rest_route=%2Fwp%2Fv2%2Fcomments&post=12468"}],"version-history":[{"count":1,"href":"https:\/\/akdenizolaygazetesi.com\/index.php?rest_route=\/wp\/v2\/posts\/12468\/revisions"}],"predecessor-version":[{"id":12470,"href":"https:\/\/akdenizolaygazetesi.com\/index.php?rest_route=\/wp\/v2\/posts\/12468\/revisions\/12470"}],"wp:featuredmedia":[{"embeddable":true,"href":"https:\/\/akdenizolaygazetesi.com\/index.php?rest_route=\/wp\/v2\/media\/12469"}],"wp:attachment":[{"href":"https:\/\/akdenizolaygazetesi.com\/index.php?rest_route=%2Fwp%2Fv2%2Fmedia&parent=12468"}],"wp:term":[{"taxonomy":"category","embeddable":true,"href":"https:\/\/akdenizolaygazetesi.com\/index.php?rest_route=%2Fwp%2Fv2%2Fcategories&post=12468"},{"taxonomy":"post_tag","embeddable":true,"href":"https:\/\/akdenizolaygazetesi.com\/index.php?rest_route=%2Fwp%2Fv2%2Ftags&post=12468"}],"curies":[{"name":"wp","href":"https:\/\/api.w.org\/{rel}","templated":true}]}}