{"id":12471,"date":"2021-05-21T14:16:50","date_gmt":"2021-05-21T11:16:50","guid":{"rendered":"http:\/\/akdenizolaygazetesi.com\/?p=12471"},"modified":"2021-05-21T14:16:54","modified_gmt":"2021-05-21T11:16:54","slug":"ozgurluk-mahalle-evinin-zemin-kati-aile-sagligi-merkezine-donusuyor","status":"publish","type":"post","link":"https:\/\/akdenizolaygazetesi.com\/?p=12471","title":{"rendered":"\u00d6zg\u00fcrl\u00fck Mahalle Evi\u2019nin zemin kat\u0131, Aile Sa\u011fl\u0131\u011f\u0131 Merkezine d\u00f6n\u00fc\u015f\u00fcyor"},"content":{"rendered":"<p>Akdeniz Belediye Meclisi\u2019nce al\u0131nan kararla, \u00d6zg\u00fcrl\u00fck Mahallesi\u2019ne yeni bir aile sa\u011fl\u0131\u011f\u0131 merkezi kazand\u0131r\u0131lacak. Yo\u011fun tar\u0131msal ve hayvansal \u00fcretim ve kapasiteye sahip olan Akdeniz il\u00e7esinde,  belediye b\u00fcnyesinde \u2018Tar\u0131msal Hizmetler M\u00fcd\u00fcrl\u00fc\u011f\u00fc\u2019 kurulacak.<br \/>\nAkdeniz Belediye Meclisi, May\u0131s ay\u0131 ikinci birle\u015fimini, Mustafa G\u00fcltak Ba\u015fkanl\u0131\u011f\u0131\u2019nda ger\u00e7ekle\u015ftirdi. Yoklama, Sayg\u0131 Duru\u015fu ve \u0130stiklal Mar\u015f\u0131 ile ba\u015flayan toplant\u0131, bir \u00f6nceki birle\u015fim tutanak \u00f6zetinin kabul\u00fcyle s\u00fcrd\u00fc. Ard\u0131ndan Meclis\u2019e gelen; 2020 Mali Y\u0131l\u0131 Kesin hesab\u0131n\u0131 i\u00e7eren komisyon raporlar\u0131n\u0131n g\u00f6r\u00fc\u015f\u00fclerek oybirli\u011fiyle kabul edildi.<br \/>\n\u00d6zg\u00fcrl\u00fck Mahalle Evi\u2019nin zemin kat\u0131, Aile Sa\u011fl\u0131\u011f\u0131 Merkezine d\u00f6n\u00fc\u015f\u00fcyor<br \/>\nToplant\u0131da; Mersin \u0130l Sa\u011fl\u0131k M\u00fcd\u00fcrl\u00fc\u011f\u00fc\u2019n\u00fcn yaz\u0131s\u0131 ile m\u00fclkiyeti belediyeye ait \u00d6zg\u00fcrl\u00fck Mahallesi\u2019nde bulunan mahalle evinin zemin kat\u0131n\u0131n, Aile Sa\u011fl\u0131\u011f\u0131 Merkezi yap\u0131lmas\u0131 i\u00e7in bedelsiz tahsisi ile ilgili komisyonlardan oybirli\u011fiyle gelen rapor da g\u00f6r\u00fc\u015f\u00fcld\u00fc. Rapor, Meclis \u00fcyelerinin de oybirli\u011fiyle kabul edildi.<br \/>\nBa\u015fkan G\u00fcltak\u2019tan Meclis \u00fcyelerine te\u015fekk\u00fcr<br \/>\nS\u00f6z alarak Meclis \u00fcyelerine te\u015fekk\u00fcr eden Ba\u015fkan Mustafa G\u00fcltak; \u201c\u00d6zg\u00fcrl\u00fck; bir yandan \u00c7ilek, bir yandan Hal Mahallesi\u2019nden hizmet alan arada kalm\u0131\u015f bir mahallemizdi. Kad\u0131nlar\u0131n, \u00e7ocuklar\u0131n \u0131zd\u0131rab\u0131 idi bu. B\u00f6lgede uygun hazine arazisi arad\u0131k ama maalesef bulamad\u0131k.  Biz de belediyemize ait binay\u0131 de\u011ferlendirdik. \u00c7\u00fcnk\u00fc kad\u0131nlar ve \u00e7ocuklar\u0131m\u0131z ba\u015fta olmak \u00fczere vatanda\u015flar\u0131m\u0131z ciddi ma\u011fduriyet ya\u015f\u0131yordu. \u0130n\u015fallah zemin kat\u0131nda g\u00fczel bir tadilat yap\u0131p, tahmin ediyorum, iki hekimlik bir aile sa\u011fl\u0131\u011f\u0131 merkezi olacak. Mahallenin n\u00fcfusu uygun, g\u00fczel bir hizmet olacak. Desteklerinden dolay\u0131 Meclis \u00fcyelerimize tekrar te\u015fekk\u00fcr ediyorum\u201d \u015feklinde konu\u015ftu.<br \/>\nAkdeniz\u2019de, \u2018Tar\u0131msal Hizmetler M\u00fcd\u00fcrl\u00fc\u011f\u00fc\u2019 kurulacak<br \/>\nToplant\u0131da; Meclis \u00dcyesi Halil Kara\u2019n\u0131n, 65 mahallesi olan ve 40 mahallesinde yo\u011fun \u015fekilde tar\u0131m ve hayvanc\u0131l\u0131k faaliyetleri y\u00fcr\u00fct\u00fclen Akdeniz il\u00e7esinde, belediye b\u00fcnyesinde \u2018Tar\u0131msal Hizmetler M\u00fcd\u00fcrl\u00fc\u011f\u00fc\u2019 kurulmas\u0131 ile ilgili komisyonlardan gelen raporlar g\u00f6r\u00fc\u015f\u00fcld\u00fc. Komisyonlarda kabul edilen rapor, Meclis \u00fcyelerince de oybirli\u011fiyle kabul edildi. Ba\u015fkan G\u00fcltak\u2019\u0131n talimat\u0131 \u00fczerine, belediye b\u00fcnyesinde s\u00f6z konusu m\u00fcd\u00fcrl\u00fc\u011f\u00fcn kurulmas\u0131 i\u00e7in gerekli giri\u015fimler ba\u015flat\u0131ld\u0131.<\/p>\n<p>\u015eehidin ad\u0131, ailesinin ya\u015fad\u0131\u011f\u0131 mahalledeki parka verilecek<br \/>\nYine Meclis \u00fcyesi Tufan Nenni\u2019nin; Huzurkent Bah\u015fi\u015f, Kulak, K\u00f6selerli, Gazi ve Nacarl\u0131 Mahalle Muhtarlar\u0131n\u0131n talebi \u00fczerine, Adnan Menderes\u2019te bulunan \u2018\u015eehit Ramazan Bah\u015fi\u015f Park\u0131\u2019n\u0131n; Bah\u015fi\u015f Mahallesi\u2019nde bulunan \u00d6zg\u00fcr \u00c7ocuk Park\u0131 ile sadece isimlerinin yer de\u011fi\u015ftirilmesi ile ilgili teklifi i\u00e7eren komisyon raporlar\u0131 g\u00f6r\u00fc\u015f\u00fcld\u00fc. Komisyonlardan oybirli\u011fiyle gelen teklif, Meclis \u00fcyelerinin yine oybirli\u011fiyle kabul edildi.<br \/>\nKarara ba\u011flanan di\u011fer baz\u0131 g\u00fcndem maddeleri<br \/>\nMeclis\u2019te; Nusratiye Mahallesi 836 ada, 71 parselde Akdeniz B\u00f6lge Komutanl\u0131\u011f\u0131 sorumlulu\u011funda olan alanda Milli Savunma Bakanl\u0131\u011f\u0131 taraf\u0131ndan haz\u0131rlanan \u201cAskeri Alan\u201d ama\u00e7l\u0131 1\/5000 \u00f6l\u00e7ekli naz\u0131m imar plan\u0131 ve 1\/1000 \u00f6l\u00e7ekli uygulama imar plan\u0131 teklifine esas kurum g\u00f6r\u00fc\u015f\u00fc ile ilgili teklifi i\u00e7eren g\u00fcndem de g\u00f6r\u00fc\u015f\u00fcld\u00fc. G\u00fcndemle ile ilgili komisyona ek s\u00fcre verilmesine oybirli\u011fiyle karar verildi.<br \/>\nToplant\u0131da ayr\u0131ca, Bah\u00e7e ve Bar\u0131\u015f Mahalleleri Kentsel D\u00f6n\u00fc\u015f\u00fcm ve Geli\u015fim Proje Alan\u0131 1. B\u00f6lgede onaylanan 1\/5000 \u00d6l\u00e7ekli Revizyon Naz\u0131m \u0130mar Plan\u0131na uygun olarak haz\u0131rlanan 1\/1000 \u00d6l\u00e7ekli Revizyon Uygulama \u0130mar Plan\u0131 ile ilgili teklifini i\u00e7eren komisyon raporlar\u0131 da g\u00f6r\u00fc\u015f\u00fcld\u00fc. S\u00f6z konusu g\u00fcndem maddesi ile ilgili olarak komisyona yine ek s\u00fcre verilmesi karar\u0131 oybirli\u011fiyle al\u0131nd\u0131.<br \/>\nAkdeniz Belediye Meclisi\u2019nin bir sonraki toplant\u0131s\u0131; 1 Haziran 2021 Sal\u0131 g\u00fcn\u00fc saat 10:00\u2019da, belediye konferans salonunda d\u00fczenlenecek.<\/p>\n","protected":false},"excerpt":{"rendered":"<p>Akdeniz Belediye Meclisi\u2019nce al\u0131nan kararla, \u00d6zg\u00fcrl\u00fck Mahallesi\u2019ne yeni bir aile sa\u011fl\u0131\u011f\u0131 merkezi kazand\u0131r\u0131lacak. Yo\u011fun tar\u0131msal ve hayvansal \u00fcretim ve kapasiteye sahip olan Akdeniz il\u00e7esinde, belediye b\u00fcnyesinde \u2018Tar\u0131msal Hizmetler M\u00fcd\u00fcrl\u00fc\u011f\u00fc\u2019 kurulacak. &hellip; <a href=\"https:\/\/akdenizolaygazetesi.com\/?p=12471\" class=\"more-link\">Devam\u0131n\u0131 Oku&#8230;<\/a><\/p>\n","protected":false},"author":2,"featured_media":12472,"comment_status":"open","ping_status":"open","sticky":false,"template":"","format":"standard","meta":[],"categories":[1,3,5,6],"tags":[],"_links":{"self":[{"href":"https:\/\/akdenizolaygazetesi.com\/index.php?rest_route=\/wp\/v2\/posts\/12471"}],"collection":[{"href":"https:\/\/akdenizolaygazetesi.com\/index.php?rest_route=\/wp\/v2\/posts"}],"about":[{"href":"https:\/\/akdenizolaygazetesi.com\/index.php?rest_route=\/wp\/v2\/types\/post"}],"author":[{"embeddable":true,"href":"https:\/\/akdenizolaygazetesi.com\/index.php?rest_route=\/wp\/v2\/users\/2"}],"replies":[{"embeddable":true,"href":"https:\/\/akdenizolaygazetesi.com\/index.php?rest_route=%2Fwp%2Fv2%2Fcomments&post=12471"}],"version-history":[{"count":2,"href":"https:\/\/akdenizolaygazetesi.com\/index.php?rest_route=\/wp\/v2\/posts\/12471\/revisions"}],"predecessor-version":[{"id":12474,"href":"https:\/\/akdenizolaygazetesi.com\/index.php?rest_route=\/wp\/v2\/posts\/12471\/revisions\/12474"}],"wp:featuredmedia":[{"embeddable":true,"href":"https:\/\/akdenizolaygazetesi.com\/index.php?rest_route=\/wp\/v2\/media\/12472"}],"wp:attachment":[{"href":"https:\/\/akdenizolaygazetesi.com\/index.php?rest_route=%2Fwp%2Fv2%2Fmedia&parent=12471"}],"wp:term":[{"taxonomy":"category","embeddable":true,"href":"https:\/\/akdenizolaygazetesi.com\/index.php?rest_route=%2Fwp%2Fv2%2Fcategories&post=12471"},{"taxonomy":"post_tag","embeddable":true,"href":"https:\/\/akdenizolaygazetesi.com\/index.php?rest_route=%2Fwp%2Fv2%2Ftags&post=12471"}],"curies":[{"name":"wp","href":"https:\/\/api.w.org\/{rel}","templated":true}]}}